{"id":108291,"date":"2025-02-25T09:32:10","date_gmt":"2025-02-25T09:32:10","guid":{"rendered":"https:\/\/www.automakersnews.cz\/?p=108291"},"modified":"2025-02-25T09:32:10","modified_gmt":"2025-02-25T09:32:10","slug":"startuje-matejska-pout-potrva-az-do-dubna","status":"publish","type":"post","link":"https:\/\/www.automakersnews.cz\/index.php\/2025\/02\/25\/startuje-matejska-pout-potrva-az-do-dubna\/","title":{"rendered":"Startuje Mat\u011bjsk\u00e1 pou\u0165, potrv\u00e1 a\u017e do dubna"},"content":{"rendered":"<p><strong>Na pra\u017esk\u00e9 V\u00fdstavi\u0161t\u011b se v sobotu vr\u00e1tila Mat\u011bjsk\u00e1 pou\u0165. Br\u00e1ny nejstar\u0161\u00ed evropsk\u00e9 pout\u011b budou otev\u0159en\u00e9 do 21. dubna. I letos se mohou n\u00e1v\u0161t\u011bvn\u00edci t\u011b\u0161it na mnoho novinek. Novin\u00e1\u0159e s nimi sezn\u00e1mili p\u0159\u00edslu\u0161n\u00edci po\u0159\u00e1daj\u00edc\u00ed rodiny Ko\u010dkov\u00fdch, Eva Ko\u010dkov\u00e1 a V\u00e1clav Ko\u010dka nejmlad\u0161\u00ed.<\/strong><span id=\"more-229\"><\/span><!--more--><\/p>\n<p>P\u0159es sto atrakc\u00ed, v\u010detn\u011b horsk\u00e9 dr\u00e1hy Cyklon, kter\u00e1 se vrac\u00ed po sedmi letech. Zat\u00edmco Cyklon nadchne p\u0159edev\u0161\u00edm adrenalinov\u00e9 nad\u0161ence, nebude chyb\u011bt ani 80metrov\u00fd \u0159et\u00edz\u00e1k Around The World XXL, horsk\u00e1 dr\u00e1ha Super Mouse, Joker extreme, 50metrov\u00e9 Ob\u0159\u00ed kolo a nebo 28metrov\u00e9 ob\u0159\u00ed kolo v horn\u00ed \u010d\u00e1sti are\u00e1lu. Chyb\u011bt nebudou klasick\u00e9 holandsk\u00e9 i \u010desk\u00e9 atrakce. Mezi novinky se \u0159ad\u00ed Centrifuga \u010di Kino \u201eSuper Cinema.\u201c \u201eSamoz\u0159ejm\u011b zde m\u00e1me v\u0161echny ostatn\u00ed atrakce, na kter\u00e9 jsou lid\u00e9 zvykl\u00ed,\u201c p\u0159ibl\u00ed\u017eil V\u00e1clav Ko\u010dka nejmlad\u0161\u00ed.<\/p>\n<p><img loading=\"lazy\" decoding=\"async\" class=\"alignnone size-medium wp-image-233\" src=\"http:\/\/www.partyweb.cz\/wp-content\/uploads\/2025\/02\/Matejska-Kockovi-300x169.jpg\" sizes=\"auto, (max-width: 300px) 100vw, 300px\" srcset=\"https:\/\/www.partyweb.cz\/wp-content\/uploads\/2025\/02\/Matejska-Kockovi-300x169.jpg 300w, https:\/\/www.partyweb.cz\/wp-content\/uploads\/2025\/02\/Matejska-Kockovi-1024x576.jpg 1024w, https:\/\/www.partyweb.cz\/wp-content\/uploads\/2025\/02\/Matejska-Kockovi-768x432.jpg 768w, https:\/\/www.partyweb.cz\/wp-content\/uploads\/2025\/02\/Matejska-Kockovi-1536x864.jpg 1536w, https:\/\/www.partyweb.cz\/wp-content\/uploads\/2025\/02\/Matejska-Kockovi-1280x720.jpg 1280w, https:\/\/www.partyweb.cz\/wp-content\/uploads\/2025\/02\/Matejska-Kockovi.jpg 1584w\" alt=\"\" width=\"300\" height=\"169\" \/><\/p>\n<p><strong>P\u0159i parkov\u00e1n\u00ed po\u010d\u00edtejte s komplikacemi<\/strong><\/p>\n<p>Organiz\u00e1to\u0159i varovali p\u0159ed mo\u017en\u00fdmi komplikacemi s parkov\u00e1n\u00edm. Na v\u00fdstavi\u0161ti toti\u017e prob\u00edhaj\u00ed stavebn\u00ed pr\u00e1ce. V p\u0159\u00edpad\u011b probl\u00e9m\u016f tak doporu\u010duj\u00ed parkovat v ulic\u00edch Za Elektr\u00e1rnou nebo v nedalek\u00e9m obchodn\u00edm centru Stromovka \u010di na Letensk\u00e9 pl\u00e1ni.<\/p>\n<p>Pra\u017esk\u00fd dopravn\u00ed podnik o v\u00edkendu 22. a 23. \u00fanora kv\u016fli za\u010d\u00e1tku Mat\u011bjsk\u00e9 pouti pos\u00edl\u00ed tramvajovou dopravu, kdy\u017e zavede linku \u010d\u00edslo 36 v trase B\u00edl\u00e1 labu\u0165 \u2013 N\u00e1m\u011bst\u00ed Republiky \u2013 Dlouh\u00e1 t\u0159\u00edda \u2013 N\u00e1b\u0159e\u017e\u00ed Kapit\u00e1na Jaro\u0161e \u2013 Strossmayerovo n\u00e1m\u011bst\u00ed \u2013 Veletr\u017en\u00ed pal\u00e1c \u2013 V\u00fdstavi\u0161t\u011b. Linka bude v provozu po oba dny v\u017edy p\u0159ibli\u017en\u011b od 13:00 do 20:00 v intervalu 15 minut.\u201c<\/p>\n<p><strong>Vstupn\u00e9 a cena atrakc\u00ed<\/strong><\/p>\n<p>Vstupn\u00e9 z\u016fst\u00e1v\u00e1 stejn\u00e9 jako loni \u2013 o v\u00edkendu stoj\u00ed vstup do are\u00e1lu 30 korun, ve v\u0161edn\u00ed dny je zdarma. Od \u00fater\u00fd do ned\u011ble vstupn\u00e9 zdarma pro osoby s pr\u016fkazem ZTP, ZTP\/P s doprovodem a d\u011bti do 120 centimetr\u016f. Pokud jde o ceny atrakc\u00ed, budou se pohybovat mezi \u0161edes\u00e1ti a dv\u011bst\u011b\u0161edes\u00e1ti korunami. \u201cZdra\u017eov\u00e1n\u00ed jsme projedn\u00e1vali s majiteli atrakc\u00ed. Aktu\u00e1ln\u011b budou atrakce za stejn\u00e9 ceny jako v lo\u0148sk\u00e9m roce,\u201d uvedla Eva Ko\u010dkov\u00e1.<\/p>\n<p>Uskute\u010dn\u00ed se i tradi\u010dn\u00ed den pro handicapovan\u00e9 d\u011bti a d\u011bti z d\u011btsk\u00fdch a azylov\u00fdch domov\u016f a to 17. b\u0159ezna. Stejn\u011b jako v minul\u00fdch letech, i letos budou m\u00edt d\u011bti atrakce od 11 do 14 hodiny zdarma a n\u00e1sledovat bude koncert na K\u0159i\u017e\u00edkov\u011b font\u00e1n\u011b.<\/p>\n<p><strong>Text a foto Bohumil Brej\u017eek<\/strong><\/p>\n<p><img loading=\"lazy\" decoding=\"async\" class=\"alignnone size-medium wp-image-232\" src=\"http:\/\/www.partyweb.cz\/wp-content\/uploads\/2025\/02\/Matejska-plakat-300x300.jpg\" sizes=\"auto, (max-width: 300px) 100vw, 300px\" srcset=\"https:\/\/www.partyweb.cz\/wp-content\/uploads\/2025\/02\/Matejska-plakat-300x300.jpg 300w, https:\/\/www.partyweb.cz\/wp-content\/uploads\/2025\/02\/Matejska-plakat-150x150.jpg 150w, https:\/\/www.partyweb.cz\/wp-content\/uploads\/2025\/02\/Matejska-plakat.jpg 600w\" alt=\"\" width=\"300\" height=\"300\" \/><\/p>\n","protected":false},"excerpt":{"rendered":"<div class=\"mh-excerpt\"><p>Na pra\u017esk\u00e9 V\u00fdstavi\u0161t\u011b se v sobotu vr\u00e1tila Mat\u011bjsk\u00e1 pou\u0165. Br\u00e1ny nejstar\u0161\u00ed evropsk\u00e9 pout\u011b budou otev\u0159en\u00e9 do 21. dubna. I letos se mohou n\u00e1v\u0161t\u011bvn\u00edci t\u011b\u0161it na <a class=\"mh-excerpt-more\" href=\"https:\/\/www.automakersnews.cz\/index.php\/2025\/02\/25\/startuje-matejska-pout-potrva-az-do-dubna\/\" title=\"Startuje Mat\u011bjsk\u00e1 pou\u0165, potrv\u00e1 a\u017e do dubna\">[&#8230;]<\/a><\/p>\n<\/div>","protected":false},"author":1,"featured_media":108292,"comment_status":"open","ping_status":"open","sticky":false,"template":"","format":"standard","meta":{"footnotes":""},"categories":[10],"tags":[],"class_list":["post-108291","post","type-post","status-publish","format-standard","has-post-thumbnail","hentry","category-eventy"],"_links":{"self":[{"href":"https:\/\/www.automakersnews.cz\/index.php\/wp-json\/wp\/v2\/posts\/108291","targetHints":{"allow":["GET"]}}],"collection":[{"href":"https:\/\/www.automakersnews.cz\/index.php\/wp-json\/wp\/v2\/posts"}],"about":[{"href":"https:\/\/www.automakersnews.cz\/index.php\/wp-json\/wp\/v2\/types\/post"}],"author":[{"embeddable":true,"href":"https:\/\/www.automakersnews.cz\/index.php\/wp-json\/wp\/v2\/users\/1"}],"replies":[{"embeddable":true,"href":"https:\/\/www.automakersnews.cz\/index.php\/wp-json\/wp\/v2\/comments?post=108291"}],"version-history":[{"count":1,"href":"https:\/\/www.automakersnews.cz\/index.php\/wp-json\/wp\/v2\/posts\/108291\/revisions"}],"predecessor-version":[{"id":108293,"href":"https:\/\/www.automakersnews.cz\/index.php\/wp-json\/wp\/v2\/posts\/108291\/revisions\/108293"}],"wp:featuredmedia":[{"embeddable":true,"href":"https:\/\/www.automakersnews.cz\/index.php\/wp-json\/wp\/v2\/media\/108292"}],"wp:attachment":[{"href":"https:\/\/www.automakersnews.cz\/index.php\/wp-json\/wp\/v2\/media?parent=108291"}],"wp:term":[{"taxonomy":"category","embeddable":true,"href":"https:\/\/www.automakersnews.cz\/index.php\/wp-json\/wp\/v2\/categories?post=108291"},{"taxonomy":"post_tag","embeddable":true,"href":"https:\/\/www.automakersnews.cz\/index.php\/wp-json\/wp\/v2\/tags?post=108291"}],"curies":[{"name":"wp","href":"https:\/\/api.w.org\/{rel}","templated":true}]}}