{"id":108294,"date":"2025-03-10T08:39:21","date_gmt":"2025-03-10T08:39:21","guid":{"rendered":"https:\/\/www.automakersnews.cz\/?p=108294"},"modified":"2025-03-10T08:39:21","modified_gmt":"2025-03-10T08:39:21","slug":"vychazi-importersky-special-automakers-2025","status":"publish","type":"post","link":"https:\/\/www.automakersnews.cz\/index.php\/2025\/03\/10\/vychazi-importersky-special-automakers-2025\/","title":{"rendered":"Vych\u00e1z\u00ed Import\u00e9rsk\u00fd speci\u00e1l AUTOmakers 2025"},"content":{"rendered":"<p><strong>Jarn\u00ed ti\u0161t\u011bn\u00fd Import\u00e9rsk\u00fd speci\u00e1l Automakers 2025 p\u0159in\u00e1\u0161\u00ed bilan\u010dn\u00ed rozhovory s mana\u017eery SDA a tak\u00e9 p\u0159ehled ud\u00e1lost\u00ed, person\u00e1ln\u00edch zm\u011bn a tiskov\u00fdch konferenc\u00ed 1. leto\u0161n\u00edho kvart\u00e1lu. Nechyb\u00ed v\u00fdsledky oborov\u00fdch anket a profil PR mana\u017eera.<\/strong><span id=\"more-3223\"><\/span><span id=\"more-7552\"><\/span><span id=\"more-11422\"><\/span><!--more--><\/p>\n<p>Vlna tiskovek se za\u010dala valit na novin\u00e1\u0159e 7. ledna, kdy mana\u017ee\u0159i SDA zhodnotili v hotelu Iris agreg\u00e1tn\u00ed v\u00fdvoj tuzemsk\u00e9ho automobilov\u00e9ho trhu. Do za\u010d\u00e1tku b\u0159ezna jsme pak napo\u010d\u00edtali celkem 18 tiskovek SDA a dal\u0161\u00ed eventy po\u0159\u00e1dan\u00e9 dealery nebo leasingov\u00fdmi spole\u010dnostmi.<\/p>\n<p>Z\u00e1stupce m\u00e9di\u00ed letos v zim\u011b ne\u010dekaly jen konferen\u010dn\u00ed s\u00e1ly, ale tak\u00e9 z\u00e1meck\u00e9 barokn\u00ed divadlo, zabija\u010dkov\u00e9 hody \u010di curlingov\u00fd turnaj.<\/p>\n<p>Slavnostn\u00edm vyhl\u00e1\u0161en\u00edm v\u00edt\u011bz\u016f byly tak\u00e9 ukon\u010deny ankety Auto roku 2025 v \u010cR a PR roku SDA (hlavn\u00ed kategorie).<\/p>\n<p>Ti\u0161t\u011bn\u00e9 vyd\u00e1n\u00ed nav\u00edc p\u0159in\u00e1\u0161\u00ed informace o v\u00fdsledc\u00edch velk\u00fdch tendr\u016f, person\u00e1ln\u00ed a produktov\u00e9 novinky nebo tradi\u010dn\u00ed profil PR mana\u017eera Mirka H\u00e1jka. Tentokr\u00e1t pohovo\u0159il se Zde\u0148kem Zikmundem ze Subaru.<\/p>\n<p><strong>Z OBSAHU:<\/strong><\/p>\n<p><strong>Mana\u017ee\u0159i SDA bilancovali rok 2024 v hotelu Iris<\/strong><\/p>\n<p><img loading=\"lazy\" decoding=\"async\" class=\"size-medium wp-image-10067\" src=\"http:\/\/www.automakers.cz\/wp-content\/uploads\/2025\/01\/SDA-TK-leden-2025-Pokorny-Saitz-900x506.jpg\" sizes=\"auto, (max-width: 900px) 100vw, 900px\" srcset=\"https:\/\/www.automakers.cz\/wp-content\/uploads\/2025\/01\/SDA-TK-leden-2025-Pokorny-Saitz-900x506.jpg 900w, https:\/\/www.automakers.cz\/wp-content\/uploads\/2025\/01\/SDA-TK-leden-2025-Pokorny-Saitz-1024x576.jpg 1024w, https:\/\/www.automakers.cz\/wp-content\/uploads\/2025\/01\/SDA-TK-leden-2025-Pokorny-Saitz-768x432.jpg 768w, https:\/\/www.automakers.cz\/wp-content\/uploads\/2025\/01\/SDA-TK-leden-2025-Pokorny-Saitz-1536x864.jpg 1536w, https:\/\/www.automakers.cz\/wp-content\/uploads\/2025\/01\/SDA-TK-leden-2025-Pokorny-Saitz-1280x720.jpg 1280w, https:\/\/www.automakers.cz\/wp-content\/uploads\/2025\/01\/SDA-TK-leden-2025-Pokorny-Saitz.jpg 2040w\" alt=\"\" width=\"900\" height=\"506\" \/><\/p>\n<p><strong>Ministr Kupka podpo\u0159\u00ed autonomn\u00ed \u0159\u00edzen\u00ed (semin\u00e1\u0159 ve Valeo)<\/strong><\/p>\n<p><img loading=\"lazy\" decoding=\"async\" class=\"alignnone size-medium wp-image-9178\" src=\"http:\/\/www.automakers.cz\/wp-content\/uploads\/2024\/11\/Kupka-Valeo-TK-autonomni-rizeni-orez-900x615.jpg\" sizes=\"auto, (max-width: 900px) 100vw, 900px\" srcset=\"https:\/\/www.automakers.cz\/wp-content\/uploads\/2024\/11\/Kupka-Valeo-TK-autonomni-rizeni-orez-900x615.jpg 900w, https:\/\/www.automakers.cz\/wp-content\/uploads\/2024\/11\/Kupka-Valeo-TK-autonomni-rizeni-orez-1024x700.jpg 1024w, https:\/\/www.automakers.cz\/wp-content\/uploads\/2024\/11\/Kupka-Valeo-TK-autonomni-rizeni-orez-768x525.jpg 768w, https:\/\/www.automakers.cz\/wp-content\/uploads\/2024\/11\/Kupka-Valeo-TK-autonomni-rizeni-orez.jpg 1206w\" alt=\"\" width=\"900\" height=\"615\" \/><br \/>\n<strong>Anketa Auto roku 2025 v \u010cR \u2013 fin\u00e1ln\u00ed gala Towers Prague<\/strong><\/p>\n<figure id=\"attachment_10718\" class=\"wp-caption alignnone\" aria-describedby=\"caption-attachment-10718\"><img loading=\"lazy\" decoding=\"async\" class=\"size-medium wp-image-10718\" src=\"http:\/\/www.automakers.cz\/wp-content\/uploads\/2025\/02\/Auto-roku-2025-Mercedes-Kuipka-Hlavka-900x507.jpg\" sizes=\"auto, (max-width: 900px) 100vw, 900px\" srcset=\"https:\/\/www.automakers.cz\/wp-content\/uploads\/2025\/02\/Auto-roku-2025-Mercedes-Kuipka-Hlavka-900x507.jpg 900w, https:\/\/www.automakers.cz\/wp-content\/uploads\/2025\/02\/Auto-roku-2025-Mercedes-Kuipka-Hlavka-1024x577.jpg 1024w, https:\/\/www.automakers.cz\/wp-content\/uploads\/2025\/02\/Auto-roku-2025-Mercedes-Kuipka-Hlavka-768x432.jpg 768w, https:\/\/www.automakers.cz\/wp-content\/uploads\/2025\/02\/Auto-roku-2025-Mercedes-Kuipka-Hlavka-1536x865.jpg 1536w, https:\/\/www.automakers.cz\/wp-content\/uploads\/2025\/02\/Auto-roku-2025-Mercedes-Kuipka-Hlavka-1280x720.jpg 1280w, https:\/\/www.automakers.cz\/wp-content\/uploads\/2025\/02\/Auto-roku-2025-Mercedes-Kuipka-Hlavka.jpg 1600w\" alt=\"\" width=\"900\" height=\"507\" \/><figcaption id=\"caption-attachment-10718\" class=\"wp-caption-text\">FOTO: Lud\u011bk Kortus<\/figcaption><\/figure>\n<p><strong>Fotoreport\u00e1\u017e z vyhl\u00e1\u0161en\u00ed ankety<\/strong><\/p>\n<p><img loading=\"lazy\" decoding=\"async\" class=\"alignnone size-medium wp-image-10904\" src=\"http:\/\/www.automakers.cz\/wp-content\/uploads\/2025\/02\/Auto-roku-prvni-cast-101-900x600.jpg\" alt=\"\" width=\"900\" height=\"600\" \/><br \/>\n<strong>Martin Hejral PR mana\u017eerem roku \u2013 ud\u011blov\u00e1n\u00ed cen v Towers Hotels, fotoreport\u00e1\u017e z fin\u00e1le ankety KMN<br \/>\n<\/strong><\/p>\n<p><img loading=\"lazy\" decoding=\"async\" class=\"alignnone size-medium wp-image-10753\" src=\"http:\/\/www.automakers.cz\/wp-content\/uploads\/2025\/02\/PR-roku-Handl-Hejral-Busta-900x506.jpg\" sizes=\"auto, (max-width: 900px) 100vw, 900px\" srcset=\"https:\/\/www.automakers.cz\/wp-content\/uploads\/2025\/02\/PR-roku-Handl-Hejral-Busta-900x506.jpg 900w, https:\/\/www.automakers.cz\/wp-content\/uploads\/2025\/02\/PR-roku-Handl-Hejral-Busta-1024x576.jpg 1024w, https:\/\/www.automakers.cz\/wp-content\/uploads\/2025\/02\/PR-roku-Handl-Hejral-Busta-768x432.jpg 768w, https:\/\/www.automakers.cz\/wp-content\/uploads\/2025\/02\/PR-roku-Handl-Hejral-Busta-1536x864.jpg 1536w, https:\/\/www.automakers.cz\/wp-content\/uploads\/2025\/02\/PR-roku-Handl-Hejral-Busta-1280x720.jpg 1280w, https:\/\/www.automakers.cz\/wp-content\/uploads\/2025\/02\/PR-roku-Handl-Hejral-Busta.jpg 1600w\" alt=\"\" width=\"900\" height=\"506\" \/><br \/>\n<strong>Vratislav Stra\u0161il a jeho t\u00fdm bilancoval v\u00fdsledky Volkswagen FS v Caf\u00e9 Imporial<\/strong><\/p>\n<figure id=\"attachment_10247\" class=\"wp-caption alignnone\" aria-describedby=\"caption-attachment-10247\"><img loading=\"lazy\" decoding=\"async\" class=\"size-medium wp-image-10247\" src=\"http:\/\/www.automakers.cz\/wp-content\/uploads\/2025\/01\/VWFS-Cafe-Imperial-TK-Strasil-tym-cb-900x506.jpg\" sizes=\"auto, (max-width: 900px) 100vw, 900px\" srcset=\"https:\/\/www.automakers.cz\/wp-content\/uploads\/2025\/01\/VWFS-Cafe-Imperial-TK-Strasil-tym-cb-900x506.jpg 900w, https:\/\/www.automakers.cz\/wp-content\/uploads\/2025\/01\/VWFS-Cafe-Imperial-TK-Strasil-tym-cb-1024x576.jpg 1024w, https:\/\/www.automakers.cz\/wp-content\/uploads\/2025\/01\/VWFS-Cafe-Imperial-TK-Strasil-tym-cb-768x432.jpg 768w, https:\/\/www.automakers.cz\/wp-content\/uploads\/2025\/01\/VWFS-Cafe-Imperial-TK-Strasil-tym-cb-1536x864.jpg 1536w, https:\/\/www.automakers.cz\/wp-content\/uploads\/2025\/01\/VWFS-Cafe-Imperial-TK-Strasil-tym-cb-1280x720.jpg 1280w, https:\/\/www.automakers.cz\/wp-content\/uploads\/2025\/01\/VWFS-Cafe-Imperial-TK-Strasil-tym-cb.jpg 2040w\" alt=\"\" width=\"900\" height=\"506\" \/><figcaption id=\"caption-attachment-10247\" class=\"wp-caption-text\">FOTO: Erich Handl<\/figcaption><\/figure>\n<p><strong>Ji\u0159\u00ed Mal\u00e1\u010dek hodnotil v\u00fdkony \u0160kody ve Filadelfii<\/strong><\/p>\n<p><img loading=\"lazy\" decoding=\"async\" class=\"alignnone size-medium wp-image-10524\" src=\"http:\/\/www.automakers.cz\/wp-content\/uploads\/2025\/01\/Skoda-Malacek-graf-firemni-900x506.jpg\" sizes=\"auto, (max-width: 900px) 100vw, 900px\" srcset=\"https:\/\/www.automakers.cz\/wp-content\/uploads\/2025\/01\/Skoda-Malacek-graf-firemni-900x506.jpg 900w, https:\/\/www.automakers.cz\/wp-content\/uploads\/2025\/01\/Skoda-Malacek-graf-firemni-1024x576.jpg 1024w, https:\/\/www.automakers.cz\/wp-content\/uploads\/2025\/01\/Skoda-Malacek-graf-firemni-768x432.jpg 768w, https:\/\/www.automakers.cz\/wp-content\/uploads\/2025\/01\/Skoda-Malacek-graf-firemni-1536x864.jpg 1536w, https:\/\/www.automakers.cz\/wp-content\/uploads\/2025\/01\/Skoda-Malacek-graf-firemni-1280x720.jpg 1280w, https:\/\/www.automakers.cz\/wp-content\/uploads\/2025\/01\/Skoda-Malacek-graf-firemni.jpg 2040w\" alt=\"\" width=\"900\" height=\"506\" \/><br \/>\n<strong>Ford sezval novin\u00e1\u0159e na curling do T\u0159e\u0161\u0148ovky<\/strong><\/p>\n<p><img loading=\"lazy\" decoding=\"async\" class=\"alignnone size-medium wp-image-10294\" src=\"http:\/\/www.automakers.cz\/wp-content\/uploads\/2025\/01\/Ford_curling-Handl-900x600.jpg\" alt=\"\" width=\"900\" height=\"600\" \/><br \/>\n<strong>Toyota je poprv\u00e9 na \u0161pi\u010dce pelotonu, Martin Pele\u0161ka se\u010detl v\u00fdsledky v cenr\u00e1le zna\u010dky<\/strong><\/p>\n<p><img loading=\"lazy\" decoding=\"async\" class=\"size-medium wp-image-10628\" src=\"http:\/\/www.automakers.cz\/wp-content\/uploads\/2025\/01\/TK_Toyota_Peleska-900x516.jpg\" alt=\"\" width=\"900\" height=\"516\" \/><\/p>\n<p><strong>Martin Saitz: Hyundai dr\u017e\u00ed svoje obvykl\u00e9 2. m\u00edsto v osob\u00e1c\u00edch<\/strong><\/p>\n<p><img loading=\"lazy\" decoding=\"async\" class=\"alignnone size-medium wp-image-4878\" src=\"http:\/\/www.automakers.cz\/wp-content\/uploads\/2024\/06\/Saitz-Martin-sirka-showroom-900x600.jpg\" alt=\"\" width=\"900\" height=\"600\" \/><\/p>\n<p><strong>California se uk\u00e1zala v Kunratic\u00edch, novin\u00e1\u0159i otestovali karavan<\/strong><\/p>\n<p><img loading=\"lazy\" decoding=\"async\" class=\"alignnone size-medium wp-image-10786\" src=\"http:\/\/www.automakers.cz\/wp-content\/uploads\/2025\/02\/VW-California-Srb-Dana-900x506.jpg\" sizes=\"auto, (max-width: 900px) 100vw, 900px\" srcset=\"https:\/\/www.automakers.cz\/wp-content\/uploads\/2025\/02\/VW-California-Srb-Dana-900x506.jpg 900w, https:\/\/www.automakers.cz\/wp-content\/uploads\/2025\/02\/VW-California-Srb-Dana-1024x576.jpg 1024w, https:\/\/www.automakers.cz\/wp-content\/uploads\/2025\/02\/VW-California-Srb-Dana-768x432.jpg 768w, https:\/\/www.automakers.cz\/wp-content\/uploads\/2025\/02\/VW-California-Srb-Dana-1536x864.jpg 1536w, https:\/\/www.automakers.cz\/wp-content\/uploads\/2025\/02\/VW-California-Srb-Dana-1280x720.jpg 1280w, https:\/\/www.automakers.cz\/wp-content\/uploads\/2025\/02\/VW-California-Srb-Dana.jpg 2040w\" alt=\"\" width=\"900\" height=\"506\" \/><br \/>\n<strong>Volkswagen letos nav\u00fd\u0161\u00ed prodeje, VW U\u017eitkov\u00e9 ovl\u00e1dl segment B<br \/>\n<\/strong><\/p>\n<p><img loading=\"lazy\" decoding=\"async\" class=\"alignnone size-medium wp-image-3319\" src=\"http:\/\/www.automakers.cz\/wp-content\/uploads\/2024\/04\/VW-Tiguan-Sebesta-Cimrova-900x541.jpg\" sizes=\"auto, (max-width: 900px) 100vw, 900px\" srcset=\"https:\/\/www.automakers.cz\/wp-content\/uploads\/2024\/04\/VW-Tiguan-Sebesta-Cimrova-900x541.jpg 900w, https:\/\/www.automakers.cz\/wp-content\/uploads\/2024\/04\/VW-Tiguan-Sebesta-Cimrova-1024x615.jpg 1024w, https:\/\/www.automakers.cz\/wp-content\/uploads\/2024\/04\/VW-Tiguan-Sebesta-Cimrova-768x461.jpg 768w, https:\/\/www.automakers.cz\/wp-content\/uploads\/2024\/04\/VW-Tiguan-Sebesta-Cimrova.jpg 1493w\" alt=\"\" width=\"900\" height=\"541\" \/><strong>Audi loni op\u011bt na met\u011b 4000 kus\u016f. Na jak\u00fd ter\u010d c\u00edl\u00ed Marcel Archleb letos?<br \/>\n<\/strong><\/p>\n<p><img loading=\"lazy\" decoding=\"async\" class=\"alignnone size-medium wp-image-7659\" src=\"http:\/\/www.automakers.cz\/wp-content\/uploads\/2024\/10\/Audi-A5-Archleb-Samkova-Eva-900x557.jpg\" alt=\"\" width=\"900\" height=\"557\" \/><br \/>\n<strong>Zna\u010dky SEAT, CUPRA letos s nov\u00fdm \u0161\u00e9fem<\/strong><\/p>\n<figure id=\"attachment_9022\" class=\"wp-caption alignnone\" aria-describedby=\"caption-attachment-9022\"><img loading=\"lazy\" decoding=\"async\" class=\"size-medium wp-image-9022\" src=\"http:\/\/www.automakers.cz\/wp-content\/uploads\/2024\/11\/Tomas_Navratil-low-small-900x600.jpg\" sizes=\"auto, (max-width: 900px) 100vw, 900px\" srcset=\"https:\/\/www.automakers.cz\/wp-content\/uploads\/2024\/11\/Tomas_Navratil-low-small-900x600.jpg 900w, https:\/\/www.automakers.cz\/wp-content\/uploads\/2024\/11\/Tomas_Navratil-low-small-1024x683.jpg 1024w, https:\/\/www.automakers.cz\/wp-content\/uploads\/2024\/11\/Tomas_Navratil-low-small-768x512.jpg 768w, https:\/\/www.automakers.cz\/wp-content\/uploads\/2024\/11\/Tomas_Navratil-low-small.jpg 1274w\" alt=\"\" width=\"900\" height=\"600\" \/><figcaption id=\"caption-attachment-9022\" class=\"wp-caption-text\">Tom\u00e1\u0161 Navr\u00e1til<\/figcaption><\/figure>\n<p><strong>Nov\u00fd \u0161\u00e9f Opelu Zden\u011bk Fo\u0159t s\u00e1z\u00ed na Grandlanda<\/strong><\/p>\n<p><img loading=\"lazy\" decoding=\"async\" class=\"alignnone size-medium wp-image-10743\" src=\"http:\/\/www.automakers.cz\/wp-content\/uploads\/2025\/02\/2501_Opel-TK_Grandland_21-900x677.jpg\" alt=\"\" width=\"900\" height=\"677\" \/><strong>Kia Czech s nov\u00fdm prezidentem<\/strong><\/p>\n<figure id=\"attachment_10072\" class=\"wp-caption alignnone\" aria-describedby=\"caption-attachment-10072\"><img loading=\"lazy\" decoding=\"async\" class=\"size-medium wp-image-10072\" src=\"http:\/\/www.automakers.cz\/wp-content\/uploads\/2025\/01\/Heung-Gu-Kang_Presidnet_KCz_02-900x600.jpg\" sizes=\"auto, (max-width: 900px) 100vw, 900px\" srcset=\"https:\/\/www.automakers.cz\/wp-content\/uploads\/2025\/01\/Heung-Gu-Kang_Presidnet_KCz_02-900x600.jpg 900w, https:\/\/www.automakers.cz\/wp-content\/uploads\/2025\/01\/Heung-Gu-Kang_Presidnet_KCz_02-768x512.jpg 768w, https:\/\/www.automakers.cz\/wp-content\/uploads\/2025\/01\/Heung-Gu-Kang_Presidnet_KCz_02.jpg 1000w\" alt=\"\" width=\"900\" height=\"600\" \/><figcaption id=\"caption-attachment-10072\" class=\"wp-caption-text\">FOTO: Kia Czech<\/figcaption><\/figure>\n<p><strong>Arno\u0161t Barna ocenil nejlep\u0161\u00ed dealery Kia<\/strong><\/p>\n<p><img loading=\"lazy\" decoding=\"async\" class=\"size-medium wp-image-8692\" src=\"http:\/\/www.automakers.cz\/wp-content\/uploads\/2024\/11\/Kia_E-Salon2024_TK_Arnost-Barna_generalni-reditel_KiaCzech_01_1920p-0027-900x600.jpg\" alt=\"\" width=\"900\" height=\"600\" \/><\/p>\n<p><strong>Zna\u010dka MG testovala v Kr\u00e1lovic\u00edch, import tam hodnotil i lo\u0148sk\u00e9 prodeje<\/strong><\/p>\n<p><img loading=\"lazy\" decoding=\"async\" class=\"alignnone size-medium wp-image-10234\" src=\"http:\/\/www.automakers.cz\/wp-content\/uploads\/2025\/01\/MG-Cybester-Handl-Kralovice-orez-900x507.jpg\" sizes=\"auto, (max-width: 900px) 100vw, 900px\" srcset=\"https:\/\/www.automakers.cz\/wp-content\/uploads\/2025\/01\/MG-Cybester-Handl-Kralovice-orez-900x507.jpg 900w, https:\/\/www.automakers.cz\/wp-content\/uploads\/2025\/01\/MG-Cybester-Handl-Kralovice-orez-768x433.jpg 768w, https:\/\/www.automakers.cz\/wp-content\/uploads\/2025\/01\/MG-Cybester-Handl-Kralovice-orez.jpg 918w\" alt=\"\" width=\"900\" height=\"507\" \/><strong>\u0160\u00e9f Renaultu Zden\u011bk Grunt bilancoval v divadle\u00a0 Spir\u00e1la<\/strong><\/p>\n<p><img loading=\"lazy\" decoding=\"async\" class=\"alignnone size-medium wp-image-10824\" src=\"http:\/\/www.automakers.cz\/wp-content\/uploads\/2025\/02\/Renault-Spirala-otocne-podium-900x600.jpg\" alt=\"\" width=\"900\" height=\"600\" \/><\/p>\n<p><strong>F Automobil Import svolal m\u00e9dia do Wine Foodu, Jarom\u00edr He\u0159mansk\u00fd slibuje nov\u00e9 Fiaty , Alfy i Jeepy<\/strong><\/p>\n<p><img loading=\"lazy\" decoding=\"async\" class=\"alignnone size-medium wp-image-11349\" src=\"http:\/\/www.automakers.cz\/wp-content\/uploads\/2025\/03\/Fiat-Hermansky-manazeri-Wine-Food-900x506.jpg\" sizes=\"auto, (max-width: 900px) 100vw, 900px\" srcset=\"https:\/\/www.automakers.cz\/wp-content\/uploads\/2025\/03\/Fiat-Hermansky-manazeri-Wine-Food-900x506.jpg 900w, https:\/\/www.automakers.cz\/wp-content\/uploads\/2025\/03\/Fiat-Hermansky-manazeri-Wine-Food-1024x576.jpg 1024w, https:\/\/www.automakers.cz\/wp-content\/uploads\/2025\/03\/Fiat-Hermansky-manazeri-Wine-Food-768x432.jpg 768w, https:\/\/www.automakers.cz\/wp-content\/uploads\/2025\/03\/Fiat-Hermansky-manazeri-Wine-Food-1536x864.jpg 1536w, https:\/\/www.automakers.cz\/wp-content\/uploads\/2025\/03\/Fiat-Hermansky-manazeri-Wine-Food-1280x720.jpg 1280w, https:\/\/www.automakers.cz\/wp-content\/uploads\/2025\/03\/Fiat-Hermansky-manazeri-Wine-Food.jpg 2040w\" alt=\"\" width=\"900\" height=\"506\" \/><br \/>\n<strong>Citro\u00ebn se bl\u00fdskl v Pr\u016fhonic\u00edch ve stylu francouzsk\u00e9 revoluce<\/strong><\/p>\n<p><img loading=\"lazy\" decoding=\"async\" class=\"alignnone size-medium wp-image-10420\" src=\"http:\/\/www.automakers.cz\/wp-content\/uploads\/2025\/01\/Citroen-C3-Pruhonice-slechta-900x506.jpg\" sizes=\"auto, (max-width: 900px) 100vw, 900px\" srcset=\"https:\/\/www.automakers.cz\/wp-content\/uploads\/2025\/01\/Citroen-C3-Pruhonice-slechta-900x506.jpg 900w, https:\/\/www.automakers.cz\/wp-content\/uploads\/2025\/01\/Citroen-C3-Pruhonice-slechta-1024x576.jpg 1024w, https:\/\/www.automakers.cz\/wp-content\/uploads\/2025\/01\/Citroen-C3-Pruhonice-slechta-768x432.jpg 768w, https:\/\/www.automakers.cz\/wp-content\/uploads\/2025\/01\/Citroen-C3-Pruhonice-slechta-1536x864.jpg 1536w, https:\/\/www.automakers.cz\/wp-content\/uploads\/2025\/01\/Citroen-C3-Pruhonice-slechta-1280x720.jpg 1280w, https:\/\/www.automakers.cz\/wp-content\/uploads\/2025\/01\/Citroen-C3-Pruhonice-slechta.jpg 2040w\" alt=\"\" width=\"900\" height=\"506\" \/><br \/>\n<strong>Daimler Truck vl\u00e1dne n\u00e1kla\u010f\u00e1k\u016fm, David Chlebon svolal novin\u00e1\u0159e do Svat\u00e9ho Havla<\/strong><\/p>\n<p><img loading=\"lazy\" decoding=\"async\" class=\"alignnone size-medium wp-image-11325\" src=\"http:\/\/www.automakers.cz\/wp-content\/uploads\/2025\/02\/Daimler-TK-Hvael-Chleboun-900x563.jpg\" alt=\"\" width=\"900\" height=\"563\" \/><br \/>\n<strong>Subaru letos c\u00edl\u00ed na 800 aut, novin\u00e1\u0159i letos testovali v Adventure Landu B\u011bl\u00e1<br \/>\n<\/strong><\/p>\n<p><img loading=\"lazy\" decoding=\"async\" class=\"alignnone size-medium wp-image-11133\" src=\"http:\/\/www.automakers.cz\/wp-content\/uploads\/2025\/02\/Subaru-Forester-Bela-25-auta-900x506.jpg\" sizes=\"auto, (max-width: 900px) 100vw, 900px\" srcset=\"https:\/\/www.automakers.cz\/wp-content\/uploads\/2025\/02\/Subaru-Forester-Bela-25-auta-900x506.jpg 900w, https:\/\/www.automakers.cz\/wp-content\/uploads\/2025\/02\/Subaru-Forester-Bela-25-auta-1024x576.jpg 1024w, https:\/\/www.automakers.cz\/wp-content\/uploads\/2025\/02\/Subaru-Forester-Bela-25-auta-768x432.jpg 768w, https:\/\/www.automakers.cz\/wp-content\/uploads\/2025\/02\/Subaru-Forester-Bela-25-auta-1536x864.jpg 1536w, https:\/\/www.automakers.cz\/wp-content\/uploads\/2025\/02\/Subaru-Forester-Bela-25-auta-1280x720.jpg 1280w, https:\/\/www.automakers.cz\/wp-content\/uploads\/2025\/02\/Subaru-Forester-Bela-25-auta.jpg 2040w\" alt=\"\" width=\"900\" height=\"506\" \/><\/p>\n<p><strong>Profil PR mana\u017eera: Zden\u011bk Zikmund, 20 let v Subaru<\/strong><\/p>\n<p><img loading=\"lazy\" decoding=\"async\" class=\"alignnone size-medium wp-image-11134\" src=\"http:\/\/www.automakers.cz\/wp-content\/uploads\/2025\/02\/Subaru-Zikmund-Bela-2025-900x506.jpg\" sizes=\"auto, (max-width: 900px) 100vw, 900px\" srcset=\"https:\/\/www.automakers.cz\/wp-content\/uploads\/2025\/02\/Subaru-Zikmund-Bela-2025-900x506.jpg 900w, https:\/\/www.automakers.cz\/wp-content\/uploads\/2025\/02\/Subaru-Zikmund-Bela-2025-1024x576.jpg 1024w, https:\/\/www.automakers.cz\/wp-content\/uploads\/2025\/02\/Subaru-Zikmund-Bela-2025-768x432.jpg 768w, https:\/\/www.automakers.cz\/wp-content\/uploads\/2025\/02\/Subaru-Zikmund-Bela-2025-1536x864.jpg 1536w, https:\/\/www.automakers.cz\/wp-content\/uploads\/2025\/02\/Subaru-Zikmund-Bela-2025-1280x720.jpg 1280w, https:\/\/www.automakers.cz\/wp-content\/uploads\/2025\/02\/Subaru-Zikmund-Bela-2025.jpg 2040w\" alt=\"\" width=\"900\" height=\"506\" \/><\/p>\n<div class=\"heateor_sss_sharing_container heateor_sss_vertical_sharing heateor_sss_bottom_sharing\" data-heateor-sss-href=\"https:\/\/www.automakers.cz\/?p=11422\">\n<div class=\"heateor_sss_sharing_ul\"><\/div>\n<div class=\"heateorSssClear\"><\/div>\n<div class=\"heateorSssSharingArrow heateorSssPullOut\" title=\"Hide\"><\/div>\n<\/div>\n<div class=\"post-share\">\n<div class=\"post-share-icons cf\"><\/div>\n<\/div>\n","protected":false},"excerpt":{"rendered":"<div class=\"mh-excerpt\"><p>Jarn\u00ed ti\u0161t\u011bn\u00fd Import\u00e9rsk\u00fd speci\u00e1l Automakers 2025 p\u0159in\u00e1\u0161\u00ed bilan\u010dn\u00ed rozhovory s mana\u017eery SDA a tak\u00e9 p\u0159ehled ud\u00e1lost\u00ed, person\u00e1ln\u00edch zm\u011bn a tiskov\u00fdch konferenc\u00ed 1. leto\u0161n\u00edho kvart\u00e1lu. Nechyb\u00ed <a class=\"mh-excerpt-more\" href=\"https:\/\/www.automakersnews.cz\/index.php\/2025\/03\/10\/vychazi-importersky-special-automakers-2025\/\" title=\"Vych\u00e1z\u00ed Import\u00e9rsk\u00fd speci\u00e1l AUTOmakers 2025\">[&#8230;]<\/a><\/p>\n<\/div>","protected":false},"author":1,"featured_media":108295,"comment_status":"open","ping_status":"open","sticky":false,"template":"","format":"standard","meta":{"footnotes":""},"categories":[37,27],"tags":[],"class_list":["post-108294","post","type-post","status-publish","format-standard","has-post-thumbnail","hentry","category-importeri","category-media"],"_links":{"self":[{"href":"https:\/\/www.automakersnews.cz\/index.php\/wp-json\/wp\/v2\/posts\/108294","targetHints":{"allow":["GET"]}}],"collection":[{"href":"https:\/\/www.automakersnews.cz\/index.php\/wp-json\/wp\/v2\/posts"}],"about":[{"href":"https:\/\/www.automakersnews.cz\/index.php\/wp-json\/wp\/v2\/types\/post"}],"author":[{"embeddable":true,"href":"https:\/\/www.automakersnews.cz\/index.php\/wp-json\/wp\/v2\/users\/1"}],"replies":[{"embeddable":true,"href":"https:\/\/www.automakersnews.cz\/index.php\/wp-json\/wp\/v2\/comments?post=108294"}],"version-history":[{"count":2,"href":"https:\/\/www.automakersnews.cz\/index.php\/wp-json\/wp\/v2\/posts\/108294\/revisions"}],"predecessor-version":[{"id":108297,"href":"https:\/\/www.automakersnews.cz\/index.php\/wp-json\/wp\/v2\/posts\/108294\/revisions\/108297"}],"wp:featuredmedia":[{"embeddable":true,"href":"https:\/\/www.automakersnews.cz\/index.php\/wp-json\/wp\/v2\/media\/108295"}],"wp:attachment":[{"href":"https:\/\/www.automakersnews.cz\/index.php\/wp-json\/wp\/v2\/media?parent=108294"}],"wp:term":[{"taxonomy":"category","embeddable":true,"href":"https:\/\/www.automakersnews.cz\/index.php\/wp-json\/wp\/v2\/categories?post=108294"},{"taxonomy":"post_tag","embeddable":true,"href":"https:\/\/www.automakersnews.cz\/index.php\/wp-json\/wp\/v2\/tags?post=108294"}],"curies":[{"name":"wp","href":"https:\/\/api.w.org\/{rel}","templated":true}]}}