{"id":108298,"date":"2025-04-02T11:47:24","date_gmt":"2025-04-02T11:47:24","guid":{"rendered":"https:\/\/www.automakersnews.cz\/?p=108298"},"modified":"2025-04-02T11:47:24","modified_gmt":"2025-04-02T11:47:24","slug":"cinsky-byd-buduje-dealerskou-sit-v-cr","status":"publish","type":"post","link":"https:\/\/www.automakersnews.cz\/index.php\/2025\/04\/02\/cinsky-byd-buduje-dealerskou-sit-v-cr\/","title":{"rendered":"\u010c\u00ednsk\u00fd BYD buduje dealerskou s\u00ed\u0165 v \u010cR"},"content":{"rendered":"<p><strong>\u010c\u00ednsk\u00fd BYD svolal 1. dubna novin\u00e1\u0159e do karl\u00ednsk\u00e9ho F\u00f3ra na slavnostn\u00ed uveden\u00ed zna\u010dky na \u010desk\u00fd trh. Country mana\u017eer zna\u010dky Martin He\u0159mansk\u00fd pohovo\u0159il o cen\u00e1ch vozidel a budov\u00e1n\u00ed dealersk\u00e9 s\u00edt\u011b.<br \/>\n<\/strong><span id=\"more-12086\"><\/span><!--more--><\/p>\n<p>Na premi\u00e9ru zna\u010dky se u\u017e od r\u00e1na p\u0159ed vstupem do prostor Forum Karl\u00edn tvo\u0159ila fronta novin\u00e1\u0159\u016f a dal\u0161\u00edch host\u016f. Modely BYD si bylo mo\u017en\u00e9 prohl\u00e9dnout p\u0159ed budovou i v s\u00e1le, testovac\u00ed vozy pak zaplnily prot\u011bj\u0161\u00ed parkovi\u0161t\u011b.<\/p>\n<p>Na podium se vyhoupl nov\u00fd <strong>mana\u017eer importu Martin He\u0159mansk\u00fd<\/strong>, doned\u00e1vna zn\u00e1m\u00fd od motocyklov\u00e9 zna\u010dky Harley-Davidson.<\/p>\n<p><img loading=\"lazy\" decoding=\"async\" class=\"alignnone size-medium wp-image-12092\" src=\"http:\/\/www.automakers.cz\/wp-content\/uploads\/2025\/04\/BYD-Hermansky-podium-Karlin-900x506.jpg\" sizes=\"auto, (max-width: 900px) 100vw, 900px\" srcset=\"https:\/\/www.automakers.cz\/wp-content\/uploads\/2025\/04\/BYD-Hermansky-podium-Karlin-900x506.jpg 900w, https:\/\/www.automakers.cz\/wp-content\/uploads\/2025\/04\/BYD-Hermansky-podium-Karlin-1024x576.jpg 1024w, https:\/\/www.automakers.cz\/wp-content\/uploads\/2025\/04\/BYD-Hermansky-podium-Karlin-768x432.jpg 768w, https:\/\/www.automakers.cz\/wp-content\/uploads\/2025\/04\/BYD-Hermansky-podium-Karlin-1536x864.jpg 1536w, https:\/\/www.automakers.cz\/wp-content\/uploads\/2025\/04\/BYD-Hermansky-podium-Karlin-1280x720.jpg 1280w, https:\/\/www.automakers.cz\/wp-content\/uploads\/2025\/04\/BYD-Hermansky-podium-Karlin.jpg 2040w\" alt=\"\" width=\"900\" height=\"506\" \/>\u201e\u010cesk\u00fdm z\u00e1jemc\u016fm za\u010d\u00edn\u00e1me nab\u00edzet t\u0159i modely, <strong>SEALION 7, SEAL U DM-i a SEAL.<\/strong> Prodej a servis zajist\u00ed n\u00e1\u0161 prvn\u00ed partner,<strong> Louda Auto<\/strong>. Dal\u0161\u00edmi dealery budou nap\u0159\u00edklad <strong>Orbion Cars, UH Auto nebo Dajbych<\/strong>. Do konce roku chceme m\u00edt t\u0159icet prodejn\u00edch a servisn\u00edch m\u00edst, hlavn\u011b v krajsk\u00fdch m\u011bstech,\u201c \u0159ekl He\u0159mansk\u00fd s t\u00edm, \u017ee BYD se nebude vyh\u00fdbat ani okresn\u00edm m\u011bst\u016fm s prodejn\u00edm potenci\u00e1lem.<\/p>\n<p><img loading=\"lazy\" decoding=\"async\" class=\"alignnone size-medium wp-image-12093\" src=\"http:\/\/www.automakers.cz\/wp-content\/uploads\/2025\/04\/BYD-Karlin-Harmansky-auta-podium-900x506.jpg\" sizes=\"auto, (max-width: 900px) 100vw, 900px\" srcset=\"https:\/\/www.automakers.cz\/wp-content\/uploads\/2025\/04\/BYD-Karlin-Harmansky-auta-podium-900x506.jpg 900w, https:\/\/www.automakers.cz\/wp-content\/uploads\/2025\/04\/BYD-Karlin-Harmansky-auta-podium-1024x576.jpg 1024w, https:\/\/www.automakers.cz\/wp-content\/uploads\/2025\/04\/BYD-Karlin-Harmansky-auta-podium-768x432.jpg 768w, https:\/\/www.automakers.cz\/wp-content\/uploads\/2025\/04\/BYD-Karlin-Harmansky-auta-podium-1536x864.jpg 1536w, https:\/\/www.automakers.cz\/wp-content\/uploads\/2025\/04\/BYD-Karlin-Harmansky-auta-podium-1280x720.jpg 1280w, https:\/\/www.automakers.cz\/wp-content\/uploads\/2025\/04\/BYD-Karlin-Harmansky-auta-podium.jpg 2040w\" alt=\"\" width=\"900\" height=\"506\" \/>V Praze samotn\u00e9 chce import a\u017e osm prodejn\u00edch m\u00edst. Ceny elektromobil\u016f za\u010d\u00ednaj\u00ed zhruba<strong> na jednom milionu korun<\/strong> a jdou p\u0159es 1,3 milionu za verze se silnou bateri\u00ed.<\/p>\n<p>N\u011bkter\u00fdm novin\u00e1\u0159\u016fm chyb\u00ed v nab\u00eddce BYD men\u0161\u00ed modely. \u201eTro\u0161ku se div\u00edm, \u017ee BYD v \u010desku neza\u010d\u00edn\u00e1 s levn\u00fdm Dolphinem za 450 000 korun. Nab\u00eddka velk\u00fdch aut s cenou p\u0159es milion korun dle m\u00e9ho n\u00e1zoru nebude pro \u010desk\u00e9 motoristy tak l\u00e1kav\u00e1 jako by byl pr\u00e1v\u011b Dolphin nebo posledn\u00ed novinky zna\u010dky, Atos 2,\u201c \u0159ekl n\u00e1m zn\u00e1m\u00fd koment\u00e1tor automotive byznysu Vladim\u00edr Rybeck\u00fd.<\/p>\n<p>Po prezentaci m\u011bli novin\u00e1\u0159i mo\u017enost <strong>vyzkou\u0161et testovac\u00ed j\u00edzdu s modely SEALION 7, SEAL U DM-i, SEAL\u00a0<\/strong>a sezn\u00e1mit se s technologi\u00ed <strong>BYD Super DM<\/strong>.<\/p>\n<p><strong>Erich Handl, Karl\u00edn, FOTO: autor, Video: Lud\u011bk Kortus<\/strong><\/p>\n<p><iframe loading=\"lazy\" id=\"_ytid_36103\" class=\"__youtube_prefs__  epyt-is-override  no-lazyload\" title=\"YouTube player\" src=\"https:\/\/www.youtube.com\/embed\/2HbsCXZQHVw?enablejsapi=1&amp;autoplay=0&amp;cc_load_policy=0&amp;cc_lang_pref=&amp;iv_load_policy=1&amp;loop=0&amp;modestbranding=0&amp;rel=1&amp;fs=1&amp;playsinline=0&amp;autohide=2&amp;theme=dark&amp;color=red&amp;controls=1&amp;\" width=\"640\" height=\"360\" allowfullscreen=\"allowfullscreen\" data-origwidth=\"640\" data-origheight=\"360\" data-no-lazy=\"1\" data-skipgform_ajax_framebjll=\"\" data-mce-fragment=\"1\"><\/iframe><\/p>\n","protected":false},"excerpt":{"rendered":"<div class=\"mh-excerpt\"><p>\u010c\u00ednsk\u00fd BYD svolal 1. dubna novin\u00e1\u0159e do karl\u00ednsk\u00e9ho F\u00f3ra na slavnostn\u00ed uveden\u00ed zna\u010dky na \u010desk\u00fd trh. Country mana\u017eer zna\u010dky Martin He\u0159mansk\u00fd pohovo\u0159il o cen\u00e1ch vozidel <a class=\"mh-excerpt-more\" href=\"https:\/\/www.automakersnews.cz\/index.php\/2025\/04\/02\/cinsky-byd-buduje-dealerskou-sit-v-cr\/\" title=\"\u010c\u00ednsk\u00fd BYD buduje dealerskou s\u00ed\u0165 v \u010cR\">[&#8230;]<\/a><\/p>\n<\/div>","protected":false},"author":1,"featured_media":108299,"comment_status":"open","ping_status":"open","sticky":false,"template":"","format":"standard","meta":{"footnotes":""},"categories":[31,29,75],"tags":[],"class_list":["post-108298","post","type-post","status-publish","format-standard","has-post-thumbnail","hentry","category-premiery","category-tiskovky","category-video"],"_links":{"self":[{"href":"https:\/\/www.automakersnews.cz\/index.php\/wp-json\/wp\/v2\/posts\/108298","targetHints":{"allow":["GET"]}}],"collection":[{"href":"https:\/\/www.automakersnews.cz\/index.php\/wp-json\/wp\/v2\/posts"}],"about":[{"href":"https:\/\/www.automakersnews.cz\/index.php\/wp-json\/wp\/v2\/types\/post"}],"author":[{"embeddable":true,"href":"https:\/\/www.automakersnews.cz\/index.php\/wp-json\/wp\/v2\/users\/1"}],"replies":[{"embeddable":true,"href":"https:\/\/www.automakersnews.cz\/index.php\/wp-json\/wp\/v2\/comments?post=108298"}],"version-history":[{"count":1,"href":"https:\/\/www.automakersnews.cz\/index.php\/wp-json\/wp\/v2\/posts\/108298\/revisions"}],"predecessor-version":[{"id":108300,"href":"https:\/\/www.automakersnews.cz\/index.php\/wp-json\/wp\/v2\/posts\/108298\/revisions\/108300"}],"wp:featuredmedia":[{"embeddable":true,"href":"https:\/\/www.automakersnews.cz\/index.php\/wp-json\/wp\/v2\/media\/108299"}],"wp:attachment":[{"href":"https:\/\/www.automakersnews.cz\/index.php\/wp-json\/wp\/v2\/media?parent=108298"}],"wp:term":[{"taxonomy":"category","embeddable":true,"href":"https:\/\/www.automakersnews.cz\/index.php\/wp-json\/wp\/v2\/categories?post=108298"},{"taxonomy":"post_tag","embeddable":true,"href":"https:\/\/www.automakersnews.cz\/index.php\/wp-json\/wp\/v2\/tags?post=108298"}],"curies":[{"name":"wp","href":"https:\/\/api.w.org\/{rel}","templated":true}]}}