{"id":108319,"date":"2025-04-14T07:32:27","date_gmt":"2025-04-14T07:32:27","guid":{"rendered":"https:\/\/www.automakersnews.cz\/?p=108319"},"modified":"2025-04-14T07:32:27","modified_gmt":"2025-04-14T07:32:27","slug":"o2-universum-hosti-konferenci-autoskol","status":"publish","type":"post","link":"https:\/\/www.automakersnews.cz\/index.php\/2025\/04\/14\/o2-universum-hosti-konferenci-autoskol\/","title":{"rendered":"O2 Universum host\u00ed konferenci auto\u0161kol"},"content":{"rendered":"<p class=\"xmprfx_xmsonormal\"><b>Auto\u0161koly, zku\u0161ebn\u00ed komisa\u0159i a odborn\u00edci z cel\u00e9 republiky se 15. dubna v Praze sezn\u00e1m\u00ed s novinkami pro rok 2025 a n\u00e1sleduj\u00edc\u00ed roky i vyhodnocen\u00edm novinek zaveden\u00fdch v roce 2024 (L17). Doraz\u00ed tak\u00e9 z\u00e1stupci Evropsk\u00e9 federace auto\u0161kol a dal\u0161\u00ed odborn\u00edci ze zahrani\u010d\u00ed.<\/b><span id=\"more-12434\"><\/span><!--more--><\/p>\n<p class=\"xmprfx_xmsonormal\">V pra\u017esk\u00e9m O2 universu celost\u00e1tn\u00ed konference Budoucnost vzd\u011bl\u00e1v\u00e1n\u00ed \u0159idi\u010d\u016f. Nejv\u011bt\u0161\u00ed konference sv\u00e9ho druhu u n\u00e1s. Hlavn\u00ed my\u0161lenkou t\u00e9to konference je sezn\u00e1mit odbornou ve\u0159ejnost s novinkami, zaj\u00edmav\u00fdmi projekty v oblasti vzd\u011bl\u00e1v\u00e1n\u00ed budouc\u00edch \u0159idi\u010d\u016f \u010di zhodnotit ned\u00e1vn\u00e9 zm\u011bny (L17). Sou\u010d\u00e1st\u00ed programu je s\u00e9rie vystoupen\u00ed, prezentac\u00ed \u010di diskus\u00ed k t\u00e9matu vzd\u011bl\u00e1v\u00e1n\u00ed \u0159idi\u010d\u016f, auto\u0161kol a zku\u0161ebn\u00edch komisa\u0159\u016f. Nebude chyb\u011bt ani vyj\u00e1d\u0159en\u00ed ministra dopravy pro m\u00e9dia.<\/p>\n<p class=\"xmprfx_xmsonormal\">Akce se z\u00fa\u010dastn\u00ed v\u00edce jak 550 z\u00e1stupc\u016f auto\u0161kol \u010di zku\u0161ebn\u00edch komisa\u0159\u016f z cel\u00e9 \u010cR, nebudou zde chyb\u011bt ani doprovodn\u00e9 akce a prezentace organizac\u00ed a firem z oblasti auto\u0161kolstv\u00ed.<\/p>\n<p class=\"xmprfx_MsoNormal\"><b><u>Program pro m\u00e9dia 15. dubna 2025:<\/u><\/b><\/p>\n<ul type=\"disc\">\n<li class=\"xmprfx_MsoListParagraphCxSpFirst\"><b><i>9.00 zah\u00e1jen\u00ed konference<\/i><\/b><\/li>\n<li class=\"xmprfx_MsoListParagraphCxSpMiddle\"><b><i>9.20 zah\u00e1jen\u00ed 1. bloku konference (rekapitulace a vyhodnocen\u00ed novinek v\u00a0oblasti vzd\u011bl\u00e1v\u00e1n\u00ed \u0159idi\u010d\u016f zaveden\u00fdch v\u00a0roce 2024)<\/i><\/b><\/li>\n<li class=\"xmprfx_MsoListParagraphCxSpLast\"><i>V dopoledn\u00edch hodin\u00e1ch je napl\u00e1nov\u00e1no vyj\u00e1d\u0159en\u00ed p\u0159\u00edtomn\u00e9ho ministra dopravy Martina Kupky pro novin\u00e1\u0159e.<\/i><\/li>\n<\/ul>\n<p><strong>Zdroj: MD, Franti\u0161ek Jemelka<\/strong><\/p>\n","protected":false},"excerpt":{"rendered":"<div class=\"mh-excerpt\"><p>Auto\u0161koly, zku\u0161ebn\u00ed komisa\u0159i a odborn\u00edci z cel\u00e9 republiky se 15. dubna v Praze sezn\u00e1m\u00ed s novinkami pro rok 2025 a n\u00e1sleduj\u00edc\u00ed roky i vyhodnocen\u00edm novinek <a class=\"mh-excerpt-more\" href=\"https:\/\/www.automakersnews.cz\/index.php\/2025\/04\/14\/o2-universum-hosti-konferenci-autoskol\/\" title=\"O2 Universum host\u00ed konferenci auto\u0161kol\">[&#8230;]<\/a><\/p>\n<\/div>","protected":false},"author":1,"featured_media":63162,"comment_status":"open","ping_status":"open","sticky":false,"template":"","format":"standard","meta":{"footnotes":""},"categories":[63],"tags":[],"class_list":["post-108319","post","type-post","status-publish","format-standard","has-post-thumbnail","hentry","category-konference"],"_links":{"self":[{"href":"https:\/\/www.automakersnews.cz\/index.php\/wp-json\/wp\/v2\/posts\/108319","targetHints":{"allow":["GET"]}}],"collection":[{"href":"https:\/\/www.automakersnews.cz\/index.php\/wp-json\/wp\/v2\/posts"}],"about":[{"href":"https:\/\/www.automakersnews.cz\/index.php\/wp-json\/wp\/v2\/types\/post"}],"author":[{"embeddable":true,"href":"https:\/\/www.automakersnews.cz\/index.php\/wp-json\/wp\/v2\/users\/1"}],"replies":[{"embeddable":true,"href":"https:\/\/www.automakersnews.cz\/index.php\/wp-json\/wp\/v2\/comments?post=108319"}],"version-history":[{"count":1,"href":"https:\/\/www.automakersnews.cz\/index.php\/wp-json\/wp\/v2\/posts\/108319\/revisions"}],"predecessor-version":[{"id":108320,"href":"https:\/\/www.automakersnews.cz\/index.php\/wp-json\/wp\/v2\/posts\/108319\/revisions\/108320"}],"wp:featuredmedia":[{"embeddable":true,"href":"https:\/\/www.automakersnews.cz\/index.php\/wp-json\/wp\/v2\/media\/63162"}],"wp:attachment":[{"href":"https:\/\/www.automakersnews.cz\/index.php\/wp-json\/wp\/v2\/media?parent=108319"}],"wp:term":[{"taxonomy":"category","embeddable":true,"href":"https:\/\/www.automakersnews.cz\/index.php\/wp-json\/wp\/v2\/categories?post=108319"},{"taxonomy":"post_tag","embeddable":true,"href":"https:\/\/www.automakersnews.cz\/index.php\/wp-json\/wp\/v2\/tags?post=108319"}],"curies":[{"name":"wp","href":"https:\/\/api.w.org\/{rel}","templated":true}]}}