{"id":108354,"date":"2025-09-04T07:25:26","date_gmt":"2025-09-04T07:25:26","guid":{"rendered":"https:\/\/www.automakersnews.cz\/?p=108354"},"modified":"2025-09-04T07:25:26","modified_gmt":"2025-09-04T07:25:26","slug":"toyota-zacne-v-koline-vyrabet-elektromobil","status":"publish","type":"post","link":"https:\/\/www.automakersnews.cz\/index.php\/2025\/09\/04\/toyota-zacne-v-koline-vyrabet-elektromobil\/","title":{"rendered":"Toyota za\u010dne v Kol\u00edn\u011b vyr\u00e1b\u011bt elektromobil"},"content":{"rendered":"<p><strong>Toyota Motor Europe (TME) zah\u00e1j\u00ed v\u00fdrobu nov\u00e9ho bateriov\u00e9ho elektromobilu v kol\u00ednsk\u00e9 Toyota Motor Manufacturing Czech Republic (TMMCZ). Na slavnostn\u00edm setk\u00e1n\u00ed na \u00da\u0159adu vl\u00e1dy to ozn\u00e1mili \u010desk\u00fd premi\u00e9r Petr Fiala a ministr pr\u016fmyslu a obchodu Luk\u00e1\u0161 Vl\u010dek spole\u010dn\u011b s Yoshihirem Nakatou, prezidentem TME<\/strong>.<!--more--><span id=\"more-15986\"><\/span><\/p>\n<p>Tento krok je z\u00e1rove\u0148 v\u00fdznamnou investic\u00ed, nebo\u0165 z\u00e1vod TMMCZ v\u00a0Kol\u00edn\u011b se roz\u0161\u00ed\u0159\u00ed z\u00a0p\u016fvodn\u00edch 152\u00a0032 m\u00b2 na 173 202 m\u00b2 za \u00fa\u010delem zah\u00e1jen\u00ed v\u00fdroby nov\u00e9ho vozidla v\u010detn\u011b p\u0159\u00edslu\u0161n\u00fdch bateri\u00ed, instalace nov\u00e9 lakovny a\u00a0sva\u0159ovny.<\/p>\n<p>Financov\u00e1n\u00ed v\u00fdstavby nov\u00e9 v\u00fdrobn\u00ed linky pro bateriov\u00e9 elektromobily bude zaji\u0161t\u011bno formou nov\u00fdch investi\u010dn\u00edch v\u00fddaj\u016f automobilky Toyota ve v\u00fd\u0161i p\u0159ibli\u017en\u011b 680 milion\u016f eur, v\u010detn\u011b investi\u010dn\u00ed pob\u00eddky \u010desk\u00e9 vl\u00e1dy a\u017e do v\u00fd\u0161e 64 milion\u016f eur do speci\u00e1ln\u00edho z\u00e1vodu na mont\u00e1\u017e bateri\u00ed. Z\u00a0hlediska Toyoty je toto rozhodnut\u00ed potvrzen\u00edm vlastn\u00edho mnohostrann\u00e9ho p\u0159\u00edstupu k\u00a0bezemisn\u00ed doprav\u011b, s\u00a0c\u00edlem do roku 2040 dos\u00e1hnout v\u00a0Evrop\u011b uhl\u00edkov\u00e9 neutrality.<\/p>\n<p><img loading=\"lazy\" decoding=\"async\" class=\"alignnone size-medium wp-image-15990\" src=\"http:\/\/www.automakers.cz\/wp-content\/uploads\/2025\/09\/Toyota-Kolin-vlada-TK-Fiala-900x600.jpg\" sizes=\"auto, (max-width: 900px) 100vw, 900px\" srcset=\"https:\/\/www.automakers.cz\/wp-content\/uploads\/2025\/09\/Toyota-Kolin-vlada-TK-Fiala-900x600.jpg 900w, https:\/\/www.automakers.cz\/wp-content\/uploads\/2025\/09\/Toyota-Kolin-vlada-TK-Fiala-1024x683.jpg 1024w, https:\/\/www.automakers.cz\/wp-content\/uploads\/2025\/09\/Toyota-Kolin-vlada-TK-Fiala-768x512.jpg 768w, https:\/\/www.automakers.cz\/wp-content\/uploads\/2025\/09\/Toyota-Kolin-vlada-TK-Fiala-1536x1024.jpg 1536w, https:\/\/www.automakers.cz\/wp-content\/uploads\/2025\/09\/Toyota-Kolin-vlada-TK-Fiala.jpg 1620w\" alt=\"\" width=\"900\" height=\"600\" \/><em>\u201eJsem velmi r\u00e1d, \u017ee \u010cesk\u00e1 republika dok\u00e1zala z\u00edskat tak v\u00fdznamn\u00e9ho zahrani\u010dn\u00edho investora jako je pr\u00e1v\u011b Toyota, a\u00a0to i\u00a0p\u0159esto \u017ee o\u00a0tuto investici do v\u00fdroby elektroaut usilovaly i\u00a0jin\u00e9 zem\u011b. Tato investice nejen\u017ee roz\u0161\u00ed\u0159\u00ed st\u00e1vaj\u00edc\u00ed v\u00fdrobu v\u00a0Kol\u00edn\u011b, ale z\u00e1rove\u0148 p\u0159edstavuje d\u016fle\u017eit\u00fd krok sm\u011brem k\u00a0vy\u0161\u0161\u00ed technologick\u00e9 \u00farovni a\u00a0k dlouhodob\u00e9mu udr\u017een\u00ed v\u00fdroby aut v\u00a0na\u0161\u00ed zemi. Automobilov\u00fd pr\u016fmysl tvo\u0159\u00ed p\u0159ibli\u017en\u011b 10 % na\u0161eho HDP, a\u00a0pokud si ho chceme udr\u017eet, mus\u00edme jej systematicky modernizovat. Pr\u00e1v\u011b tyto projekty jsou pro budoucnost \u010desk\u00e9ho automobilov\u00e9ho pr\u016fmyslu kl\u00ed\u010dov\u00e9 \u2013 zvy\u0161uj\u00ed jeho konkurenceschopnost, podporuj\u00ed inovace a\u00a0z\u00e1rove\u0148 vytv\u00e1\u0159ej\u00ed nov\u00e1 kvalifikovan\u00e1 pracovn\u00ed m\u00edsta. V\u00a0tomto konkr\u00e9tn\u00edm p\u0159\u00edpad\u011b vznikne v\u00a0regionu 245 nov\u00fdch pozic. Zahrani\u010dn\u00ed investice jsou v\u00fdsledkem na\u0161\u00ed dlouhodob\u00e9 pr\u00e1ce a\u00a0my budeme usilovat o\u00a0to, aby byla \u010cesk\u00e1 republika i\u00a0nad\u00e1le silnou zem\u00ed, kter\u00e1 obstoj\u00ed v\u00a0evropsk\u00e9 i\u00a0sv\u011btov\u00e9 konkurenci,\u201c\u00a0<\/em>uvedl\u00a0<strong>Petr Fiala, p\u0159edseda vl\u00e1dy \u010cesk\u00e9 republiky.<\/strong><\/p>\n<p><em>\u201eTento velk\u00fd \u00fasp\u011bch pro \u010cesko, tedy \u017ee Toyota za\u010dne v\u00a0Kol\u00edn\u011b vyr\u00e1b\u011bt nejen elektrick\u00e9 vozy, ale tak\u00e9 kompletn\u00ed bateriov\u00e9 syst\u00e9my, je v\u00fdsledkem \u0159ady jedn\u00e1n\u00ed, na kter\u00fdch jsme s\u00a0m\u00fdm t\u00fdmem pracovali v\u00a0Japonsku i\u00a0Evrop\u011b. R\u00e1d bych na tomto m\u00edst\u011b pod\u011bkoval na\u0161im partner\u016fm z\u00a0Toyoty za konstruktivn\u00ed spolupr\u00e1ci v\u00a0pr\u016fb\u011bhu cel\u00e9ho procesu. Usp\u011bli jsme v\u00a0nelehk\u00e9 konkurenci dal\u0161\u00edch z\u00e1jemc\u016f o\u00a0investici z\u00a0Evropy i\u00a0Asie a\u00a0op\u011bt se tak ukazuje, \u017ee d\u00edky stabiln\u00edmu a\u00a0p\u0159edv\u00eddateln\u00e9mu podnikatelsk\u00e9mu prost\u0159ed\u00ed, dobr\u00e9 infrastruktu\u0159e a\u00a0kvalifikovan\u00fdm pracovn\u00edk\u016fm je \u010cesko nejlep\u0161\u00ed adresou pro byznys. Investice Toyoty je kl\u00ed\u010dov\u00e1 nejen pro budoucnost \u010desk\u00e9ho automobilov\u00e9ho pr\u016fmyslu, ale tak\u00e9 pro p\u0159echod na\u0161\u00ed ekonomiky k\u00a0vy\u0161\u0161\u00ed p\u0159idan\u00e9 hodnot\u011b, jak to definuje i\u00a0na\u0161e Hospod\u00e1\u0159sk\u00e1 strategie: \u010cesko do top 10. V\u00fdroba bateriov\u00fdch syst\u00e9m\u016f bude prob\u00edhat v\u00a0r\u00e1mci v\u00fdrobn\u00edho are\u00e1lu spole\u010dnosti, co\u017e p\u0159in\u00e1\u0161\u00ed \u0159adu v\u00fdhod, krom\u011b sn\u00ed\u017een\u00ed emis\u00ed i\u00a0nez\u00e1vislost na extern\u00edch dodavatel\u00edch a\u00a0zrychlen\u00ed doby v\u00fdroby. D\u00edky investici Toyoty se \u010cesko tak\u00e9 stane d\u016fle\u017eitou sou\u010d\u00e1st\u00ed p\u0159echodu na \u010distou mobilitu. Vl\u00e1da tuto celkov\u011b 17miliardovou investici podpo\u0159ila \u010d\u00e1stkou 1,6 miliardy korun, p\u0159i\u010dem\u017e p\u0159\u00ednos pro st\u00e1t je spo\u010d\u00edtan\u00fd na zhruba 6 miliard korun,\u201c\u00a0<\/em>\u0159ekl\u00a0<strong>Luk\u00e1\u0161 Vl\u010dek, ministr pr\u016fmyslu a\u00a0obchodu \u010cR.<\/strong><\/p>\n<p><em>\u201eZah\u00e1jen\u00ed v\u00fdroby bateriov\u00fdch elektromobil\u016f dokl\u00e1d\u00e1 odhodl\u00e1n\u00ed na\u0161ich zam\u011bstnanc\u016f a\u00a0z\u00e1rove\u0148 potvrzuje vizi, kterou s\u00a0\u010deskou vl\u00e1dou sd\u00edl\u00edme, s\u00a0c\u00edlem d\u00e1le posunout udr\u017eitelnou mobilitu a\u00a0inovace. Mimo\u0159\u00e1dn\u011b si v\u00e1\u017e\u00edme t\u00e9to investice i\u00a0dosavadn\u00ed podpory a\u00a0uzn\u00e1n\u00ed ze strany \u010cesk\u00e9 republiky, p\u0159i\u010dem\u017e n\u00e1\u0161 p\u0159\u00edsp\u011bvek \u010desk\u00e9 spole\u010dnosti bude pokra\u010dovat v\u00a0duchu \u201aNejlep\u0161\u00ed firmy ve m\u011bst\u011b\u2018. Uveden\u00fd projekt na b\u00e1zi pokro\u010dil\u00fdch<\/em>\u00a0<em>technologi\u00ed pos\u00edl\u00ed na\u0161i p\u0159\u00edtomnost na evropsk\u00e9m trhu a\u00a0p\u0159isp\u011bje k\u00a0p\u0159echodu na \u010dist\u0161\u00ed a\u00a0\u00fa\u010dinn\u011bj\u0161\u00ed \u0159e\u0161en\u00ed dopravy,\u201c\u00a0<\/em>\u0159ekl\u00a0<strong>Yoshihiro Nakata, prezident a\u00a0gener\u00e1ln\u00ed \u0159editel spole\u010dnosti Toyota Motor Europe.<\/strong><\/p>\n<p><img loading=\"lazy\" decoding=\"async\" class=\"alignnone size-medium wp-image-15994\" src=\"http:\/\/www.automakers.cz\/wp-content\/uploads\/2025\/09\/Toyota-Fiala-MPO-rukotras-900x600.jpg\" sizes=\"auto, (max-width: 900px) 100vw, 900px\" srcset=\"https:\/\/www.automakers.cz\/wp-content\/uploads\/2025\/09\/Toyota-Fiala-MPO-rukotras-900x600.jpg 900w, https:\/\/www.automakers.cz\/wp-content\/uploads\/2025\/09\/Toyota-Fiala-MPO-rukotras-1024x683.jpg 1024w, https:\/\/www.automakers.cz\/wp-content\/uploads\/2025\/09\/Toyota-Fiala-MPO-rukotras-768x512.jpg 768w, https:\/\/www.automakers.cz\/wp-content\/uploads\/2025\/09\/Toyota-Fiala-MPO-rukotras-1536x1024.jpg 1536w, https:\/\/www.automakers.cz\/wp-content\/uploads\/2025\/09\/Toyota-Fiala-MPO-rukotras.jpg 1620w\" alt=\"\" width=\"900\" height=\"600\" \/><strong>Toyota dnes v\u00a0TMMCZ vyr\u00e1b\u00ed modely Aygo X a\u00a0Yaris Hybrid<\/strong> s\u00a0v\u00fdrobn\u00ed kapacitou p\u0159ibli\u017en\u011b 220\u00a0000 vozidel ro\u010dn\u011b. Od listopadu 2025 bude Toyota Aygo X vyr\u00e1b\u011bna pouze ve variant\u011b s\u00a0hybridn\u00edm pohonem. Zah\u00e1jen\u00edm v\u00fdroby bateriov\u00e9ho elektromobilu se zv\u00fd\u0161\u00ed mo\u017en\u00e1 kapacita z\u00e1vodu za \u00fa\u010delem v\u00fdroby dal\u0161\u00edch model\u016f v\u00a0r\u00e1mci mnohostrann\u00e9 strategie pohon\u016f a\u00a0dojde k\u00a0nav\u00fd\u0161en\u00ed po\u010dtu p\u0159\u00edm\u00fdch zam\u011bstnanc\u016f s\u00a0podobn\u00fdmi v\u00fdhodami pro cel\u00fd dodavatelsk\u00fd \u0159et\u011bzec, proto\u017ee v\u011bt\u0161inu d\u00edl\u016f budou zaji\u0161\u0165ovat dodavatel\u00e9 z\u00a0\u010cesk\u00e9 republiky.<\/p>\n<figure id=\"attachment_1566\" class=\"wp-caption alignnone\" aria-describedby=\"caption-attachment-1566\"><img loading=\"lazy\" decoding=\"async\" class=\"size-medium wp-image-1566\" src=\"http:\/\/www.automakers.cz\/wp-content\/uploads\/2024\/01\/TMMCZ_AygoX-Toyota-Yaris-900x600.jpg\" sizes=\"auto, (max-width: 900px) 100vw, 900px\" srcset=\"https:\/\/www.automakers.cz\/wp-content\/uploads\/2024\/01\/TMMCZ_AygoX-Toyota-Yaris-900x600.jpg 900w, https:\/\/www.automakers.cz\/wp-content\/uploads\/2024\/01\/TMMCZ_AygoX-Toyota-Yaris-1024x683.jpg 1024w, https:\/\/www.automakers.cz\/wp-content\/uploads\/2024\/01\/TMMCZ_AygoX-Toyota-Yaris-768x512.jpg 768w, https:\/\/www.automakers.cz\/wp-content\/uploads\/2024\/01\/TMMCZ_AygoX-Toyota-Yaris-1536x1024.jpg 1536w, https:\/\/www.automakers.cz\/wp-content\/uploads\/2024\/01\/TMMCZ_AygoX-Toyota-Yaris.jpg 1800w\" alt=\"\" width=\"900\" height=\"600\" \/><figcaption id=\"caption-attachment-1566\" class=\"wp-caption-text\">Toyota produkuje u Kol\u00edna modely Aygo a Yaris<\/figcaption><\/figure>\n<p><strong>TMMCZ m\u00e1 v\u00a0\u010cesk\u00e9 republice bohatou tradici sahaj\u00edc\u00ed p\u0159es 20 let nazp\u011bt<\/strong>, b\u011bhem nich\u017e tato spole\u010dnost vyrobila p\u0159es 4,5 milionu vozidel. Toyota zde v\u00a0roce 2002 za\u010dala vyr\u00e1b\u011bt model Aygo, je\u0161t\u011b v\u00a0dob\u011b, kdy se jednalo o\u00a0podnik se spole\u010dnou majetkovou \u00fa\u010dast\u00ed. V\u00a0roce 2021 p\u0159evzala Toyota cel\u00fd z\u00e1vod a\u00a0postupn\u011b d\u00e1le roz\u0161i\u0159ovala sv\u00e9 aktivity \u2013 nyn\u00ed je TMMCZ jedn\u00edm z\u00a0nejv\u011bt\u0161\u00edch zam\u011bstnavatel\u016f ve st\u0159edo\u010desk\u00e9m kraji s\u00a0p\u0159ibli\u017en\u011b 3 200 zam\u011bstnanci a\u00a065procentn\u00edm pod\u00edlem d\u00edl\u016f od dodavatel\u016f z\u00a0\u010cesk\u00e9 republiky.<\/p>\n<p><img loading=\"lazy\" decoding=\"async\" class=\"alignnone size-medium wp-image-8780\" src=\"http:\/\/www.automakers.cz\/wp-content\/uploads\/2024\/11\/toyotamegahubinkolincz-05-900x600.jpg\" alt=\"\" width=\"900\" height=\"600\" \/><strong>TMMCZ je z\u00e1rove\u0148 s\u00eddlem prvn\u00edho evropsk\u00e9ho logistick\u00e9ho centra<\/strong> \u201eMega Hub\u201c automobilky Toyota, zalo\u017een\u00e9ho v\u00a0roce 2024 za \u00fa\u010delem dod\u00e1vek vozidel prodejc\u016fm Toyota a\u00a0Lexus v\u00a0N\u011bmecku, Rakousku, Polsku, na Slovensku, v\u00a0Ma\u010farsku a\u00a0v \u010cesk\u00e9 republice \u2013 tedy na \u0161esti st\u0159edoevropsk\u00fdch trz\u00edch.<\/p>\n<p><strong>Dosavadn\u00ed investice Toyoty v\u00a0r\u00e1mci TMMCZ:<\/strong><\/p>\n<p>2002 a\u017e 2005 \u2013 zah\u00e1jen\u00ed provozu a\u00a0v\u00fdroby v\u00a0nov\u00e9m z\u00e1vod\u011b: 1,069 mld. eur,<\/p>\n<p>2020 a\u017e 2021 \u2013 roz\u0161\u00ed\u0159en\u00ed kapacity z\u00e1vodu za \u00fa\u010delem v\u00fdroby vozidel Yaris a\u00a0Aygo X na platform\u011b TNGA: 184 milion\u016f eur.<\/p>\n<p><strong>Zdroj: TK Toyota, \u00da\u0159ad vl\u00e1dy \u010cR<\/strong><\/p>\n<p><img loading=\"lazy\" decoding=\"async\" class=\"alignnone size-medium wp-image-15993\" src=\"http:\/\/www.automakers.cz\/wp-content\/uploads\/2025\/09\/Toyota-Kolin-jednani-Fiala-900x600.jpg\" sizes=\"auto, (max-width: 900px) 100vw, 900px\" srcset=\"https:\/\/www.automakers.cz\/wp-content\/uploads\/2025\/09\/Toyota-Kolin-jednani-Fiala-900x600.jpg 900w, https:\/\/www.automakers.cz\/wp-content\/uploads\/2025\/09\/Toyota-Kolin-jednani-Fiala-1024x683.jpg 1024w, https:\/\/www.automakers.cz\/wp-content\/uploads\/2025\/09\/Toyota-Kolin-jednani-Fiala-768x512.jpg 768w, https:\/\/www.automakers.cz\/wp-content\/uploads\/2025\/09\/Toyota-Kolin-jednani-Fiala-1536x1025.jpg 1536w, https:\/\/www.automakers.cz\/wp-content\/uploads\/2025\/09\/Toyota-Kolin-jednani-Fiala.jpg 1619w\" alt=\"\" width=\"900\" height=\"600\" \/><\/p>\n","protected":false},"excerpt":{"rendered":"<div class=\"mh-excerpt\"><p>Toyota Motor Europe (TME) zah\u00e1j\u00ed v\u00fdrobu nov\u00e9ho bateriov\u00e9ho elektromobilu v kol\u00ednsk\u00e9 Toyota Motor Manufacturing Czech Republic (TMMCZ). Na slavnostn\u00edm setk\u00e1n\u00ed na \u00da\u0159adu vl\u00e1dy to ozn\u00e1mili <a class=\"mh-excerpt-more\" href=\"https:\/\/www.automakersnews.cz\/index.php\/2025\/09\/04\/toyota-zacne-v-koline-vyrabet-elektromobil\/\" title=\"Toyota za\u010dne v Kol\u00edn\u011b vyr\u00e1b\u011bt elektromobil\">[&#8230;]<\/a><\/p>\n<\/div>","protected":false},"author":1,"featured_media":108355,"comment_status":"open","ping_status":"open","sticky":false,"template":"","format":"standard","meta":{"footnotes":""},"categories":[9,41],"tags":[],"class_list":["post-108354","post","type-post","status-publish","format-standard","has-post-thumbnail","hentry","category-investice","category-vyroba"],"_links":{"self":[{"href":"https:\/\/www.automakersnews.cz\/index.php\/wp-json\/wp\/v2\/posts\/108354","targetHints":{"allow":["GET"]}}],"collection":[{"href":"https:\/\/www.automakersnews.cz\/index.php\/wp-json\/wp\/v2\/posts"}],"about":[{"href":"https:\/\/www.automakersnews.cz\/index.php\/wp-json\/wp\/v2\/types\/post"}],"author":[{"embeddable":true,"href":"https:\/\/www.automakersnews.cz\/index.php\/wp-json\/wp\/v2\/users\/1"}],"replies":[{"embeddable":true,"href":"https:\/\/www.automakersnews.cz\/index.php\/wp-json\/wp\/v2\/comments?post=108354"}],"version-history":[{"count":1,"href":"https:\/\/www.automakersnews.cz\/index.php\/wp-json\/wp\/v2\/posts\/108354\/revisions"}],"predecessor-version":[{"id":108356,"href":"https:\/\/www.automakersnews.cz\/index.php\/wp-json\/wp\/v2\/posts\/108354\/revisions\/108356"}],"wp:featuredmedia":[{"embeddable":true,"href":"https:\/\/www.automakersnews.cz\/index.php\/wp-json\/wp\/v2\/media\/108355"}],"wp:attachment":[{"href":"https:\/\/www.automakersnews.cz\/index.php\/wp-json\/wp\/v2\/media?parent=108354"}],"wp:term":[{"taxonomy":"category","embeddable":true,"href":"https:\/\/www.automakersnews.cz\/index.php\/wp-json\/wp\/v2\/categories?post=108354"},{"taxonomy":"post_tag","embeddable":true,"href":"https:\/\/www.automakersnews.cz\/index.php\/wp-json\/wp\/v2\/tags?post=108354"}],"curies":[{"name":"wp","href":"https:\/\/api.w.org\/{rel}","templated":true}]}}