{"id":108363,"date":"2025-09-22T13:18:28","date_gmt":"2025-09-22T13:18:28","guid":{"rendered":"https:\/\/www.automakersnews.cz\/?p=108363"},"modified":"2025-09-22T13:19:07","modified_gmt":"2025-09-22T13:19:07","slug":"media-pripomnela-10-vyroci-dieselgate","status":"publish","type":"post","link":"https:\/\/www.automakersnews.cz\/index.php\/2025\/09\/22\/media-pripomnela-10-vyroci-dieselgate\/","title":{"rendered":"M\u00e9dia p\u0159ipomn\u011bla 10. v\u00fdro\u010d\u00ed Dieselgate"},"content":{"rendered":"<p><strong>P\u0159ed deseti lety, b\u011bhem autosalonu IAA ve <span class=\"highlight-E0id2 highlight-E0M\">Frankfurtu<\/span> \u2013 vydaly americk\u00e9 \u00fa\u0159ady \u201eOzn\u00e1men\u00ed o poru\u0161en\u00ed p\u0159edpis\u016f\u201c proti spole\u010dnosti <span class=\"highlight-E1id1 highlight-E4id0 highlight-E1M highlight-E4M\">Volkswagen<\/span> <span class=\"highlight-E4id0 highlight-E1id1 highlight-E4M highlight-E1M\">AG<\/span>. To se brzy zm\u011bnilo v nejv\u011bt\u0161\u00ed skand\u00e1l v historii n\u011bmeck\u00e9ho <span class=\"highlight-query\">automobilov\u00e9ho<\/span> pr\u016fmyslu, p\u00ed\u0161e Autoweek.<\/strong><span id=\"more-16492\"><\/span><!--more--><\/p>\n<p><strong>Skand\u00e1l \u201eDieselgate<\/strong>\u201c \u2013 neleg\u00e1ln\u00ed manipulace s <span class=\"highlight-E4id1 highlight-E4M\">emisemi<\/span> statis\u00edc\u016f voz\u016f \u2013 uvrhl skupinu <span class=\"highlight-E1id1 highlight-E4id0 highlight-E1M highlight-E4M\">VW<\/span> do krize a tak\u00e9 urychlil p\u0159echod na <span class=\"highlight-E4id1 highlight-E4M\">elektromobilitu<\/span> do t\u00e9 m\u00edry, jak by se bez Dieselgate velmi pravd\u011bpodobn\u011b nestalo. Vzn\u011btov\u00fd motor na naftu, vynalezen\u00fd v N\u011bmecku, nyn\u00ed tvo\u0159\u00ed v <span class=\"highlight-E0id1 highlight-E0M\">N\u011bmecku<\/span> pouze 13 % nov\u00fdch registrac\u00ed a byl ji\u017e p\u0159edb\u011bhnut elektrick\u00fdm pohonem.<\/p>\n<p>V reakci na skand\u00e1l za\u010dali politici kl\u00e1st extr\u00e9mn\u00ed d\u016fraz na <span class=\"highlight-E4id1 highlight-E4M\">elektromobilitu<\/span>. Krom\u011b postupn\u00e9ho zp\u0159\u00eds\u0148ov\u00e1n\u00ed legislativy m\u016f\u017ee tento proces nakonec v\u00e9st k z\u00e1kazu spalovac\u00edch motor\u016f v <span class=\"highlight-E1id0 highlight-E1M\">EU<\/span>. Tak\u00e9 <span class=\"highlight-E4id0 highlight-E1id1 highlight-E4M highlight-E1M\">VW<\/span> reagoval extr\u00e9mn\u011b razantn\u011b \u2013 vzhledem k s\u00edle ud\u00e1lost\u00ed pochopiteln\u011b. Nov\u00fd <span class=\"highlight-E5id1 highlight-E5M\">gener\u00e1ln\u00ed<\/span> <span class=\"highlight-E5id1 highlight-E5M\">\u0159editel<\/span> <strong><span class=\"highlight-E2id0 highlight-E2M\">Herbert<\/span> <span class=\"highlight-E2id0 highlight-E2M\">Diess<\/span> <\/strong>v\u0161echno obr\u00e1til vzh\u016fru nohama, zru\u0161il turbodiesely a v\u0161e vsadil na elektromobily.<\/p>\n<p>P\u0159\u00edli\u0161n\u00e9 zam\u011b\u0159en\u00ed na elektromobily v\u0161ak koncernu <span class=\"highlight-E1id1 highlight-E4id0 highlight-E1M highlight-E4M\">VW<\/span> zpo\u010d\u00e1tku neprosp\u011blo. Produktov\u00e1 \u0159ada se proto nyn\u00ed upravuje a spalovac\u00ed motory se budou vyr\u00e1b\u011bt d\u00e9le.<\/p>\n<p><strong>Zdroj: Autoweek, CNN Prima News<\/strong><\/p>\n<p><iframe loading=\"lazy\" id=\"_ytid_79965\" class=\"__youtube_prefs__ epyt-is-override no-lazyload\" title=\"CNN Prima Dieselgate koment\u00e1\u0159 Erich Handl\" src=\"https:\/\/www.youtube.com\/embed\/OC9JJYMi3_k?enablejsapi=1&amp;autoplay=0&amp;cc_load_policy=0&amp;cc_lang_pref=&amp;iv_load_policy=1&amp;loop=0&amp;modestbranding=0&amp;rel=1&amp;fs=1&amp;playsinline=0&amp;autohide=2&amp;theme=dark&amp;color=red&amp;controls=1&amp;\" width=\"640\" height=\"360\" allowfullscreen=\"allowfullscreen\" data-origwidth=\"640\" data-origheight=\"360\" data-no-lazy=\"1\" data-skipgform_ajax_framebjll=\"\" data-mce-fragment=\"1\"><\/iframe><\/p>\n<div class=\"heateor_sss_sharing_container heateor_sss_vertical_sharing heateor_sss_bottom_sharing\" data-heateor-sss-href=\"https:\/\/www.automakers.cz\/?p=16492\"><\/div>\n<p>&nbsp;<\/p>\n","protected":false},"excerpt":{"rendered":"<div class=\"mh-excerpt\"><p>P\u0159ed deseti lety, b\u011bhem autosalonu IAA ve Frankfurtu \u2013 vydaly americk\u00e9 \u00fa\u0159ady \u201eOzn\u00e1men\u00ed o poru\u0161en\u00ed p\u0159edpis\u016f\u201c proti spole\u010dnosti Volkswagen AG. To se brzy zm\u011bnilo v <a class=\"mh-excerpt-more\" href=\"https:\/\/www.automakersnews.cz\/index.php\/2025\/09\/22\/media-pripomnela-10-vyroci-dieselgate\/\" title=\"M\u00e9dia p\u0159ipomn\u011bla 10. v\u00fdro\u010d\u00ed Dieselgate\">[&#8230;]<\/a><\/p>\n<\/div>","protected":false},"author":1,"featured_media":108364,"comment_status":"open","ping_status":"open","sticky":false,"template":"","format":"standard","meta":{"footnotes":""},"categories":[54,75,23],"tags":[],"class_list":["post-108363","post","type-post","status-publish","format-standard","has-post-thumbnail","hentry","category-kauza","category-video","category-vyroci"],"_links":{"self":[{"href":"https:\/\/www.automakersnews.cz\/index.php\/wp-json\/wp\/v2\/posts\/108363","targetHints":{"allow":["GET"]}}],"collection":[{"href":"https:\/\/www.automakersnews.cz\/index.php\/wp-json\/wp\/v2\/posts"}],"about":[{"href":"https:\/\/www.automakersnews.cz\/index.php\/wp-json\/wp\/v2\/types\/post"}],"author":[{"embeddable":true,"href":"https:\/\/www.automakersnews.cz\/index.php\/wp-json\/wp\/v2\/users\/1"}],"replies":[{"embeddable":true,"href":"https:\/\/www.automakersnews.cz\/index.php\/wp-json\/wp\/v2\/comments?post=108363"}],"version-history":[{"count":2,"href":"https:\/\/www.automakersnews.cz\/index.php\/wp-json\/wp\/v2\/posts\/108363\/revisions"}],"predecessor-version":[{"id":108366,"href":"https:\/\/www.automakersnews.cz\/index.php\/wp-json\/wp\/v2\/posts\/108363\/revisions\/108366"}],"wp:featuredmedia":[{"embeddable":true,"href":"https:\/\/www.automakersnews.cz\/index.php\/wp-json\/wp\/v2\/media\/108364"}],"wp:attachment":[{"href":"https:\/\/www.automakersnews.cz\/index.php\/wp-json\/wp\/v2\/media?parent=108363"}],"wp:term":[{"taxonomy":"category","embeddable":true,"href":"https:\/\/www.automakersnews.cz\/index.php\/wp-json\/wp\/v2\/categories?post=108363"},{"taxonomy":"post_tag","embeddable":true,"href":"https:\/\/www.automakersnews.cz\/index.php\/wp-json\/wp\/v2\/tags?post=108363"}],"curies":[{"name":"wp","href":"https:\/\/api.w.org\/{rel}","templated":true}]}}