{"id":108373,"date":"2025-11-10T07:44:55","date_gmt":"2025-11-10T07:44:55","guid":{"rendered":"https:\/\/www.automakersnews.cz\/?p=108373"},"modified":"2025-11-10T07:44:55","modified_gmt":"2025-11-10T07:44:55","slug":"e-salon-nabidne-12-tiskovych-konferenci","status":"publish","type":"post","link":"https:\/\/www.automakersnews.cz\/index.php\/2025\/11\/10\/e-salon-nabidne-12-tiskovych-konferenci\/","title":{"rendered":"e-SALON nab\u00eddne 12 tiskov\u00fdch konferenc\u00ed"},"content":{"rendered":"<p><strong><b>Veletrh \u010dist\u00e9 mobility e-SALON (13. do 16.11.) slibuje mezin\u00e1rodn\u00ed konferenci, festival elektrokol i z\u00e1vody. Novin\u00e1\u0159e \u010dek\u00e1 b\u011bhem odborn\u00e9ho dne dvan\u00e1ct tiskovek. <\/b><\/strong><span id=\"more-17739\"><\/span><!--more--><\/p>\n<p>Sedm\u00fd ro\u010dn\u00edk veletrhu e-SALON bude zah\u00e1jen ve \u010dtvrtek 13. listopadu a jeho prvn\u00ed den bude v\u011bnov\u00e1n pouze odborn\u00e9 ve\u0159ejnosti. Odstartuje odbornou <strong><b>konferenc\u00ed<\/b><\/strong>\u00a0<strong><b>\u010cist\u00e1 mobilita <\/b><\/strong>po\u0159\u00e1danou organiz\u00e1torem veletrhu, spole\u010dnost\u00ed ABF, na n\u00ed\u017e vystoup\u00ed p\u0159edn\u00ed odborn\u00edci na elektromobilitu z\u00a0\u010ceska i zahrani\u010d\u00ed. Z\u00fa\u010dastn\u00ed se tak\u00e9 ministr dopravy \u010cR Martin Kupka. T\u00e9mata jednotliv\u00fdch blok\u016f akce s\u00a0podtitulem Sm\u011b\u0159ov\u00e1n\u00ed k\u00a0\u010dist\u00e9 mobilit\u011b \u2013 nov\u00e9 v\u00fdzvy pro m\u011bsta a pro pr\u016fmysl se zam\u011b\u0159\u00ed na aktu\u00e1ln\u00ed d\u011bn\u00ed v\u00a0tomto odv\u011btv\u00ed, na \u00fasp\u011bchy i probl\u00e9my, kter\u00e9 se ho dot\u00fdkaj\u00ed.<\/p>\n<p>Jednotliv\u00e9 panely budou prob\u00edhat v konferen\u010dn\u00edch prostor\u00e1ch Vstupn\u00ed haly III. Partnery konference jsou spole\u010dnosti Envitrail a AgeVolt.<\/p>\n<p><img loading=\"lazy\" decoding=\"async\" class=\"alignnone size-medium wp-image-15784\" src=\"http:\/\/www.automakers.cz\/wp-content\/uploads\/2025\/08\/e-SALON_25_1938x208-900x97.jpg\" sizes=\"auto, (max-width: 900px) 100vw, 900px\" srcset=\"https:\/\/www.automakers.cz\/wp-content\/uploads\/2025\/08\/e-SALON_25_1938x208-900x97.jpg 900w, https:\/\/www.automakers.cz\/wp-content\/uploads\/2025\/08\/e-SALON_25_1938x208-1024x110.jpg 1024w, https:\/\/www.automakers.cz\/wp-content\/uploads\/2025\/08\/e-SALON_25_1938x208-768x82.jpg 768w, https:\/\/www.automakers.cz\/wp-content\/uploads\/2025\/08\/e-SALON_25_1938x208-1536x165.jpg 1536w, https:\/\/www.automakers.cz\/wp-content\/uploads\/2025\/08\/e-SALON_25_1938x208.jpg 1938w\" alt=\"\" width=\"900\" height=\"97\" \/><\/p>\n<p>Tak\u00e9 p\u00e1tek 14. listopadu nab\u00eddne odborn\u00fdm n\u00e1v\u0161t\u011bvn\u00edk\u016fm veletrhu e-SALON konferenci s n\u00e1zvem <strong><b>Modern\u00ed technologie v\u00a0elektrick\u00e9 doprav\u011b<\/b><\/strong>. Tematicky se zam\u011b\u0159\u00ed nap\u0159\u00edklad na podporu elektromobility v\u00a0\u010cR a zp\u011btnou vazbu pr\u016fmyslu, odv\u011btv\u00ed \u010dist\u00e9 mobility z\u00a0pohledu st\u00e1tn\u00edch instituc\u00ed nebo nast\u00edn\u00ed problematiku koup\u011b ojet\u00fdch elektrick\u00fdch voz\u016f.<\/p>\n<p>Pravidelnou sou\u010d\u00e1st\u00ed veletrhu jsou tak\u00e9 <strong><b>testovac\u00ed j\u00edzdy<\/b><\/strong>\u00a0<strong><b>voz\u016f<\/b><\/strong>, kter\u00e9 se t\u011b\u0161\u00ed velk\u00e9 oblib\u011b ve\u0159ejnosti. V\u00a0Hale 1 bude ve spolupr\u00e1ci s\u00a0partnery CAR MNGMT a Voltdrive pro n\u00e1v\u0161t\u011bvn\u00edky p\u0159ipravena testovac\u00ed flotila ro\u010dn\u00edku 2025, kter\u00e1 bude \u010d\u00edtat v\u00edce ne\u017e 60 model\u016f elektromobil\u016f.<\/p>\n<p>V\u00a0Hale 8 nab\u00eddne Asociace elektromobilov\u00e9ho pr\u016fmyslu s\u00a0podtitulkem <strong><b>Mikromobilita<\/b><\/strong>\u00a0po celou dobu kon\u00e1n\u00ed veletrhu mo\u017enosti testovac\u00edch j\u00edzd na howerboardech, segway\u00edch a dal\u0161\u00edch elektrick\u00fdch voz\u00edtk\u00e1ch a Volkswagen zajist\u00ed doprovodn\u00fd program pro d\u011bti.<\/p>\n<p>Z\u00e1jemci se mohou v\u00a0sobotu 15. listopadu a v\u00a0ned\u011bli 16. listopadu z\u00fa\u010dastnit <strong><b>s\u00e9rie p\u0159edn\u00e1\u0161ek youtuber\u016f<\/b><\/strong>\u00a0Anity Plasov\u00e9 (Dobit\u00fd baterky) a Martina Petr\u00e1\u0161e (Nejrychlej\u0161\u00ed Tesla) v\u00a0Konferen\u010dn\u00edm s\u00e1le 1 Vstupn\u00ed haly II, kter\u00e9 budou prob\u00edhat od 11 do 13:40.<\/p>\n<p><img loading=\"lazy\" decoding=\"async\" class=\"alignnone size-medium wp-image-17353\" src=\"http:\/\/www.automakers.cz\/wp-content\/uploads\/2025\/10\/ESALON-nabijecka_M2N27321-900x600.jpg\" alt=\"\" width=\"900\" height=\"600\" \/>Novinkou veletrhu budou letos testovac\u00ed j\u00edzdy elektrokol v\u00a0Hale 7, kde se tak\u00e9 uskute\u010dn\u00ed <strong><b>nejv\u011bt\u0161\u00ed festival elektrokol v\u00a0\u010cR \u2013 E-bike Fest<\/b><\/strong>. Partnery akce jsou nejv\u00fdrazn\u011bj\u0161\u00ed \u010de\u0161t\u00ed a sloven\u0161t\u00ed v\u00fdrobci elektrokol 4EVER, APACHE, CRUSSIS, KELLYS, ROCK MACHINE, LEVIT a Agogs, kter\u00e9 dopln\u00ed zahrani\u010dn\u00ed zna\u010dky BULLS, CORRATEC, RAYMON a dal\u0161\u00ed.<\/p>\n<p>V programu bude i z\u00e1vod <strong><b>Ecco Rally<\/b><\/strong>, kter\u00fd odstartuje 14. listopadu v PVA EXPO PRAHA. Vyhl\u00e1\u0161en\u00ed v\u00edt\u011bz\u016f prob\u011bhne 16. listopadu ve 14:00 v\u00a0Hale 2.<\/p>\n<figure id=\"attachment_268\" class=\"wp-caption alignnone\" aria-describedby=\"caption-attachment-268\"><img loading=\"lazy\" decoding=\"async\" class=\"size-medium wp-image-268\" src=\"http:\/\/www.automakers.cz\/wp-content\/uploads\/2023\/11\/eSalon-Vchod-e1699953457942-900x638.jpg\" sizes=\"auto, (max-width: 900px) 100vw, 900px\" srcset=\"https:\/\/www.automakers.cz\/wp-content\/uploads\/2023\/11\/eSalon-Vchod-e1699953457942-900x638.jpg 900w, https:\/\/www.automakers.cz\/wp-content\/uploads\/2023\/11\/eSalon-Vchod-e1699953457942-1024x725.jpg 1024w, https:\/\/www.automakers.cz\/wp-content\/uploads\/2023\/11\/eSalon-Vchod-e1699953457942-768x544.jpg 768w, https:\/\/www.automakers.cz\/wp-content\/uploads\/2023\/11\/eSalon-Vchod-e1699953457942-1536x1088.jpg 1536w, https:\/\/www.automakers.cz\/wp-content\/uploads\/2023\/11\/eSalon-Vchod-e1699953457942.jpg 2040w\" alt=\"\" width=\"900\" height=\"638\" \/><figcaption id=\"caption-attachment-268\" class=\"wp-caption-text\">Foto: Erich Handl<\/figcaption><\/figure>\n<p>V\u00a0hal\u00e1ch dojde i na vyzkou\u0161en\u00ed virtu\u00e1ln\u00ed reality od Platformy Vize 0 \u2013 simulace dopravn\u00ed nehody v\u00a0roli chodce i \u0159idi\u010de, aktivace simul\u00e1toru n\u00e1razu d\u011btsk\u00e9 autoseda\u010dky CYBEX Car Crash Simulator p\u0159i nehod\u011b na st\u00e1nku port\u00e1lu \u017dena v\u00a0aut\u011b, bubnov\u00e1 show na expozici Dongfeng \u010di setk\u00e1n\u00ed s\u00a0tv\u00e1\u0159emi TV Prima, kter\u00e1 je spoluorganiz\u00e1torem veletrhu.<\/p>\n<p><strong><b>Pro z\u00e1stupce m\u00e9di\u00ed a odborn\u00edky prob\u011bhne ve \u010dtvrtek 13. listopadu s\u00e9rie konferenc\u00ed:<\/b><\/strong><\/p>\n<p>8:00 \u2013 FORD \u2013 sn\u00eddan\u011b s novin\u00e1\u0159i \u2013 H3, 3A01<\/p>\n<p>9:00 \u2013 BYD, Hala 2D, expozice 2D01<\/p>\n<p>10:00 \u2013 \u0160koda Auto, Hala 4, expozice 4A01<\/p>\n<p>10:30 \u2013 KIA, Hala 4, expozice 4B01<\/p>\n<p>11:00 \u2013 NISSAN, Hala 3, expozice 3B02<\/p>\n<p>11:30 \u2013 HYUNDAI, Hala 4, expozice 4C03<\/p>\n<p>12:00 \u2013 MITSUBISHI, Hala 3, expozice 3A03<\/p>\n<p>12:30 \u2013 OPEL, Hala 3, expozice 3C03<\/p>\n<p>13:00 \u2013 TATRA, Hala 5, expozice 5C03<\/p>\n<p>13:30 \u2013 LEAP, Hala 5, expozice 5A02<\/p>\n<p>14:00 \u2013 DACIA, Hala 4, expozice 4C02<\/p>\n<p>15:00 \u2013 DONGFENG\/VOYAH, Hala 5, exp. 5A01<\/p>\n","protected":false},"excerpt":{"rendered":"<div class=\"mh-excerpt\"><p>Veletrh \u010dist\u00e9 mobility e-SALON (13. do 16.11.) slibuje mezin\u00e1rodn\u00ed konferenci, festival elektrokol i z\u00e1vody. Novin\u00e1\u0159e \u010dek\u00e1 b\u011bhem odborn\u00e9ho dne dvan\u00e1ct tiskovek.<\/p>\n<\/div>","protected":false},"author":1,"featured_media":108374,"comment_status":"open","ping_status":"open","sticky":false,"template":"","format":"standard","meta":{"footnotes":""},"categories":[28],"tags":[],"class_list":["post-108373","post","type-post","status-publish","format-standard","has-post-thumbnail","hentry","category-vystavy"],"_links":{"self":[{"href":"https:\/\/www.automakersnews.cz\/index.php\/wp-json\/wp\/v2\/posts\/108373","targetHints":{"allow":["GET"]}}],"collection":[{"href":"https:\/\/www.automakersnews.cz\/index.php\/wp-json\/wp\/v2\/posts"}],"about":[{"href":"https:\/\/www.automakersnews.cz\/index.php\/wp-json\/wp\/v2\/types\/post"}],"author":[{"embeddable":true,"href":"https:\/\/www.automakersnews.cz\/index.php\/wp-json\/wp\/v2\/users\/1"}],"replies":[{"embeddable":true,"href":"https:\/\/www.automakersnews.cz\/index.php\/wp-json\/wp\/v2\/comments?post=108373"}],"version-history":[{"count":2,"href":"https:\/\/www.automakersnews.cz\/index.php\/wp-json\/wp\/v2\/posts\/108373\/revisions"}],"predecessor-version":[{"id":108376,"href":"https:\/\/www.automakersnews.cz\/index.php\/wp-json\/wp\/v2\/posts\/108373\/revisions\/108376"}],"wp:featuredmedia":[{"embeddable":true,"href":"https:\/\/www.automakersnews.cz\/index.php\/wp-json\/wp\/v2\/media\/108374"}],"wp:attachment":[{"href":"https:\/\/www.automakersnews.cz\/index.php\/wp-json\/wp\/v2\/media?parent=108373"}],"wp:term":[{"taxonomy":"category","embeddable":true,"href":"https:\/\/www.automakersnews.cz\/index.php\/wp-json\/wp\/v2\/categories?post=108373"},{"taxonomy":"post_tag","embeddable":true,"href":"https:\/\/www.automakersnews.cz\/index.php\/wp-json\/wp\/v2\/tags?post=108373"}],"curies":[{"name":"wp","href":"https:\/\/api.w.org\/{rel}","templated":true}]}}