{"id":108397,"date":"2026-03-05T11:12:30","date_gmt":"2026-03-05T11:12:30","guid":{"rendered":"https:\/\/www.automakersnews.cz\/?p=108397"},"modified":"2026-03-05T11:12:30","modified_gmt":"2026-03-05T11:12:30","slug":"brno-startuje-veletrh-motosalon-2026","status":"publish","type":"post","link":"https:\/\/www.automakersnews.cz\/index.php\/2026\/03\/05\/brno-startuje-veletrh-motosalon-2026\/","title":{"rendered":"Brno startuje veletrh MOTOSALON 2026"},"content":{"rendered":"<div><strong>Brn\u011bnsk\u00e9 v\u00fdstavi\u0161t\u011b host\u00ed od p\u00e1t\u00e9ho b\u0159ezna tradi\u010dn\u00ed jarn\u00ed v\u00fdstavu motocyklov\u00fdch novinek Motosalon, kterou BVV po\u0159\u00e1d\u00e1 ve spolupr\u00e1ci se Svazem dovozc\u016f automobil\u016f.<\/strong><\/div>\n<p><!--more--><\/p>\n<div>Veletrh tradi\u010dn\u011b st\u0159\u00edd\u00e1 Prahu s Brnem, leto p\u0159ipadl term\u00edn na moravskou metropoli. <strong>Slavnostn\u00ed start Motosalonu<\/strong> bude pat\u0159it tradi\u010dn\u00ed spanil\u00e9 j\u00edzd\u011b.<\/div>\n<div><\/div>\n<div>\u201eBur\u00e1cen\u00ed motor\u016f, energie jezdc\u016f i prvn\u00ed setk\u00e1n\u00ed s leto\u0161n\u00edmi hv\u011bzdami veletrhu \u2013 to je okam\u017eik, kter\u00fd si nenech uj\u00edt. Vyr\u00e1\u017e\u00ed se z pavilonu P, c\u00edlov\u00e9 m\u00edsto je p\u00f3dium v pavilonu F, kde prob\u011bhne ve 13.30 slavnostn\u00ed zah\u00e1jen\u00ed,\u201c l\u00e1kaj\u00ed z\u00e1jemce o prvn\u00ed den veletrhu organiz\u00e1to\u0159i.<\/div>\n<div><\/div>\n<div><b>Motosalon 2026 prob\u011bhne od 5. do 8. b\u0159ezna <\/b>a nab\u00eddne podle po\u0159adatel\u016f v\u0161e, co fanou\u0161ci jedn\u00e9 stopy miluj\u00ed \u2013 od exkluzivn\u00edch premi\u00e9r a\u017e po bur\u00e1cej\u00edc\u00ed show.<\/div>\n<div><\/div>\n<div><strong>Zdroj: BVV<\/strong><\/div>\n<div>\n<figure id=\"attachment_2575\" class=\"wp-caption alignnone\" aria-describedby=\"caption-attachment-2575\"><img loading=\"lazy\" decoding=\"async\" class=\"size-medium wp-image-2575\" src=\"http:\/\/www.automakers.cz\/wp-content\/uploads\/2024\/03\/Motosalon-Jawa-777x900.jpg\" alt=\"\" width=\"777\" height=\"900\" \/><\/figure>\n<\/div>\n","protected":false},"excerpt":{"rendered":"<div class=\"mh-excerpt\"><p>Brn\u011bnsk\u00e9 v\u00fdstavi\u0161t\u011b host\u00ed od p\u00e1t\u00e9ho b\u0159ezna tradi\u010dn\u00ed jarn\u00ed v\u00fdstavu motocyklov\u00fdch novinek Motosalon, kterou BVV po\u0159\u00e1d\u00e1 ve spolupr\u00e1ci se Svazem dovozc\u016f automobil\u016f.<\/p>\n<\/div>","protected":false},"author":1,"featured_media":108164,"comment_status":"open","ping_status":"open","sticky":false,"template":"","format":"standard","meta":{"footnotes":""},"categories":[46,28],"tags":[],"class_list":["post-108397","post","type-post","status-publish","format-standard","has-post-thumbnail","hentry","category-motocykly","category-vystavy"],"_links":{"self":[{"href":"https:\/\/www.automakersnews.cz\/index.php\/wp-json\/wp\/v2\/posts\/108397","targetHints":{"allow":["GET"]}}],"collection":[{"href":"https:\/\/www.automakersnews.cz\/index.php\/wp-json\/wp\/v2\/posts"}],"about":[{"href":"https:\/\/www.automakersnews.cz\/index.php\/wp-json\/wp\/v2\/types\/post"}],"author":[{"embeddable":true,"href":"https:\/\/www.automakersnews.cz\/index.php\/wp-json\/wp\/v2\/users\/1"}],"replies":[{"embeddable":true,"href":"https:\/\/www.automakersnews.cz\/index.php\/wp-json\/wp\/v2\/comments?post=108397"}],"version-history":[{"count":1,"href":"https:\/\/www.automakersnews.cz\/index.php\/wp-json\/wp\/v2\/posts\/108397\/revisions"}],"predecessor-version":[{"id":108398,"href":"https:\/\/www.automakersnews.cz\/index.php\/wp-json\/wp\/v2\/posts\/108397\/revisions\/108398"}],"wp:featuredmedia":[{"embeddable":true,"href":"https:\/\/www.automakersnews.cz\/index.php\/wp-json\/wp\/v2\/media\/108164"}],"wp:attachment":[{"href":"https:\/\/www.automakersnews.cz\/index.php\/wp-json\/wp\/v2\/media?parent=108397"}],"wp:term":[{"taxonomy":"category","embeddable":true,"href":"https:\/\/www.automakersnews.cz\/index.php\/wp-json\/wp\/v2\/categories?post=108397"},{"taxonomy":"post_tag","embeddable":true,"href":"https:\/\/www.automakersnews.cz\/index.php\/wp-json\/wp\/v2\/tags?post=108397"}],"curies":[{"name":"wp","href":"https:\/\/api.w.org\/{rel}","templated":true}]}}