{"id":1105,"date":"2022-10-31T06:40:12","date_gmt":"2022-10-31T06:40:12","guid":{"rendered":"https:\/\/www.automakersnews.cz\/?p=1105"},"modified":"2022-10-31T06:40:12","modified_gmt":"2022-10-31T06:40:12","slug":"sda-na-silnicich-pribylo-sto-tisic-aut","status":"publish","type":"post","link":"https:\/\/www.automakersnews.cz\/index.php\/2022\/10\/31\/sda-na-silnicich-pribylo-sto-tisic-aut\/","title":{"rendered":"SDA: Na silnic\u00edch p\u0159ibylo sto tis\u00edc aut"},"content":{"rendered":"<p><strong>Na \u010desk\u00fdch silnic\u00edch letos za t\u0159i \u010dtvrtlet\u00ed p\u0159ibylo 104\u00a0916\u00a0osobn\u00edch aut a\u00a0jejich celkov\u00fd po\u010det tak vzrostl na 6,398\u00a0milionu. Pr\u016fm\u011brn\u00e9 st\u00e1\u0159\u00ed vozov\u00e9ho parku se zv\u00fd\u0161ilo o\u00a0\u010dtvrt roku na 15,83\u00a0roku. Ozn\u00e1mil to Svaz dovozc\u016f automobil\u016f.<\/strong><!--more--><\/p>\n<div class=\"e_a7\" data-dot=\"mol-paragraph\">\n<p class=\"c_a7\"><span class=\"c_bU\">\u201eV\u00fdrazn\u011bj\u0161\u00ed st\u00e1rnut\u00ed vozov\u00e9ho parku zp\u016fsobuj\u00ed jak ni\u017e\u0161\u00ed prodeje nov\u00fdch voz\u016f, tak dovoz ojet\u00fdch s\u00a0vysok\u00fdm pr\u016fm\u011brn\u00fdm st\u00e1\u0159\u00edm. Vliv m\u00e1 i\u00a0n\u00edzk\u00fd po\u010det vy\u0159azovan\u00fdch p\u0159est\u00e1rl\u00fdch vozidel,\u201c uvedl tajemn\u00edk Svazu dovozc\u016f automobil\u016f Josef Pokorn\u00fd.<\/span><\/p>\n<\/div>\n<div class=\"e_a7\" data-dot=\"mol-paragraph\">\n<p class=\"c_a7\"><span class=\"c_bU\">Dovezen\u00e1 ojet\u00e1 auta, kter\u00fdch bylo za prvn\u00ed t\u0159i \u010dtvrtlet\u00ed leto\u0161ka celkem 126\u00a0728, v\u0161ak celkov\u00fd pr\u016fm\u011br st\u00e1\u0159\u00ed \u010desk\u00e9ho vozov\u00e9ho parku sp\u00ed\u0161e sni\u017euj\u00ed. Podle spole\u010dnosti Cebia je aktu\u00e1ln\u011b dovezen\u00e1 ojetina pr\u016fm\u011brn\u011b star\u00e1 10,7\u00a0roku. Aut star\u0161\u00edch 10\u00a0let je 52,1\u00a0%, aut star\u0161\u00edch 15\u00a0let je m\u00e9n\u011b ne\u017e \u010dtvrtina\u00a0\u2013 23,3\u00a0%.<\/span><\/p>\n<\/div>\n<div class=\"e_a7\" data-dot=\"mol-paragraph\">\n<p class=\"c_a7\"><span class=\"c_bU\">Nutno dodat, \u017ee dnes patn\u00e1ctilet\u00e9 auto m\u00e1 rok v\u00fdroby 2007\u00a0a\u00a0je tedy veskrze modern\u00ed co do bezpe\u010dnostn\u00ed v\u00fdbavy i\u00a0kontroly emis\u00ed. V\u00a0t\u00e9 dob\u011b platila emisn\u00ed norma Euro 4, kter\u00e1 nap\u0159. v\u00a0N\u011bmecku zajist\u00ed zelenou, tedy nejvy\u0161\u0161\u00ed emisn\u00ed plaketu i\u00a0naftov\u00fdm osobn\u00edm aut\u016fm.<\/span><\/p>\n<p>Nejstar\u0161\u00ed kategori\u00ed vozidel v\u00a0\u010cesku z\u016fst\u00e1vaj\u00ed motocykly s\u00a0pr\u016fm\u011brem p\u0159es 34\u00a0let. Jejich po\u010det se letos zv\u00fd\u0161il o\u00a035\u00a0568\u00a0stroj\u016f na 1,285\u00a0milionu registrovan\u00fdch kus\u016f. M\u00edrn\u011b oml\u00e1dla kategorie traktor\u016f, kde se pr\u016fm\u011brn\u00e9 st\u00e1\u0159\u00ed sn\u00ed\u017eilo z\u00a032,68\u00a0na 32,55\u00a0roku. Jejich po\u010det se zv\u00fd\u0161il o\u00a0o 6232\u00a0na 204\u00a0582\u00a0vozidel.<\/p>\n<p>Mno\u017estv\u00ed lehk\u00fdch u\u017eitkov\u00fdch aut se zv\u00fd\u0161ilo o\u00a07951\u00a0na 618\u00a0356\u00a0kus\u016f s\u00a0pr\u016fm\u011brn\u00fdm v\u011bkem 14,13\u00a0roku. Jde tak o\u00a0kategorii vozidel s\u00a0nejni\u017e\u0161\u00edm pr\u016fm\u011brn\u00fdm st\u00e1\u0159\u00edm. Po\u010det n\u00e1kladn\u00edch aut stoupl o\u00a03400\u00a0na 190\u00a0305\u00a0s\u00a0pr\u016fm\u011brem st\u00e1\u0159\u00ed 18,22\u00a0roku. A\u00a0kone\u010dn\u011b, autobus\u016f p\u0159ibylo 939\u00a0na celkem 21\u00a0428\u00a0voz\u016f. Jejich pr\u016fm\u011brn\u00e9 st\u00e1\u0159\u00ed bylo 14,68\u00a0roku, dodal svaz.<\/p>\n<\/div>\n","protected":false},"excerpt":{"rendered":"<div class=\"mh-excerpt\"><p>Na \u010desk\u00fdch silnic\u00edch letos za t\u0159i \u010dtvrtlet\u00ed p\u0159ibylo 104\u00a0916\u00a0osobn\u00edch aut a\u00a0jejich celkov\u00fd po\u010det tak vzrostl na 6,398\u00a0milionu. Pr\u016fm\u011brn\u00e9 st\u00e1\u0159\u00ed vozov\u00e9ho parku se zv\u00fd\u0161ilo o\u00a0\u010dtvrt roku <a class=\"mh-excerpt-more\" href=\"https:\/\/www.automakersnews.cz\/index.php\/2022\/10\/31\/sda-na-silnicich-pribylo-sto-tisic-aut\/\" title=\"SDA: Na silnic\u00edch p\u0159ibylo sto tis\u00edc aut\">[&#8230;]<\/a><\/p>\n<\/div>","protected":false},"author":1,"featured_media":214,"comment_status":"open","ping_status":"open","sticky":false,"template":"","format":"standard","meta":{"footnotes":""},"categories":[8],"tags":[],"class_list":["post-1105","post","type-post","status-publish","format-standard","has-post-thumbnail","hentry","category-statistika"],"_links":{"self":[{"href":"https:\/\/www.automakersnews.cz\/index.php\/wp-json\/wp\/v2\/posts\/1105","targetHints":{"allow":["GET"]}}],"collection":[{"href":"https:\/\/www.automakersnews.cz\/index.php\/wp-json\/wp\/v2\/posts"}],"about":[{"href":"https:\/\/www.automakersnews.cz\/index.php\/wp-json\/wp\/v2\/types\/post"}],"author":[{"embeddable":true,"href":"https:\/\/www.automakersnews.cz\/index.php\/wp-json\/wp\/v2\/users\/1"}],"replies":[{"embeddable":true,"href":"https:\/\/www.automakersnews.cz\/index.php\/wp-json\/wp\/v2\/comments?post=1105"}],"version-history":[{"count":0,"href":"https:\/\/www.automakersnews.cz\/index.php\/wp-json\/wp\/v2\/posts\/1105\/revisions"}],"wp:featuredmedia":[{"embeddable":true,"href":"https:\/\/www.automakersnews.cz\/index.php\/wp-json\/wp\/v2\/media\/214"}],"wp:attachment":[{"href":"https:\/\/www.automakersnews.cz\/index.php\/wp-json\/wp\/v2\/media?parent=1105"}],"wp:term":[{"taxonomy":"category","embeddable":true,"href":"https:\/\/www.automakersnews.cz\/index.php\/wp-json\/wp\/v2\/categories?post=1105"},{"taxonomy":"post_tag","embeddable":true,"href":"https:\/\/www.automakersnews.cz\/index.php\/wp-json\/wp\/v2\/tags?post=1105"}],"curies":[{"name":"wp","href":"https:\/\/api.w.org\/{rel}","templated":true}]}}