{"id":11243,"date":"2022-12-26T09:38:26","date_gmt":"2022-12-26T09:38:26","guid":{"rendered":"https:\/\/www.automakersnews.cz\/?p=11243"},"modified":"2022-12-28T09:48:33","modified_gmt":"2022-12-28T09:48:33","slug":"asociaci-acea-povede-luca-de-meo","status":"publish","type":"post","link":"https:\/\/www.automakersnews.cz\/index.php\/2022\/12\/26\/asociaci-acea-povede-luca-de-meo\/","title":{"rendered":"Evropsk\u00e9 sdru\u017een\u00ed ACEA vede Luca de Meo"},"content":{"rendered":"<p><strong>Evropsk\u00e1 asociace v\u00fdrobc\u016f automobil\u016f (ACEA) bude m\u00edt od 1. ledna 2023 nov\u00e9ho\u00a0<span class=\"e5id4 advancedHighlight\" data-id=\"0\" data-classic=\"false\">prezidenta<\/span>. Po Oliveru Zipsovi z\u00a0<span class=\"e1id0 e4id0 advancedHighlight\" data-id=\"1\" data-classic=\"false\">BMW<\/span>\u00a0se nyn\u00ed ot\u011b\u017e\u00ed ujme\u00a0<span class=\"e2id1 advancedHighlight\" data-id=\"2\" data-classic=\"false\">Luca<\/span>\u00a0<span class=\"e2id1 advancedHighlight\" data-id=\"2\" data-classic=\"false\">de<\/span>\u00a0<span class=\"e2id1 advancedHighlight\" data-id=\"2\" data-classic=\"false\">Meo<\/span>\u00a0z\u00a0<span class=\"e1id2 e4id0 advancedHighlight\" data-id=\"5\" data-classic=\"false\">Renaultu<\/span>.<\/strong><!--more--><\/p>\n<p><span class=\"e2id1 advancedHighlight\" data-id=\"2\" data-classic=\"false\">Luca<\/span>\u00a0<span class=\"e2id1 advancedHighlight\" data-id=\"2\" data-classic=\"false\">de<\/span>\u00a0<span class=\"e2id1 advancedHighlight\" data-id=\"2\" data-classic=\"false\">Meo<\/span>,\u00a0<span class=\"e5id0 advancedHighlight\" data-id=\"9\" data-classic=\"false\">gener\u00e1ln\u00ed<\/span>\u00a0<span class=\"e5id0 advancedHighlight\" data-id=\"9\" data-classic=\"false\">\u0159editel<\/span>\u00a0<span class=\"e1id2 e4id0 advancedHighlight\" data-id=\"5\" data-classic=\"false\">Renault<\/span>\u00a0Group, p\u0159evezme v p\u0159\u00ed\u0161t\u00edm roce od\u00a0<span class=\"e5id0 advancedHighlight\" data-id=\"9\" data-classic=\"false\">gener\u00e1ln\u00edho<\/span>\u00a0<span class=\"e5id0 advancedHighlight\" data-id=\"9\" data-classic=\"false\">\u0159editele<\/span>\u00a0<span class=\"e1id0 e4id0 advancedHighlight\" data-id=\"1\" data-classic=\"false\">BMW<\/span>\u00a0<span class=\"e2id0 advancedHighlight\" data-id=\"15\" data-classic=\"false\">Olivera<\/span>\u00a0<span class=\"e2id0 advancedHighlight\" data-id=\"15\" data-classic=\"false\">Zipse<\/span>\u00a0veden\u00ed Evropsk\u00e9 asociace v\u00fdrobc\u016f automobil\u016f.\u00a0<span class=\"e5id4 advancedHighlight\" data-id=\"0\" data-classic=\"false\">Prezident<\/span>\u00a0ACEA slou\u017e\u00ed v\u017edy po dobu jednoho roku a na dal\u0161\u00ed m\u016f\u017ee b\u00fdt zvolen znovu pouze jednou. Za jeho volbu jsou zodpov\u011bdn\u00ed\u00a0<span class=\"e5id5 advancedHighlight\" data-id=\"18\" data-classic=\"false\">\u010dlenov\u00e9<\/span>\u00a0<span class=\"e5id5 advancedHighlight\" data-id=\"18\" data-classic=\"false\">p\u0159edstavenstva<\/span>.<\/p>\n<p>Pro\u010d je ale n\u011bco takov\u00e9ho d\u016fle\u017eit\u00e9 pro b\u011b\u017en\u00e9\u00a0<span class=\"e5id1 advancedHighlight\" data-id=\"20\" data-classic=\"false\">spot\u0159ebitele<\/span>? ACEA zastupuje \u0161estn\u00e1ct hlavn\u00edch evropsk\u00fdch\u00a0<span class=\"e5id6 advancedHighlight\" data-id=\"21\" data-classic=\"false\">v\u00fdrobc\u016f<\/span>\u00a0automobil\u016f, dod\u00e1vek, n\u00e1kladn\u00edch vozidel a autobus\u016f a pr\u00e1v\u011b tato asociace m\u00e1 velkou moc ovliv\u0148ovat a pomoci utv\u00e1\u0159et budoucnost, kterou se bude ub\u00edrat\u00a0<span class=\"e5id2 advancedHighlight e-personGeneral SearchKeywordHighlight\" data-id=\"22\" data-classic=\"true\">automobilov\u00fd<\/span>\u00a0<span class=\"e5id2 advancedHighlight\" data-id=\"23\" data-classic=\"false\">pr\u016fmysl<\/span>\u00a0v\u00a0<span class=\"e0id0 advancedHighlight\" data-id=\"24\" data-classic=\"false\">Evrop\u011b<\/span>. P\u0159edstavenstvo se mimo jin\u00e9 zapojuje i do aktivn\u00edho vyjedn\u00e1v\u00e1n\u00ed o emisn\u00edch norm\u00e1ch v\u00a0<span class=\"e1id1 advancedHighlight\" data-id=\"25\" data-classic=\"false\">Evropsk\u00e9<\/span>\u00a0<span class=\"e1id1 advancedHighlight\" data-id=\"25\" data-classic=\"false\">unii<\/span>.<\/p>\n<p>\u201eUplynul\u00e9 roky byly poznamen\u00e1ny pandemi\u00ed, co\u017e naru\u0161ilo dodavatelsk\u00fd \u0159et\u011bzec, v\u00e1lkou na Ukrajin\u011b a energetickou kriz\u00ed &#8211; to v\u0161e m\u011blo na n\u00e1\u0161 sektor hlubok\u00fd dopad. P\u0159esto byl evropsk\u00fd\u00a0<span class=\"e5id2 advancedHighlight e-personGeneral SearchKeywordHighlight\" data-id=\"22\" data-classic=\"true\">automobilov\u00fd<\/span>\u00a0<span class=\"e5id2 advancedHighlight\" data-id=\"23\" data-classic=\"false\">pr\u016fmysl<\/span>\u00a0ve vysoce nestabiln\u00edch dob\u00e1ch spolehlivou pr\u016fmyslovou p\u00e1te\u0159\u00ed\u00a0<span class=\"e1id1 advancedHighlight\" data-id=\"25\" data-classic=\"false\">EU<\/span>. Z\u00e1rove\u0148 jsme se sna\u017eili varovat p\u0159ed nadm\u011brnou regulac\u00ed a po\u017eadovali, aby z\u00e1kladem konkurenceschopnosti\u00a0<span class=\"e1id1 advancedHighlight\" data-id=\"25\" data-classic=\"false\">EU<\/span>\u00a0byla technologick\u00e1 neutralita,\u201c uvedl odch\u00e1zej\u00edc\u00ed\u00a0<span class=\"e2id0 advancedHighlight\" data-id=\"15\" data-classic=\"false\">Zipse<\/span>.<\/p>\n<p>Sou\u010dasn\u00fd nejvy\u0161\u0161\u00ed mu\u017e\u00a0<span class=\"e1id0 e4id0 advancedHighlight\" data-id=\"1\" data-classic=\"false\">BMW<\/span>\u00a0byl ve veden\u00ed ACEA velice v\u00fdraznou postavou a \u010dasto se pom\u011brn\u011b p\u0159\u00edm\u011b vyjad\u0159oval t\u0159eba i na bl\u00ed\u017e\u00edc\u00ed se z\u00e1kaz prodeje aut se spalovac\u00edmi motory. Ve\u0159ejn\u011b se nechal sly\u0161et, \u017ee evrop\u0161t\u00ed\u00a0<span class=\"e5id6 advancedHighlight\" data-id=\"21\" data-classic=\"false\">v\u00fdrobci<\/span>\u00a0nejsou zdaleka p\u0159ipraveni na tak razantn\u00ed krok. Podobn\u00fd n\u00e1zor pak sd\u00edl\u00ed i jeho n\u00e1stupce z\u00a0<span class=\"e1id2 e4id0 advancedHighlight\" data-id=\"5\" data-classic=\"false\">Renaultu<\/span>, tak\u017ee je patrn\u00e9, \u017ee se stanoviska asociace p\u0159\u00edli\u0161 m\u011bnit nebudou.<\/p>\n<p>\u201eACEA bude i pod m\u00fdm veden\u00edm nad\u00e1le prosazovat rovnov\u00e1hu mezi t\u00edm, co je dobr\u00e9 pro \u017eivotn\u00ed prost\u0159ed\u00ed, ale tak\u00e9 pro evropskou ekonomiku a pro spole\u010dnost,\u201c uvedl\u00a0<span class=\"e2id1 advancedHighlight\" data-id=\"2\" data-classic=\"false\">Luca<\/span>\u00a0<span class=\"e2id1 advancedHighlight\" data-id=\"2\" data-classic=\"false\">de<\/span>\u00a0<span class=\"e2id1 advancedHighlight\" data-id=\"2\" data-classic=\"false\">Meo<\/span>.\u00a0<span class=\"e1id2 e4id0 advancedHighlight\" data-id=\"5\" data-classic=\"false\">Renault<\/span>\u00a0p\u0159itom pod jeho rukou postupuje obdobn\u011b. Investuje sice do elektrifikace, ale z\u00e1rove\u0148 se nevzd\u00e1v\u00e1 pl\u00e1n\u016f se spalovac\u00edmi motory.<\/p>\n","protected":false},"excerpt":{"rendered":"<div class=\"mh-excerpt\"><p>Evropsk\u00e1 asociace v\u00fdrobc\u016f automobil\u016f (ACEA) bude m\u00edt od 1. ledna 2023 nov\u00e9ho\u00a0prezidenta. Po Oliveru Zipsovi z\u00a0BMW\u00a0se nyn\u00ed ot\u011b\u017e\u00ed ujme\u00a0Luca\u00a0de\u00a0Meo\u00a0z\u00a0Renaultu.<\/p>\n<\/div>","protected":false},"author":1,"featured_media":11244,"comment_status":"open","ping_status":"open","sticky":false,"template":"","format":"standard","meta":{"footnotes":""},"categories":[3],"tags":[],"class_list":["post-11243","post","type-post","status-publish","format-standard","has-post-thumbnail","hentry","category-personalie"],"_links":{"self":[{"href":"https:\/\/www.automakersnews.cz\/index.php\/wp-json\/wp\/v2\/posts\/11243","targetHints":{"allow":["GET"]}}],"collection":[{"href":"https:\/\/www.automakersnews.cz\/index.php\/wp-json\/wp\/v2\/posts"}],"about":[{"href":"https:\/\/www.automakersnews.cz\/index.php\/wp-json\/wp\/v2\/types\/post"}],"author":[{"embeddable":true,"href":"https:\/\/www.automakersnews.cz\/index.php\/wp-json\/wp\/v2\/users\/1"}],"replies":[{"embeddable":true,"href":"https:\/\/www.automakersnews.cz\/index.php\/wp-json\/wp\/v2\/comments?post=11243"}],"version-history":[{"count":0,"href":"https:\/\/www.automakersnews.cz\/index.php\/wp-json\/wp\/v2\/posts\/11243\/revisions"}],"wp:featuredmedia":[{"embeddable":true,"href":"https:\/\/www.automakersnews.cz\/index.php\/wp-json\/wp\/v2\/media\/11244"}],"wp:attachment":[{"href":"https:\/\/www.automakersnews.cz\/index.php\/wp-json\/wp\/v2\/media?parent=11243"}],"wp:term":[{"taxonomy":"category","embeddable":true,"href":"https:\/\/www.automakersnews.cz\/index.php\/wp-json\/wp\/v2\/categories?post=11243"},{"taxonomy":"post_tag","embeddable":true,"href":"https:\/\/www.automakersnews.cz\/index.php\/wp-json\/wp\/v2\/tags?post=11243"}],"curies":[{"name":"wp","href":"https:\/\/api.w.org\/{rel}","templated":true}]}}