{"id":11277,"date":"2022-12-26T23:16:16","date_gmt":"2022-12-26T23:16:16","guid":{"rendered":"https:\/\/www.automakersnews.cz\/?p=11277"},"modified":"2022-12-26T23:16:16","modified_gmt":"2022-12-26T23:16:16","slug":"toyota-vyhrala-tendr-vysoke-skoly-banske","status":"publish","type":"post","link":"https:\/\/www.automakersnews.cz\/index.php\/2022\/12\/26\/toyota-vyhrala-tendr-vysoke-skoly-banske\/","title":{"rendered":"Toyota vyhr\u00e1la tendr Vysok\u00e9 \u0161koly B\u00e1\u0148sk\u00e9"},"content":{"rendered":"<p align=\"JUSTIFY\"><span style=\"font-family: Arial, serif;\"><span style=\"font-size: small;\"><b>Pracovn\u00edci V\u00fdzkumn\u00e9ho energetick\u00e9ho centra (VEC) p\u0159i Vysok\u00e9 \u0161kole b\u00e1\u0148sk\u00e9 v Ostrav\u011b budou jezdit vod\u00edkov\u00fdm vozem Toyota Mirai. Toyota zv\u00edt\u011bzila ve v\u00fdb\u011brov\u00e9m \u0159\u00edzen\u00ed, kter\u00e9 centrum vyhl\u00e1silo. Dodavatelem vozu je Toyota Louwman Praha.<\/b><\/span><\/span><!--more--><\/p>\n<p align=\"JUSTIFY\"><span style=\"font-family: Arial, serif;\"><span style=\"font-size: small;\">VEC propojuje v\u011bdu a v\u00fdzkum s prax\u00ed. Sou\u010d\u00e1st\u00ed t\u00e9to strategie je budov\u00e1n\u00ed vozov\u00e9ho parku, kter\u00fd odr\u00e1\u017e\u00ed sou\u010dasn\u00e9 energetick\u00e9 trendy. <\/span><\/span><\/p>\n<p align=\"JUSTIFY\"><span style=\"font-family: Arial, serif;\"><span style=\"font-size: small;\">Cena automobilu je 1,875 milionu K\u010d v\u010detn\u011b DPH. Automobil je financovan\u00fd z vlastn\u00edch a dota\u010dn\u00edch zdroj\u016f. V\u00fd\u0161e dotace z fondu Next Generation EU je 500 000 K\u010d. <\/span><\/span><\/p>\n<p align=\"JUSTIFY\"><span style=\"font-family: Arial, serif;\"><span style=\"font-size: small;\"><b>Auta vyu\u017e\u00edvaj\u00ed v ka\u017edodenn\u00edm provozu<\/b><\/span><\/span><\/p>\n<p align=\"JUSTIFY\"><span style=\"font-family: Arial, serif;\"><span style=\"font-size: small;\">VEC ji\u017e disponuje elektromobily a plug-in hybridy. Centrum tak podporuje ekologick\u00fd zp\u016fsob dopravy a z\u00e1rove\u0148 jeho pracovn\u00edci z\u00edsk\u00e1vaj\u00ed praktick\u00e9 zku\u0161enosti s modern\u00edmi technologiemi. Po\u0159\u00edzen\u00e1 auta jsou vyu\u017e\u00edv\u00e1na v ka\u017edodenn\u00edm provozu pracovn\u00edk\u016f p\u0159i v\u00fdkonu jejich b\u011b\u017en\u00e9 pracovn\u00ed \u010dinnosti.<\/span><\/span><\/p>\n<p align=\"JUSTIFY\">\u201e<span style=\"font-family: Arial, serif;\"><span style=\"font-size: small;\">Na\u0161\u00edm c\u00edlem je vyu\u017e\u00edvat zakoupen\u00e1 auta v\u010detn\u011b Mirai co nejv\u00edce pro z\u00edsk\u00e1n\u00ed co nejv\u011bt\u0161\u00edho po\u010dtu provozn\u00edch zku\u0161enost\u00ed a znalost\u00ed, z\u00e1rove\u0148 pro osvojen\u00ed nov\u00fdch zp\u016fsob\u016f ovl\u00e1d\u00e1n\u00ed u co nejv\u011bt\u0161\u00edho po\u010dtu \u0159idi\u010d\u016f,&#8220; \u0159\u00edk\u00e1 z\u00e1stupce \u0159editele VEC Zden\u011bk Neufinger.<\/span><\/span><\/p>\n<p align=\"JUSTIFY\"><span style=\"font-family: Arial, serif;\"><span style=\"font-size: small;\">V\u0160B je jednou z prvn\u00edch instituc\u00ed v \u010cesku, kter\u00e1 se rozhodla roz\u0161\u00ed\u0159it sv\u016fj vozov\u00fd park o v\u016fz s vod\u00edkov\u00fdm pohonem. Podle Martina \u010cih\u00e1ka z Louwman Praha se mo\u017enosti pro nasazen\u00ed Mirai postupn\u011b roz\u0161i\u0159uj\u00ed s t\u00edm, jak vznikaj\u00ed vod\u00edkov\u00e9 \u010derpac\u00ed stanice. \u201ePl\u00e1nujeme dal\u0161\u00ed podobn\u00e9 prodeje s vyu\u017eit\u00edm dotac\u00ed na ekologickou mobilitu,&#8220; dodal \u010cih\u00e1k.<\/span><\/span><\/p>\n<p align=\"JUSTIFY\"><img loading=\"lazy\" decoding=\"async\" class=\"alignnone size-medium wp-image-11279\" src=\"http:\/\/www.automakersnews.cz\/wp-content\/uploads\/2022\/12\/Tankovani-vodiku-do-Toyota-Mirai-e1672096549558-300x178.jpg\" alt=\"\" width=\"300\" height=\"178\" srcset=\"https:\/\/www.automakersnews.cz\/wp-content\/uploads\/2022\/12\/Tankovani-vodiku-do-Toyota-Mirai-e1672096549558-300x178.jpg 300w, https:\/\/www.automakersnews.cz\/wp-content\/uploads\/2022\/12\/Tankovani-vodiku-do-Toyota-Mirai-e1672096549558-768x456.jpg 768w, https:\/\/www.automakersnews.cz\/wp-content\/uploads\/2022\/12\/Tankovani-vodiku-do-Toyota-Mirai-e1672096549558.jpg 989w\" sizes=\"auto, (max-width: 300px) 100vw, 300px\" \/><\/p>\n","protected":false},"excerpt":{"rendered":"<div class=\"mh-excerpt\"><p>Pracovn\u00edci V\u00fdzkumn\u00e9ho energetick\u00e9ho centra (VEC) p\u0159i Vysok\u00e9 \u0161kole b\u00e1\u0148sk\u00e9 v Ostrav\u011b budou jezdit vod\u00edkov\u00fdm vozem Toyota Mirai. Toyota zv\u00edt\u011bzila ve v\u00fdb\u011brov\u00e9m \u0159\u00edzen\u00ed, kter\u00e9 centrum vyhl\u00e1silo. <a class=\"mh-excerpt-more\" href=\"https:\/\/www.automakersnews.cz\/index.php\/2022\/12\/26\/toyota-vyhrala-tendr-vysoke-skoly-banske\/\" title=\"Toyota vyhr\u00e1la tendr Vysok\u00e9 \u0161koly B\u00e1\u0148sk\u00e9\">[&#8230;]<\/a><\/p>\n<\/div>","protected":false},"author":1,"featured_media":11278,"comment_status":"open","ping_status":"open","sticky":false,"template":"","format":"standard","meta":{"footnotes":""},"categories":[25,36],"tags":[],"class_list":["post-11277","post","type-post","status-publish","format-standard","has-post-thumbnail","hentry","category-fleety","category-zakazky"],"_links":{"self":[{"href":"https:\/\/www.automakersnews.cz\/index.php\/wp-json\/wp\/v2\/posts\/11277","targetHints":{"allow":["GET"]}}],"collection":[{"href":"https:\/\/www.automakersnews.cz\/index.php\/wp-json\/wp\/v2\/posts"}],"about":[{"href":"https:\/\/www.automakersnews.cz\/index.php\/wp-json\/wp\/v2\/types\/post"}],"author":[{"embeddable":true,"href":"https:\/\/www.automakersnews.cz\/index.php\/wp-json\/wp\/v2\/users\/1"}],"replies":[{"embeddable":true,"href":"https:\/\/www.automakersnews.cz\/index.php\/wp-json\/wp\/v2\/comments?post=11277"}],"version-history":[{"count":0,"href":"https:\/\/www.automakersnews.cz\/index.php\/wp-json\/wp\/v2\/posts\/11277\/revisions"}],"wp:featuredmedia":[{"embeddable":true,"href":"https:\/\/www.automakersnews.cz\/index.php\/wp-json\/wp\/v2\/media\/11278"}],"wp:attachment":[{"href":"https:\/\/www.automakersnews.cz\/index.php\/wp-json\/wp\/v2\/media?parent=11277"}],"wp:term":[{"taxonomy":"category","embeddable":true,"href":"https:\/\/www.automakersnews.cz\/index.php\/wp-json\/wp\/v2\/categories?post=11277"},{"taxonomy":"post_tag","embeddable":true,"href":"https:\/\/www.automakersnews.cz\/index.php\/wp-json\/wp\/v2\/tags?post=11277"}],"curies":[{"name":"wp","href":"https:\/\/api.w.org\/{rel}","templated":true}]}}