{"id":1141,"date":"2022-10-31T07:18:09","date_gmt":"2022-10-31T07:18:09","guid":{"rendered":"https:\/\/www.automakersnews.cz\/?p=1141"},"modified":"2022-10-31T07:18:09","modified_gmt":"2022-10-31T07:18:09","slug":"ponikla-vzpomnela-na-sestidenni-v-krkonosich","status":"publish","type":"post","link":"https:\/\/www.automakersnews.cz\/index.php\/2022\/10\/31\/ponikla-vzpomnela-na-sestidenni-v-krkonosich\/","title":{"rendered":"Ponikl\u00e1 vzpomn\u011bla na \u0161estidenn\u00ed v Krkono\u0161\u00edch"},"content":{"rendered":"<p><strong>Letos uplynulo 50 let od mezin\u00e1rodn\u00ed <span class=\"advancedHighlight SearchKeywordHighlight\" data-classic=\"true\">\u0161estidenn\u00ed<\/span> motocyklov\u00e9 sout\u011b\u017ee FIM, kter\u00e1 m\u011bla centrum ve \u0160pindlerov\u011b ml\u00fdn\u011b a jej\u00ed\u017e trat\u011b vedly krkono\u0161skou krajinou, vzpomn\u011bl Karel Ber\u00e1nek na webu Gar\u00e1\u017e.cz. Jubileum p\u0159ipomn\u011bli tak\u00e9 nad\u0161enci z <span class=\"e0id1 advancedHighlight\" data-id=\"1\" data-classic=\"false\">K\u0159\u00ed\u017elic <\/span>uspo\u0159\u00e1d\u00e1n\u00edm setk\u00e1n\u00ed pam\u011btn\u00edk\u016f a dal\u0161\u00edch motocyklov\u00fdch <span class=\"e5id5 advancedHighlight\" data-id=\"3\" data-classic=\"false\">fanou\u0161k\u016f<\/span>, uprost\u0159ed centra horsk\u00e9 obce <span class=\"e0id3 advancedHighlight\" data-id=\"4\" data-classic=\"false\">Ponikl\u00e1<\/span>.<\/strong><!--more--><br \/>\nVelmi mil\u00e9 slavnosti pod n\u00e1zvem \u201e<span class=\"e3id1 advancedHighlight\" data-id=\"5\" data-classic=\"false\">Setk\u00e1n\u00ed<\/span>\u00a0v proudu \u010dasu\u201c se dokonce osobn\u011b \u00fa\u010dastnila polovina tehdej\u0161\u00edho \u010deskoslovensk\u00e9ho v\u00edt\u011bzn\u00e9ho Trophy teamu \u2013 jeho\u00a0<span class=\"e5id4 advancedHighlight\" data-id=\"6\" data-classic=\"false\">kapit\u00e1n<\/span>\u00a0<span class=\"e2id2 advancedHighlight\" data-id=\"7\" data-classic=\"false\">Josef<\/span>\u00a0<span class=\"e2id2 advancedHighlight\" data-id=\"7\" data-classic=\"false\">Fojt\u00edk<\/span>\u00a0a tehdej\u0161\u00ed mlad\u00edci, dnes sedmdes\u00e1tn\u00edci Petr \u010cemus a\u00a0<span class=\"e2id5 advancedHighlight\" data-id=\"9\" data-classic=\"false\">Josef<\/span>\u00a0<span class=\"e2id5 advancedHighlight\" data-id=\"9\" data-classic=\"false\">C\u00edsa\u0159<\/span>.<\/p>\n<p>Druh\u00e1 polovina \u0161esti\u010dlenn\u00e9ho t\u00fdmu \u2013\u00a0<span class=\"e2id1 advancedHighlight\" data-id=\"11\" data-classic=\"false\">Franti\u0161ek<\/span>\u00a0<span class=\"e2id1 advancedHighlight\" data-id=\"11\" data-classic=\"false\">Mr\u00e1zek<\/span>, Zden\u011bk \u010ce\u0161piva a\u00a0<span class=\"e2id4 advancedHighlight\" data-id=\"13\" data-classic=\"false\">Jaroslav<\/span>\u00a0<span class=\"e2id4 advancedHighlight\" data-id=\"13\" data-classic=\"false\">B\u0159\u00edza<\/span>\u00a0bohu\u017eel p\u0159ijet nemohla, proto\u017ee u\u017e nejsou mezi n\u00e1mi. Z tehdej\u0161\u00ed absolutn\u00ed \u0161pi\u010dky chyb\u011bl jen historicky nej\u00fasp\u011b\u0161n\u011bj\u0161\u00ed motocyklov\u00fd sout\u011b\u017e\u00e1k,\u00a0<span class=\"e2id0 advancedHighlight\" data-id=\"15\" data-classic=\"false\">Kv\u011btoslav<\/span>\u00a0<span class=\"e2id0 advancedHighlight\" data-id=\"15\" data-classic=\"false\">Ma\u0161ita<\/span>, mnohon\u00e1sobn\u00fd\u00a0<span class=\"e5id1 advancedHighlight\" data-id=\"17\" data-classic=\"false\">mistr<\/span>\u00a0sv\u011bta a\u00a0<span class=\"e5id3 advancedHighlight\" data-id=\"18\" data-classic=\"false\">v\u00edt\u011bz<\/span>\u00a0<span class=\"advancedHighlight SearchKeywordHighlight\" data-classic=\"true\">\u0161estidenn\u00ed<\/span>, kter\u00fd byl v roce 1972 shodou okolnost\u00ed zrovna zran\u011bn\u00fd, a letos mu v p\u0159\u00edjezdu zabr\u00e1nily tak\u00e9 zdravotn\u00ed d\u016fvody.<\/p>\n<p>Mezi\u00a0<span class=\"e5id2 advancedHighlight\" data-id=\"20\" data-classic=\"false\">hosty<\/span>\u00a0v\u00a0<span class=\"e0id3 advancedHighlight\" data-id=\"4\" data-classic=\"false\">Ponikl\u00e9<\/span>\u00a0byli tak\u00e9 dal\u0161\u00ed v\u00fdznamn\u00ed motocyklov\u00ed reprezentanti, p\u0159edev\u0161\u00edm v\u00edce ne\u017e devades\u00e1tilet\u00fd \u010dipera Miloslav Sou\u010dek, kter\u00fd na\u00a0<span class=\"advancedHighlight SearchKeywordHighlight\" data-classic=\"true\">\u0161estidenn\u00ed<\/span>\u00a0startoval u\u017e v roce 1955, d\u00e1le Stanislav Zloch, Emil \u010cunderl\u00edk,\u00a0<span class=\"e2id3 advancedHighlight\" data-id=\"23\" data-classic=\"false\">Josef<\/span>\u00a0<span class=\"e2id3 advancedHighlight\" data-id=\"23\" data-classic=\"false\">Rabas<\/span>\u00a0nebo Ji\u0159\u00ed\u00a0<span class=\"e5id6 advancedHighlight\" data-id=\"25\" data-classic=\"false\">C\u00edsa\u0159<\/span>, stejn\u011b jako n\u011bkolik dal\u0161\u00edch jezdc\u016f a pam\u011btn\u00edk\u016f tehdej\u0161\u00ed slavn\u00e9 sout\u011b\u017e\u00e1ck\u00e9 \u00e9ry. Sou\u010d\u00e1st\u00ed velmi mil\u00e9ho setk\u00e1n\u00ed byla i v\u00fdstavka tehdej\u0161\u00edch sout\u011b\u017en\u00edch motocykl\u016f, n\u011bkolika n\u00e1dhern\u00fdch veter\u00e1n\u016f, \u0159ady dobov\u00fdch pam\u011btihodnost\u00ed, a nav\u00edc beseda s pam\u011btn\u00edky a dal\u0161\u00ed pestr\u00fd kulturn\u00ed program.<\/p>\n<p>Za p\u0159ipomenut\u00ed jist\u011b stoj\u00ed, \u017ee\u00a0<span class=\"e0id0 advancedHighlight\" data-id=\"26\" data-classic=\"false\">\u010ceskoslovensko<\/span>\u00a0zv\u00edt\u011bzilo v hlavn\u00ed sout\u011b\u017ei t\u00e9to presti\u017en\u00ed sv\u011btov\u00e9 akce, pova\u017eovan\u00e9 ve sv\u00e9 dob\u011b za motocyklovou olympi\u00e1du, celkem patn\u00e1ctkr\u00e1t, poprv\u00e9 v roce 1947 ve\u00a0<span class=\"e0id2 advancedHighlight\" data-id=\"27\" data-classic=\"false\">Zl\u00edn\u011b<\/span>\u00a0a naposledy v roce 1982, kdy bylo st\u0159edisko\u00a0<span class=\"advancedHighlight SearchKeywordHighlight\" data-classic=\"true\">\u0161estidenn\u00ed<\/span>\u00a0sout\u011b\u017ee v\u00a0<span class=\"e0id5 advancedHighlight\" data-id=\"29\" data-classic=\"false\">Pova\u017esk\u00e9<\/span>\u00a0<span class=\"e0id5 advancedHighlight\" data-id=\"29\" data-classic=\"false\">Bystrici<\/span>. V letech 1970 a\u017e 1974 zv\u00edt\u011bzilo\u00a0<span class=\"e0id0 advancedHighlight\" data-id=\"26\" data-classic=\"false\">\u010ceskoslovensko<\/span>\u00a0ve Sv\u011btov\u00e9 trofeji dokonce p\u011btkr\u00e1t po sob\u011b. Druhou nejcenn\u011bj\u0161\u00ed trofej, St\u0159\u00edbrnou v\u00e1zu z\u00edskalo 17\u00d7. Dnes u\u017e neexistuj\u00edc\u00edm po\u017eadavkem tehdej\u0161\u00ed doby byla nutnost, aby jezdci sout\u011b\u017e\u00edc\u00ed o Mezin\u00e1rodn\u00ed a n\u00e1sledn\u011b Sv\u011btovou trofej startovali na stroj\u00edch vyroben\u00fdch v jejich mate\u0159sk\u00e9 zemi. To u\u017e dnes neplat\u00ed.<\/p>\n<p>\u010cas bohu\u017eel neskute\u010dn\u011b ut\u00edk\u00e1 a na mnoh\u00e9 historick\u00e9 miln\u00edky motocyklov\u00e9 historie se u\u017e skoro zapomn\u011blo, stejn\u011b jako upadl z\u00e1jem o n\u011bkter\u00e9 motoristick\u00e9 discipl\u00edny. Konkr\u00e9tn\u011b motocyklov\u00e9 sout\u011b\u017ee byly p\u0159ed takov\u00fdmi 75 a\u017e 40 lety nesm\u00edrn\u011b popul\u00e1rn\u00ed, ov\u0161em jm\u00e9na\u00a0<span class=\"e2id0 advancedHighlight\" data-id=\"15\" data-classic=\"false\">Ma\u0161ita<\/span>,\u00a0<span class=\"e2id2 advancedHighlight\" data-id=\"7\" data-classic=\"false\">Fojt\u00edk<\/span>,\u00a0<span class=\"e2id1 advancedHighlight\" data-id=\"11\" data-classic=\"false\">Mr\u00e1zek<\/span>, \u010ce\u0161piva a B\u0159\u00edza, stejn\u011b jako na jezdce p\u0159edch\u00e1zej\u00edc\u00edch generac\u00ed, u\u017e zbyly jen nostalgick\u00e9 vzpom\u00ednky nad\u0161enc\u016f. Proto d\u00edky po\u0159adatel\u016fm setk\u00e1n\u00ed za kr\u00e1sn\u00e9 p\u0159ipomenut\u00ed slavn\u00e9 minulosti.<\/p>\n","protected":false},"excerpt":{"rendered":"<div class=\"mh-excerpt\"><p>Letos uplynulo 50 let od mezin\u00e1rodn\u00ed \u0161estidenn\u00ed motocyklov\u00e9 sout\u011b\u017ee FIM, kter\u00e1 m\u011bla centrum ve \u0160pindlerov\u011b ml\u00fdn\u011b a jej\u00ed\u017e trat\u011b vedly krkono\u0161skou krajinou, vzpomn\u011bl Karel Ber\u00e1nek <a class=\"mh-excerpt-more\" href=\"https:\/\/www.automakersnews.cz\/index.php\/2022\/10\/31\/ponikla-vzpomnela-na-sestidenni-v-krkonosich\/\" title=\"Ponikl\u00e1 vzpomn\u011bla na \u0161estidenn\u00ed v Krkono\u0161\u00edch\">[&#8230;]<\/a><\/p>\n<\/div>","protected":false},"author":1,"featured_media":1142,"comment_status":"open","ping_status":"open","sticky":false,"template":"","format":"standard","meta":{"footnotes":""},"categories":[23],"tags":[],"class_list":["post-1141","post","type-post","status-publish","format-standard","has-post-thumbnail","hentry","category-vyroci"],"_links":{"self":[{"href":"https:\/\/www.automakersnews.cz\/index.php\/wp-json\/wp\/v2\/posts\/1141","targetHints":{"allow":["GET"]}}],"collection":[{"href":"https:\/\/www.automakersnews.cz\/index.php\/wp-json\/wp\/v2\/posts"}],"about":[{"href":"https:\/\/www.automakersnews.cz\/index.php\/wp-json\/wp\/v2\/types\/post"}],"author":[{"embeddable":true,"href":"https:\/\/www.automakersnews.cz\/index.php\/wp-json\/wp\/v2\/users\/1"}],"replies":[{"embeddable":true,"href":"https:\/\/www.automakersnews.cz\/index.php\/wp-json\/wp\/v2\/comments?post=1141"}],"version-history":[{"count":0,"href":"https:\/\/www.automakersnews.cz\/index.php\/wp-json\/wp\/v2\/posts\/1141\/revisions"}],"wp:featuredmedia":[{"embeddable":true,"href":"https:\/\/www.automakersnews.cz\/index.php\/wp-json\/wp\/v2\/media\/1142"}],"wp:attachment":[{"href":"https:\/\/www.automakersnews.cz\/index.php\/wp-json\/wp\/v2\/media?parent=1141"}],"wp:term":[{"taxonomy":"category","embeddable":true,"href":"https:\/\/www.automakersnews.cz\/index.php\/wp-json\/wp\/v2\/categories?post=1141"},{"taxonomy":"post_tag","embeddable":true,"href":"https:\/\/www.automakersnews.cz\/index.php\/wp-json\/wp\/v2\/tags?post=1141"}],"curies":[{"name":"wp","href":"https:\/\/api.w.org\/{rel}","templated":true}]}}