{"id":11433,"date":"2022-12-28T09:38:58","date_gmt":"2022-12-28T09:38:58","guid":{"rendered":"https:\/\/www.automakersnews.cz\/?p=11433"},"modified":"2022-12-28T09:38:12","modified_gmt":"2022-12-28T09:38:12","slug":"cez-bude-posuzovat-nabidky-na-dukovany","status":"publish","type":"post","link":"https:\/\/www.automakersnews.cz\/index.php\/2022\/12\/28\/cez-bude-posuzovat-nabidky-na-dukovany\/","title":{"rendered":"\u010cEZ bude posuzovat nab\u00eddky na Dukovany"},"content":{"rendered":"<p><strong>Uzav\u0159en\u00e9 prostory s opr\u00e1vn\u011bn\u00fdm p\u0159\u00edstupem pouze pro omezen\u00fd okruh hodnotitel\u016f se nach\u00e1zej\u00ed v Praze a v jadern\u00fdch elektr\u00e1rn\u00e1ch Temel\u00edn a Dukovany. P\u0159\u00edsn\u011b prov\u011b\u0159en\u00ed hodnotitel\u00e9 ze spole\u010dnosti Elektr\u00e1rna Dukovany II a \u010cEZ, kte\u0159\u00ed hodnot\u00ed p\u0159\u00edslu\u0161n\u00e9 \u010d\u00e1sti nab\u00eddek, sem vstupuj\u00ed bez mobiln\u00edho telefonu, po\u010d\u00edta\u010de i pozn\u00e1mkov\u00e9ho bloku. <\/strong><!--more--><\/p>\n<p>Tak\u0159ka nikdo nevid\u00ed nab\u00eddku celou, ale hodnotitel\u00e9 maj\u00ed k dispozici jen p\u0159\u00edslu\u0161nou \u010d\u00e1st, kterou budou hodnotit na speci\u00e1ln\u011b zabezpe\u010den\u00fdch po\u010d\u00edta\u010d\u00edch. Expert\u016fm nen\u00ed dovoleno vyn\u00e1\u0161et jak\u00e9koliv informace mimo uzav\u0159en\u00e9 prostory. Diskuse t\u00fdkaj\u00edc\u00ed se tendru jsou omezeny tak\u00e9 na tyto uzav\u0159en\u00e9 prostory a jinde v \u010cEZ neprob\u00edhaj\u00ed.<\/p>\n<p>Spole\u010dnost Elektr\u00e1rna Dukovany II ze Skupiny \u010cEZ tato striktn\u00ed pravidla stanovila pro maxim\u00e1ln\u00ed zaji\u0161t\u011bn\u00ed nestrannosti a regul\u00e9rnosti cel\u00e9ho procesu posuzov\u00e1n\u00ed technick\u00fdch a komer\u010dn\u00edch parametr\u016f nab\u00eddek, kter\u00e9 v uplynul\u00fdch dnech podala trojice uchaze\u010d\u016f Westinghouse, EdF a KHNP. Tendr na nov\u00fd jadern\u00fd zdroj bude nyn\u00ed pokra\u010dovat pr\u00e1v\u011b anal\u00fdzou nab\u00eddek a n\u00e1sledn\u011b prob\u011bhnou jedn\u00e1n\u00ed s uchaze\u010di, kte\u0159\u00ed by do konce z\u00e1\u0159\u00ed 2023 m\u011bli p\u0159edlo\u017eit fin\u00e1ln\u00ed nab\u00eddky. Po schv\u00e1len\u00ed hodnot\u00edc\u00ed zpr\u00e1vy st\u00e1tem bude v roce 2024 s v\u00edt\u011bzn\u00fdm kandid\u00e1tem uzav\u0159ena smlouva.<\/p>\n<p><img loading=\"lazy\" decoding=\"async\" class=\"alignnone wp-image-11434\" src=\"http:\/\/www.automakersnews.cz\/wp-content\/uploads\/2022\/12\/cez-small-300x213.jpg\" alt=\"\" width=\"749\" height=\"532\" srcset=\"https:\/\/www.automakersnews.cz\/wp-content\/uploads\/2022\/12\/cez-small-300x213.jpg 300w, https:\/\/www.automakersnews.cz\/wp-content\/uploads\/2022\/12\/cez-small-1024x728.jpg 1024w, https:\/\/www.automakersnews.cz\/wp-content\/uploads\/2022\/12\/cez-small-768x546.jpg 768w, https:\/\/www.automakersnews.cz\/wp-content\/uploads\/2022\/12\/cez-small.jpg 1313w\" sizes=\"auto, (max-width: 749px) 100vw, 749px\" \/><\/p>\n","protected":false},"excerpt":{"rendered":"<div class=\"mh-excerpt\"><p>Uzav\u0159en\u00e9 prostory s opr\u00e1vn\u011bn\u00fdm p\u0159\u00edstupem pouze pro omezen\u00fd okruh hodnotitel\u016f se nach\u00e1zej\u00ed v Praze a v jadern\u00fdch elektr\u00e1rn\u00e1ch Temel\u00edn a Dukovany. P\u0159\u00edsn\u011b prov\u011b\u0159en\u00ed hodnotitel\u00e9 ze <a class=\"mh-excerpt-more\" href=\"https:\/\/www.automakersnews.cz\/index.php\/2022\/12\/28\/cez-bude-posuzovat-nabidky-na-dukovany\/\" title=\"\u010cEZ bude posuzovat nab\u00eddky na Dukovany\">[&#8230;]<\/a><\/p>\n<\/div>","protected":false},"author":4,"featured_media":11436,"comment_status":"open","ping_status":"open","sticky":false,"template":"","format":"standard","meta":{"footnotes":""},"categories":[2],"tags":[],"class_list":["post-11433","post","type-post","status-publish","format-standard","has-post-thumbnail","hentry","category-news"],"_links":{"self":[{"href":"https:\/\/www.automakersnews.cz\/index.php\/wp-json\/wp\/v2\/posts\/11433","targetHints":{"allow":["GET"]}}],"collection":[{"href":"https:\/\/www.automakersnews.cz\/index.php\/wp-json\/wp\/v2\/posts"}],"about":[{"href":"https:\/\/www.automakersnews.cz\/index.php\/wp-json\/wp\/v2\/types\/post"}],"author":[{"embeddable":true,"href":"https:\/\/www.automakersnews.cz\/index.php\/wp-json\/wp\/v2\/users\/4"}],"replies":[{"embeddable":true,"href":"https:\/\/www.automakersnews.cz\/index.php\/wp-json\/wp\/v2\/comments?post=11433"}],"version-history":[{"count":0,"href":"https:\/\/www.automakersnews.cz\/index.php\/wp-json\/wp\/v2\/posts\/11433\/revisions"}],"wp:featuredmedia":[{"embeddable":true,"href":"https:\/\/www.automakersnews.cz\/index.php\/wp-json\/wp\/v2\/media\/11436"}],"wp:attachment":[{"href":"https:\/\/www.automakersnews.cz\/index.php\/wp-json\/wp\/v2\/media?parent=11433"}],"wp:term":[{"taxonomy":"category","embeddable":true,"href":"https:\/\/www.automakersnews.cz\/index.php\/wp-json\/wp\/v2\/categories?post=11433"},{"taxonomy":"post_tag","embeddable":true,"href":"https:\/\/www.automakersnews.cz\/index.php\/wp-json\/wp\/v2\/tags?post=11433"}],"curies":[{"name":"wp","href":"https:\/\/api.w.org\/{rel}","templated":true}]}}