{"id":11447,"date":"2022-12-28T09:55:27","date_gmt":"2022-12-28T09:55:27","guid":{"rendered":"https:\/\/www.automakersnews.cz\/?p=11447"},"modified":"2022-12-28T09:55:27","modified_gmt":"2022-12-28T09:55:27","slug":"czechtrade-sdili-konzultanty-s-czechinvestem","status":"publish","type":"post","link":"https:\/\/www.automakersnews.cz\/index.php\/2022\/12\/28\/czechtrade-sdili-konzultanty-s-czechinvestem\/","title":{"rendered":"CzechTrade sd\u00edl\u00ed konzultanty s CzechInvestem"},"content":{"rendered":"<p><strong>Od za\u010d\u00e1tku roku 2023 bude sedm region\u00e1ln\u00edch exportn\u00edch konzultant\u016f CzechInvestu zaji\u0161\u0165ovat aktivity i pro agenturu CzechTrade. <\/strong><!--more--><\/p>\n<p>Podle veden\u00ed obou instituc\u00ed t\u00edm doch\u00e1z\u00ed k je\u0161t\u011b u\u017e\u0161\u00ed spolupr\u00e1ci a efektivn\u011bj\u0161\u00edmu fungov\u00e1n\u00ed t\u00fdm\u016f obou agentur. CzechTrade se t\u00edmto krokem v\u00edce p\u0159ibl\u00ed\u017e\u00ed region\u00e1ln\u00edm firm\u00e1m ve v\u0161ech kraj\u00edch \u010cesk\u00e9 republiky a zkvalitn\u00ed sv\u00e9 slu\u017eby na podporu exportu.<\/p>\n<p>Na z\u00e1klad\u011b Ak\u010dn\u00edho pl\u00e1nu vl\u00e1dy \u010cesk\u00e9 republiky na podporu hospod\u00e1\u0159sk\u00e9ho r\u016fstu a zam\u011bstnanosti \u010cR uzav\u0159ely st\u00e1tn\u00ed agentury CzechTrade a CzechInvest dal\u0161\u00ed ve\u0159ejnopr\u00e1vn\u00ed smlouvu o spolupr\u00e1ci. V r\u00e1mci projektu REK vy\u010dlen\u00ed CzechInvest 7 region\u00e1ln\u00edch exportn\u00edch konzultant\u016f. Ti budou p\u016fsobit v region\u00e1ln\u00edch kancel\u00e1\u0159\u00edch a napom\u00e1hat rozvoji \u010desk\u00fdch firem p\u0159\u00edmo v regionem.<\/p>\n<p>\u201eKa\u017ed\u00e1 spolupr\u00e1ce s CzechInvestem p\u0159in\u00e1\u0161\u00ed zkvalitn\u011bn\u00ed a zefektivn\u011bn\u00ed slu\u017eeb obou agentur. Roz\u0161\u00ed\u0159en\u00ed na\u0161ich aktivit do kraj\u016f v\u00fdrazn\u011b p\u0159isp\u011bje k mapov\u00e1n\u00ed obchodn\u00edho potenci\u00e1lu region\u00e1ln\u00edch firem a jejich zapojen\u00ed do exportn\u00edch aktivit,\u201c \u0159\u00edk\u00e1 gener\u00e1ln\u00ed \u0159editel CzechTrade Radomil Dole\u017eal s t\u00edm, \u017ee exportn\u00ed konzultanti budou vedle mapov\u00e1n\u00ed regionu z hlediska podnikatelsk\u00e9ho a exportn\u00edho potenci\u00e1lu poskytovat konzulta\u010dn\u00ed \u010dinnost a organizovat semin\u00e1\u0159e a dal\u0161\u00ed vzd\u011bl\u00e1vac\u00ed akce.<\/p>\n<p>Agentura CzechInvest m\u00e1 region\u00e1ln\u00ed kancel\u00e1\u0159 ve v\u0161ech \u010desk\u00fdch kraj\u00edch. \u201eSedm z nich se nov\u011b stane kontaktn\u00edm m\u00edstem poskytuj\u00edc\u00edm slu\u017eby agentury CzechTrade. \u0158ada p\u0159edchoz\u00edch spole\u010dn\u00fdch projekt\u016f je d\u016fkazem, \u017ee vyu\u017eit\u00ed podobn\u00fdch synergi\u00ed je velk\u00fdm p\u0159\u00ednosem pro tuzemsk\u00e9 podniky,\u201d dod\u00e1v\u00e1 Petr O\u010dko, n\u00e1m\u011bstek ministra pr\u016fmyslu a obchodu pov\u011b\u0159en\u00fd \u0159\u00edzen\u00edm agentury CzechInvest a p\u0159ipom\u00edn\u00e1 dal\u0161\u00ed \u00fasp\u011b\u0161n\u00e9 spole\u010dn\u00e9 projekty agentur, jako je nap\u0159\u00edklad sd\u00edlen\u00ed zahrani\u010dn\u00edch kancel\u00e1\u0159\u00ed v n\u011bkter\u00fdch teritori\u00edch.<\/p>\n<p>Region\u00e1ln\u00ed konzultanti CzechTrade budou od 1. ledna dostupn\u00ed v sedmi m\u011bstech pro n\u00e1sleduj\u00edc\u00ed kraje:<\/p>\n<p>Pardubick\u00fd a Kr\u00e1lov\u00e9hradeck\u00fd kraj<\/p>\n<p>Plze\u0148sk\u00fd a Karlovarsk\u00fd kraj<\/p>\n<p>Libereck\u00fd a \u00dasteck\u00fd kraj<\/p>\n<p>Jiho\u010desk\u00fd a kraj Vyso\u010dina<\/p>\n<p>Moravskoslezsk\u00fd kraj<\/p>\n<p>Olomouck\u00fd a Zl\u00ednsk\u00fd kraj<\/p>\n<p>St\u0159edo\u010desk\u00fd kraj<\/p>\n<p>\u201eJsem r\u00e1d, \u017ee jsme na\u0161li shodu na vz\u00e1jemn\u00e9 spolupr\u00e1ci vl\u00e1dn\u00edch agentur. D\u00edky p\u0159\u00edtomnosti CzechTrade v regionech prost\u0159ednictv\u00edm s\u00edt\u00ed CzechInvest budeme region\u00e1ln\u00edm podnikatel\u016fm v\u00edce k dispozici a p\u0159edstav\u00edme slu\u017eby agentury v r\u00e1mci p\u0159ipravovan\u00e9 roadshow,\u201c doplnil Jan Kubata, \u0159editel sekce slu\u017eeb pro export\u00e9ry.<\/p>\n<p><img loading=\"lazy\" decoding=\"async\" class=\"alignnone wp-image-11449\" src=\"http:\/\/www.automakersnews.cz\/wp-content\/uploads\/2022\/12\/Podpis-smlouvy_02-small-300x225.jpg\" alt=\"\" width=\"748\" height=\"561\" srcset=\"https:\/\/www.automakersnews.cz\/wp-content\/uploads\/2022\/12\/Podpis-smlouvy_02-small-300x225.jpg 300w, https:\/\/www.automakersnews.cz\/wp-content\/uploads\/2022\/12\/Podpis-smlouvy_02-small-768x576.jpg 768w, https:\/\/www.automakersnews.cz\/wp-content\/uploads\/2022\/12\/Podpis-smlouvy_02-small-678x509.jpg 678w, https:\/\/www.automakersnews.cz\/wp-content\/uploads\/2022\/12\/Podpis-smlouvy_02-small-326x245.jpg 326w, https:\/\/www.automakersnews.cz\/wp-content\/uploads\/2022\/12\/Podpis-smlouvy_02-small-80x60.jpg 80w, https:\/\/www.automakersnews.cz\/wp-content\/uploads\/2022\/12\/Podpis-smlouvy_02-small.jpg 1024w\" sizes=\"auto, (max-width: 748px) 100vw, 748px\" \/><\/p>\n","protected":false},"excerpt":{"rendered":"<div class=\"mh-excerpt\"><p>Od za\u010d\u00e1tku roku 2023 bude sedm region\u00e1ln\u00edch exportn\u00edch konzultant\u016f CzechInvestu zaji\u0161\u0165ovat aktivity i pro agenturu CzechTrade.<\/p>\n<\/div>","protected":false},"author":4,"featured_media":11448,"comment_status":"open","ping_status":"open","sticky":false,"template":"","format":"standard","meta":{"footnotes":""},"categories":[48,2],"tags":[],"class_list":["post-11447","post","type-post","status-publish","format-standard","has-post-thumbnail","hentry","category-export","category-news"],"_links":{"self":[{"href":"https:\/\/www.automakersnews.cz\/index.php\/wp-json\/wp\/v2\/posts\/11447","targetHints":{"allow":["GET"]}}],"collection":[{"href":"https:\/\/www.automakersnews.cz\/index.php\/wp-json\/wp\/v2\/posts"}],"about":[{"href":"https:\/\/www.automakersnews.cz\/index.php\/wp-json\/wp\/v2\/types\/post"}],"author":[{"embeddable":true,"href":"https:\/\/www.automakersnews.cz\/index.php\/wp-json\/wp\/v2\/users\/4"}],"replies":[{"embeddable":true,"href":"https:\/\/www.automakersnews.cz\/index.php\/wp-json\/wp\/v2\/comments?post=11447"}],"version-history":[{"count":0,"href":"https:\/\/www.automakersnews.cz\/index.php\/wp-json\/wp\/v2\/posts\/11447\/revisions"}],"wp:featuredmedia":[{"embeddable":true,"href":"https:\/\/www.automakersnews.cz\/index.php\/wp-json\/wp\/v2\/media\/11448"}],"wp:attachment":[{"href":"https:\/\/www.automakersnews.cz\/index.php\/wp-json\/wp\/v2\/media?parent=11447"}],"wp:term":[{"taxonomy":"category","embeddable":true,"href":"https:\/\/www.automakersnews.cz\/index.php\/wp-json\/wp\/v2\/categories?post=11447"},{"taxonomy":"post_tag","embeddable":true,"href":"https:\/\/www.automakersnews.cz\/index.php\/wp-json\/wp\/v2\/tags?post=11447"}],"curies":[{"name":"wp","href":"https:\/\/api.w.org\/{rel}","templated":true}]}}