{"id":11569,"date":"2022-12-28T12:17:22","date_gmt":"2022-12-28T12:17:22","guid":{"rendered":"https:\/\/www.automakersnews.cz\/?p=11569"},"modified":"2022-12-28T12:17:45","modified_gmt":"2022-12-28T12:17:45","slug":"beranek-vzpominal-na-historii-sveta-motoru","status":"publish","type":"post","link":"https:\/\/www.automakersnews.cz\/index.php\/2022\/12\/28\/beranek-vzpominal-na-historii-sveta-motoru\/","title":{"rendered":"Ber\u00e1nek o\u017eivil historii Sv\u011bta motor\u016f"},"content":{"rendered":"<p><strong>Sv\u011bt motor\u016f letos slav\u00ed 75. v\u00fdro\u010d\u00ed a v rozhovoru zavzpom\u00ednal na tuto dlouhou historii s nejstar\u0161\u00edm \u010desk\u00fdm aktivn\u00edm motoristick\u00fdm novin\u00e1\u0159em Karlem Ber\u00e1nkem.<\/strong><!--more--><\/p>\n<p>Letos 84let\u00fd Karel Ber\u00e1nek, st\u00e1le aktivn\u00ed z\u00e1stupce \u0161\u00e9fredaktora \u010dasopisu Automakers, se k motoristick\u00e9 novin\u00e1\u0159in\u011b dostal n\u00e1hodou. V roce 1964 jezdil motokrosov\u00e9 sout\u011b\u017ee a tehdej\u0161\u00ed redaktor SM Mirek Ebr ho po\u017e\u00e1dal o zpr\u00e1vu ke Zlat\u00e9 p\u0159\u00edlb\u011b.<\/p>\n<p>&#8222;To bylo na podzim 1964, s p\u016fj\u010den\u00fdm fotoapar\u00e1tem od bratra, a pak jsem ji\u017e psal extern\u011b d\u00e1l,&#8220; up\u0159esnil matador \u010desk\u00e9 motonovina\u0159iny.<\/p>\n<p>P\u0159es anga\u017em\u00e1 v Motoristick\u00e9 sou\u010dasnosti se pak Karel stal v roce 1973 kmenov\u00fdm redaktorem Sv\u011bta motor\u016f.<\/p>\n<p>V redakci pak vydr\u017eel a\u017e do roku 1984, kdy p\u0159e\u0161el do \u010dasopisu Sign\u00e1l. Do Sv\u011bta motor\u016f se pak vr\u00e1til v roce 1991 jako z\u00e1stupce \u0161\u00e9fredaktora Otakara Gregory.<\/p>\n<p>Jak to bylo d\u00e1le a jak v\u00edd\u00ed Karel sou\u010dasnou pozici \u010dasopisu? V\u00edce v aktu\u00e1ln\u00edm \u010d\u00edsle SM!<\/p>\n<p><img loading=\"lazy\" decoding=\"async\" class=\"alignnone size-medium wp-image-11599\" src=\"http:\/\/www.automakersnews.cz\/wp-content\/uploads\/2022\/12\/Beranek-SM-rozhovor-75-let-rotated-e1672229796142-280x300.jpg\" alt=\"\" width=\"280\" height=\"300\" srcset=\"https:\/\/www.automakersnews.cz\/wp-content\/uploads\/2022\/12\/Beranek-SM-rozhovor-75-let-rotated-e1672229796142-280x300.jpg 280w, https:\/\/www.automakersnews.cz\/wp-content\/uploads\/2022\/12\/Beranek-SM-rozhovor-75-let-rotated-e1672229796142.jpg 723w\" sizes=\"auto, (max-width: 280px) 100vw, 280px\" \/><\/p>\n<p>&nbsp;<\/p>\n<p>&nbsp;<\/p>\n","protected":false},"excerpt":{"rendered":"<div class=\"mh-excerpt\"><p>Sv\u011bt motor\u016f letos slav\u00ed 75. v\u00fdro\u010d\u00ed a v rozhovoru zavzpom\u00ednal na tuto dlouhou historii s nejstar\u0161\u00edm \u010desk\u00fdm aktivn\u00edm motoristick\u00fdm novin\u00e1\u0159em Karlem Ber\u00e1nkem.<\/p>\n<\/div>","protected":false},"author":1,"featured_media":11598,"comment_status":"open","ping_status":"open","sticky":false,"template":"","format":"standard","meta":{"footnotes":""},"categories":[27,49],"tags":[],"class_list":["post-11569","post","type-post","status-publish","format-standard","has-post-thumbnail","hentry","category-media","category-novinari"],"_links":{"self":[{"href":"https:\/\/www.automakersnews.cz\/index.php\/wp-json\/wp\/v2\/posts\/11569","targetHints":{"allow":["GET"]}}],"collection":[{"href":"https:\/\/www.automakersnews.cz\/index.php\/wp-json\/wp\/v2\/posts"}],"about":[{"href":"https:\/\/www.automakersnews.cz\/index.php\/wp-json\/wp\/v2\/types\/post"}],"author":[{"embeddable":true,"href":"https:\/\/www.automakersnews.cz\/index.php\/wp-json\/wp\/v2\/users\/1"}],"replies":[{"embeddable":true,"href":"https:\/\/www.automakersnews.cz\/index.php\/wp-json\/wp\/v2\/comments?post=11569"}],"version-history":[{"count":0,"href":"https:\/\/www.automakersnews.cz\/index.php\/wp-json\/wp\/v2\/posts\/11569\/revisions"}],"wp:featuredmedia":[{"embeddable":true,"href":"https:\/\/www.automakersnews.cz\/index.php\/wp-json\/wp\/v2\/media\/11598"}],"wp:attachment":[{"href":"https:\/\/www.automakersnews.cz\/index.php\/wp-json\/wp\/v2\/media?parent=11569"}],"wp:term":[{"taxonomy":"category","embeddable":true,"href":"https:\/\/www.automakersnews.cz\/index.php\/wp-json\/wp\/v2\/categories?post=11569"},{"taxonomy":"post_tag","embeddable":true,"href":"https:\/\/www.automakersnews.cz\/index.php\/wp-json\/wp\/v2\/tags?post=11569"}],"curies":[{"name":"wp","href":"https:\/\/api.w.org\/{rel}","templated":true}]}}