{"id":120,"date":"2022-04-24T10:08:46","date_gmt":"2022-04-24T10:08:46","guid":{"rendered":"http:\/\/www.automakersnews.cz\/?p=120"},"modified":"2022-04-24T10:08:46","modified_gmt":"2022-04-24T10:08:46","slug":"ceska-scania-meni-pr-manazera","status":"publish","type":"post","link":"https:\/\/www.automakersnews.cz\/index.php\/2022\/04\/24\/ceska-scania-meni-pr-manazera\/","title":{"rendered":"\u010cesk\u00e1 Scania m\u011bn\u00ed PR mana\u017eera"},"content":{"rendered":"<p><strong>Z komunika\u010dn\u00edch str\u00e1nek \u010desk\u00e9 Scanie zmizelo letos na ja\u0159e jm\u00e9no dlouholet\u00e9ho PR mana\u017eera Viktora Tamaya. Kam \u0161el a kdo ho nahrad\u00ed?<\/strong><span id=\"more-151012\"><\/span><!--more--><\/p>\n<p>Tamayo potvrdil na\u0161emu \u010dasopisu p\u0159echod na novou \u017eidli: \u201eZe Scanie jsem p\u0159e\u0161el na pozici specialista sponzoringu v poji\u0161\u0165ovn\u011b Uniqa. Bohu\u017eel nemohu sd\u011blit, kdo je ve Scanii m\u016fj n\u00e1stupce ani kdy nastoup\u00ed,\u201c napsal n\u00e1m Tamayo.<\/p>\n<p>Podle dostupn\u00fdch informac\u00ed se m\u00e1 st\u00e1t novou komunika\u010dn\u00ed mana\u017eerkou Scanie Romana Polachov\u00e1 a koordin\u00e1tor PR a komunikace za CZ a SK by m\u011bl b\u00fdt tak\u00e9 u\u017e snad vybr\u00e1n, nastoup\u00ed n\u011bkdy v p\u0159\u00ed\u0161t\u00edch m\u011bs\u00edc\u00edch.<\/p>\n","protected":false},"excerpt":{"rendered":"<div class=\"mh-excerpt\"><p>Z komunika\u010dn\u00edch str\u00e1nek \u010desk\u00e9 Scanie zmizelo letos na ja\u0159e jm\u00e9no dlouholet\u00e9ho PR mana\u017eera Viktora Tamaya. Kam \u0161el a kdo ho nahrad\u00ed?<\/p>\n<\/div>","protected":false},"author":1,"featured_media":121,"comment_status":"open","ping_status":"open","sticky":false,"template":"","format":"standard","meta":{"footnotes":""},"categories":[3],"tags":[],"class_list":["post-120","post","type-post","status-publish","format-standard","has-post-thumbnail","hentry","category-personalie"],"_links":{"self":[{"href":"https:\/\/www.automakersnews.cz\/index.php\/wp-json\/wp\/v2\/posts\/120","targetHints":{"allow":["GET"]}}],"collection":[{"href":"https:\/\/www.automakersnews.cz\/index.php\/wp-json\/wp\/v2\/posts"}],"about":[{"href":"https:\/\/www.automakersnews.cz\/index.php\/wp-json\/wp\/v2\/types\/post"}],"author":[{"embeddable":true,"href":"https:\/\/www.automakersnews.cz\/index.php\/wp-json\/wp\/v2\/users\/1"}],"replies":[{"embeddable":true,"href":"https:\/\/www.automakersnews.cz\/index.php\/wp-json\/wp\/v2\/comments?post=120"}],"version-history":[{"count":0,"href":"https:\/\/www.automakersnews.cz\/index.php\/wp-json\/wp\/v2\/posts\/120\/revisions"}],"wp:featuredmedia":[{"embeddable":true,"href":"https:\/\/www.automakersnews.cz\/index.php\/wp-json\/wp\/v2\/media\/121"}],"wp:attachment":[{"href":"https:\/\/www.automakersnews.cz\/index.php\/wp-json\/wp\/v2\/media?parent=120"}],"wp:term":[{"taxonomy":"category","embeddable":true,"href":"https:\/\/www.automakersnews.cz\/index.php\/wp-json\/wp\/v2\/categories?post=120"},{"taxonomy":"post_tag","embeddable":true,"href":"https:\/\/www.automakersnews.cz\/index.php\/wp-json\/wp\/v2\/tags?post=120"}],"curies":[{"name":"wp","href":"https:\/\/api.w.org\/{rel}","templated":true}]}}