{"id":12262,"date":"2023-01-02T09:08:04","date_gmt":"2023-01-02T09:08:04","guid":{"rendered":"https:\/\/www.automakersnews.cz\/?p=12262"},"modified":"2023-01-02T09:57:42","modified_gmt":"2023-01-02T09:57:42","slug":"mafra-ukoncila-prilohu-auto-dnes","status":"publish","type":"post","link":"https:\/\/www.automakersnews.cz\/index.php\/2023\/01\/02\/mafra-ukoncila-prilohu-auto-dnes\/","title":{"rendered":"Mafra ukon\u010dila p\u0159\u00edlohu Auto DNES"},"content":{"rendered":"<p><strong>Medi\u00e1ln\u00ed d\u016fm Mafra ukon\u010dil s koncem roku 2022 vyd\u00e1v\u00e1n\u00ed n\u011bkter\u00fdch ti\u0161t\u011bn\u00fdch m\u011bs\u00ed\u010dn\u00edk\u016f ze sv\u00e9ho \u010dasopisov\u00e9ho portfolia. Za\u0159\u00edzl tak\u00e9 t\u00fddenn\u00ed p\u0159\u00edlohu den\u00edku MF DNES s n\u00e1zvem Auto DNES. Co budou d\u011blat jej\u00ed redakto\u0159i?<\/strong><!--more--><\/p>\n<p>Ke konci lo\u02c7bsk\u00e9ho roku p\u0159estala Mafra vyd\u00e1vat \u010dasopisy <strong><em>Speed<\/em><\/strong>,\u00a0<strong><em>M\u016fj sv\u011bt<\/em><\/strong>\u00a0a\u00a0<strong><em>Na chalup\u011b s Terezou Bebarovou.<\/em><\/strong> Management vydavatelstv\u00ed to v prosinci intern\u011b sd\u011blil jejich redakc\u00edm. Hlavn\u00edm d\u016fvodem m\u00e1 b\u00fdt cena pap\u00edru, kter\u00e1 se v posledn\u00ed dob\u011b v\u00fdrazn\u011b zv\u00fd\u0161ila, co\u017e zhor\u0161ilo ekonomiku jednotliv\u00fdch titul\u016f. Mafra rozhodnut\u00ed nekomentovala.<\/p>\n<p>\u010casopis o nejrychlej\u0161\u00edch autech Speed byl posledn\u00edm motoristick\u00fdm titulem Mafry, kter\u00e1 u\u017e p\u0159edloni zastavila \u010dasopisy <strong><em>Motor<\/em><\/strong>\u00a0a\u00a0<strong><em>Top Gear<\/em><\/strong>, rovn\u011b\u017e p\u0159evzat\u00e9 od Baueru.<\/p>\n<p><strong>T\u00fdm Auto DNES p\u0159ech\u00e1z\u00ed na web<\/strong><\/p>\n<p>Podle dostupn\u00fdch informac\u00ed skon\u010dila i p\u0159\u00edloha Auto DNES, kterou loni t\u00fddn\u011b p\u0159ipravovali redakto\u0159i Jolana Nov\u00e1kov\u00e1 a Roman \u0160vidrnoch se spolupracovn\u00edky Franti\u0161kem Dvo\u0159\u00e1kem a Martinem \u0160idl\u00e1kem.<\/p>\n<p>&#8222;Ti\u0161t\u011bn\u00e1 p\u0159\u00edloha Auto DNES je skute\u010dn\u011b ukon\u010dena, jako posledn\u00ed vy\u0161lo lo\u0148sk\u00e9 vyd\u00e1n\u00ed s \u010d\u00edslem 27. Motoristick\u00e1 novin\u00e1\u0159ina se ve vydavatelstv\u00ed Mafra p\u0159esouv\u00e1 do kyberprostoru, st\u00e1vaj\u00edc\u00ed redakto\u0159i nyn\u00ed pln\u00ed m\u00edstn\u00ed weby,&#8220; potvrdil \u010dasopisu Automakers Roman \u0160vidrnoch.<\/p>\n<figure id=\"attachment_12264\" aria-describedby=\"caption-attachment-12264\" style=\"width: 221px\" class=\"wp-caption alignnone\"><img loading=\"lazy\" decoding=\"async\" class=\"size-medium wp-image-12264\" src=\"http:\/\/www.automakersnews.cz\/wp-content\/uploads\/2023\/01\/Auto-DNES-orez-221x300.jpg\" alt=\"\" width=\"221\" height=\"300\" srcset=\"https:\/\/www.automakersnews.cz\/wp-content\/uploads\/2023\/01\/Auto-DNES-orez-221x300.jpg 221w, https:\/\/www.automakersnews.cz\/wp-content\/uploads\/2023\/01\/Auto-DNES-orez-754x1024.jpg 754w, https:\/\/www.automakersnews.cz\/wp-content\/uploads\/2023\/01\/Auto-DNES-orez-768x1043.jpg 768w, https:\/\/www.automakersnews.cz\/wp-content\/uploads\/2023\/01\/Auto-DNES-orez-1131x1536.jpg 1131w, https:\/\/www.automakersnews.cz\/wp-content\/uploads\/2023\/01\/Auto-DNES-orez.jpg 1499w\" sizes=\"auto, (max-width: 221px) 100vw, 221px\" \/><figcaption id=\"caption-attachment-12264\" class=\"wp-caption-text\">Prvn\u00ed vyd\u00e1n\u00ed Auto DNES z ledna 2022. Lo\u0148sk\u00fd rok byl nakonec pro obl\u00edbenou p\u0159\u00edlohu derni\u00e9rov\u00fd.<\/figcaption><\/figure>\n","protected":false},"excerpt":{"rendered":"<div class=\"mh-excerpt\"><p>Medi\u00e1ln\u00ed d\u016fm Mafra ukon\u010dil s koncem roku 2022 vyd\u00e1v\u00e1n\u00ed n\u011bkter\u00fdch ti\u0161t\u011bn\u00fdch m\u011bs\u00ed\u010dn\u00edk\u016f ze sv\u00e9ho \u010dasopisov\u00e9ho portfolia. Za\u0159\u00edzl tak\u00e9 t\u00fddenn\u00ed p\u0159\u00edlohu den\u00edku MF DNES s n\u00e1zvem <a class=\"mh-excerpt-more\" href=\"https:\/\/www.automakersnews.cz\/index.php\/2023\/01\/02\/mafra-ukoncila-prilohu-auto-dnes\/\" title=\"Mafra ukon\u010dila p\u0159\u00edlohu Auto DNES\">[&#8230;]<\/a><\/p>\n<\/div>","protected":false},"author":1,"featured_media":12263,"comment_status":"open","ping_status":"open","sticky":false,"template":"","format":"standard","meta":{"footnotes":""},"categories":[27],"tags":[],"class_list":["post-12262","post","type-post","status-publish","format-standard","has-post-thumbnail","hentry","category-media"],"_links":{"self":[{"href":"https:\/\/www.automakersnews.cz\/index.php\/wp-json\/wp\/v2\/posts\/12262","targetHints":{"allow":["GET"]}}],"collection":[{"href":"https:\/\/www.automakersnews.cz\/index.php\/wp-json\/wp\/v2\/posts"}],"about":[{"href":"https:\/\/www.automakersnews.cz\/index.php\/wp-json\/wp\/v2\/types\/post"}],"author":[{"embeddable":true,"href":"https:\/\/www.automakersnews.cz\/index.php\/wp-json\/wp\/v2\/users\/1"}],"replies":[{"embeddable":true,"href":"https:\/\/www.automakersnews.cz\/index.php\/wp-json\/wp\/v2\/comments?post=12262"}],"version-history":[{"count":0,"href":"https:\/\/www.automakersnews.cz\/index.php\/wp-json\/wp\/v2\/posts\/12262\/revisions"}],"wp:featuredmedia":[{"embeddable":true,"href":"https:\/\/www.automakersnews.cz\/index.php\/wp-json\/wp\/v2\/media\/12263"}],"wp:attachment":[{"href":"https:\/\/www.automakersnews.cz\/index.php\/wp-json\/wp\/v2\/media?parent=12262"}],"wp:term":[{"taxonomy":"category","embeddable":true,"href":"https:\/\/www.automakersnews.cz\/index.php\/wp-json\/wp\/v2\/categories?post=12262"},{"taxonomy":"post_tag","embeddable":true,"href":"https:\/\/www.automakersnews.cz\/index.php\/wp-json\/wp\/v2\/tags?post=12262"}],"curies":[{"name":"wp","href":"https:\/\/api.w.org\/{rel}","templated":true}]}}