{"id":12267,"date":"2023-01-02T09:19:29","date_gmt":"2023-01-02T09:19:29","guid":{"rendered":"https:\/\/www.automakersnews.cz\/?p=12267"},"modified":"2023-01-02T09:47:32","modified_gmt":"2023-01-02T09:47:32","slug":"cupra-podporila-barth-racing-na-dakaru","status":"publish","type":"post","link":"https:\/\/www.automakersnews.cz\/index.php\/2023\/01\/02\/cupra-podporila-barth-racing-na-dakaru\/","title":{"rendered":"Cupra podpo\u0159ila Barth Racing na Dakaru"},"content":{"rendered":"<p><strong>CUPRA Formentor se postavila na start Rallye Dakar jako novin\u00e1\u0159sk\u00fd v\u016fz \u010desk\u00e9ho t\u00fdmu BARTH Racing. Nejslavn\u011bj\u0161\u00ed vytrvalostn\u00ed automobilov\u00e1 sout\u011b\u017e na sv\u011bt\u011b se ji\u017e po\u010dtvrt\u00e9 v \u0159ad\u011b uskute\u010dn\u00ed v Sa\u00fadsk\u00e9 Ar\u00e1bii, v term\u00ednu od 31. prosince 2022 do 15. ledna 2023.<\/strong><!--more--><\/p>\n<p>\u201eZna\u010dka CUPRA m\u00e1 motoristick\u00fd sport ve sv\u00e9 DNA a plat\u00ed to i pro v\u0161echny jej\u00ed modely v\u010detn\u011b Formentoru, kter\u00fd jako v\u0161estrann\u00fd crossover SUV s pohonem v\u0161ech kol spl\u0148uje v\u0161echny po\u017eadavky na \u00fasp\u011b\u0161n\u00e9 nasazen\u00ed v roli doprovodn\u00e9ho vozidla i v tak n\u00e1ro\u010dn\u00e9 sout\u011b\u017ei, jakou je Rallye Dakar,\u201c\u00a0\u0159\u00edk\u00e1 Ale\u0161 Nov\u00e1k, \u0159editel zna\u010dky CUPRA pro \u010ceskou republiku.\u00a0\u201eCel\u00e9mu t\u00fdmu BARTH Racing p\u0159eji v\u00a0Rallye Dakar hodn\u011b \u00fasp\u011bch\u016f a se v\u0161emi fanou\u0161ky rychl\u00fdch kol se ji\u017e t\u011b\u0161\u00edme na zaj\u00edmav\u00e9 a nap\u00ednav\u00e9 report\u00e1\u017ee z\u00a0na\u0161eho Formentoru.\u201c<\/p>\n<figure id=\"attachment_12296\" aria-describedby=\"caption-attachment-12296\" style=\"width: 300px\" class=\"wp-caption alignnone\"><img loading=\"lazy\" decoding=\"async\" class=\"size-medium wp-image-12296\" src=\"http:\/\/www.automakersnews.cz\/wp-content\/uploads\/2023\/01\/SEAT-Novak-300x200.jpg\" alt=\"\" width=\"300\" height=\"200\" srcset=\"https:\/\/www.automakersnews.cz\/wp-content\/uploads\/2023\/01\/SEAT-Novak-300x200.jpg 300w, https:\/\/www.automakersnews.cz\/wp-content\/uploads\/2023\/01\/SEAT-Novak-768x513.jpg 768w, https:\/\/www.automakersnews.cz\/wp-content\/uploads\/2023\/01\/SEAT-Novak.jpg 1024w\" sizes=\"auto, (max-width: 300px) 100vw, 300px\" \/><figcaption id=\"caption-attachment-12296\" class=\"wp-caption-text\">Ale\u0161 Nov\u00e1k<\/figcaption><\/figure>\n<p>Dakarsk\u00e1 CUPRA Formentor m\u00e1 p\u0159ed sebou n\u00e1ro\u010dn\u00e9 dva t\u00fddny B\u011bhem kr\u00e1tk\u00e9 doby bude muset p\u0159ekonat a\u017e \u0161est tis\u00edc kilometr\u016f v\u00a0n\u00e1ro\u010dn\u00fdch pou\u0161tn\u00edch podm\u00ednk\u00e1ch Sa\u00fadsk\u00e9 Ar\u00e1bie v\u010detn\u011b \u00fasek\u016f mimo zpevn\u011bn\u00e9 cesty. Formentor p\u0159itom odstartuje do dakarsk\u00e9ho dobrodru\u017estv\u00ed ve zcela s\u00e9riov\u00e9 podob\u011b, bez jak\u00fdchkoli dodate\u010dn\u00fdch \u00faprav.<\/p>\n<p><strong>Report\u00e9\u0159i spol\u00e9haj\u00ed na \u010dty\u0159v\u00e1lec<\/strong><\/p>\n<p>T\u00fdm report\u00e9r\u016f \u010desk\u00e9ho t\u00fdmu BARTH Racing se bude spol\u00e9hat na v\u00fdkony z\u00e1\u017eehov\u00e9ho \u010dty\u0159v\u00e1lce 2.0 TSI vylad\u011bn\u00e9ho na 140 kW (190 k). Hnac\u00ed s\u00edlu t\u00e9to p\u0159epl\u0148ovan\u00e9 jednotky s\u00a0p\u0159\u00edm\u00fdm vst\u0159ikov\u00e1n\u00edm benzinu p\u0159en\u00e1\u0161\u00ed na vozovku vysp\u011bl\u00fd pohon v\u0161ech kol 4Drive ve spojen\u00ed se 7stup\u0148ovou\u00a0dvouspojkovou p\u0159evodovkou DSG. Dakarsk\u00e1 CUPRA Formentor v\u00a0b\u00edl\u00e9m odst\u00ednu Nevada je vybavena 19\u201c koly Performance z\u00a0lehk\u00e9 slitiny a v\u00a0interi\u00e9ru poskytne pos\u00e1dce maxim\u00e1ln\u00ed pohodl\u00ed na anatomicky tvarovan\u00fdch sedadlech \u010daloun\u011bn\u00fdch kombinac\u00ed tkaniny a \u010dern\u00e9 k\u016f\u017ee. Cestov\u00e1n\u00ed na dlouh\u00e9 vzd\u00e1lenosti zp\u0159\u00edjemn\u00ed adaptivn\u00ed tempomat a osv\u011b\u017euj\u00edc\u00ed chl\u00e1dek i v\u00a0pou\u0161tn\u00ed v\u00fdhni zajist\u00ed 3z\u00f3nov\u00e1 automatick\u00e1 klimatizace Climatronic.<\/p>\n<p>Na p\u0159elomu leto\u0161n\u00edho roku odstartuje ji\u017e 45. ro\u010dn\u00edk nejslavn\u011bj\u0161\u00ed maratonsk\u00e9 automobilov\u00e9 sout\u011b\u017ee vypsan\u00e9 pro r\u016fzn\u00e9 kategorie jednostop\u00fdch i dvoustop\u00fdch vozidel. Rallye Dakar 2023 se pojede po\u010dtvrt\u00e9 v\u00a0\u0159ad\u011b v\u00fdhradn\u011b na \u00fazem\u00ed Sa\u00fadsk\u00e9 Ar\u00e1bie.<\/p>\n<p>Po \u00favodn\u00edm silvestrovsk\u00e9m prologu prov\u011b\u0159\u00ed schopnosti pos\u00e1dek a jejich stroj\u016f 14 etap vedouc\u00edch horsk\u00fdmi oblastmi i p\u00edse\u010dn\u00fdmi pou\u0161t\u011bmi ze z\u00e1padn\u00edho na v\u00fdchodn\u00ed pob\u0159e\u017e\u00ed Arabsk\u00e9ho poloostrova. Celkov\u00e1 d\u00e9lka trasy je 8549 km, z\u00a0toho 4706 km p\u0159ipad\u00e1 na rychlostn\u00ed zkou\u0161ky.<\/p>\n<p>Report\u00e1\u017en\u00ed t\u00fdm moder\u00e1tora Vlasty Korce bude pro \u010ceskou televizi a R\u00e1dio Impuls z Formentoru dokumentovat p\u0159edev\u0161\u00edm v\u00fdkony Zde\u0148ka T\u016fmy z t\u00fdmu BARTH Racing, kter\u00fd se v\u00a0p\u0159edchoz\u00edm ro\u010dn\u00edku um\u00edstil v\u00a0kategorii QUAD (\u010dty\u0159kolky) na vynikaj\u00edc\u00edm 4. m\u00edst\u011b, a stal se tak nejl\u00e9pe um\u00edst\u011bn\u00fdm \u010cechem v\u00a0Rallye Dakar 2022.<\/p>\n<p>Zdroj: CUPRA Communications<\/p>\n","protected":false},"excerpt":{"rendered":"<div class=\"mh-excerpt\"><p>CUPRA Formentor se postavila na start Rallye Dakar jako novin\u00e1\u0159sk\u00fd v\u016fz \u010desk\u00e9ho t\u00fdmu BARTH Racing. Nejslavn\u011bj\u0161\u00ed vytrvalostn\u00ed automobilov\u00e1 sout\u011b\u017e na sv\u011bt\u011b se ji\u017e po\u010dtvrt\u00e9 v <a class=\"mh-excerpt-more\" href=\"https:\/\/www.automakersnews.cz\/index.php\/2023\/01\/02\/cupra-podporila-barth-racing-na-dakaru\/\" title=\"Cupra podpo\u0159ila Barth Racing na Dakaru\">[&#8230;]<\/a><\/p>\n<\/div>","protected":false},"author":1,"featured_media":12297,"comment_status":"open","ping_status":"open","sticky":false,"template":"","format":"standard","meta":{"footnotes":""},"categories":[16,18],"tags":[],"class_list":["post-12267","post","type-post","status-publish","format-standard","has-post-thumbnail","hentry","category-motorsport","category-sponzoring"],"_links":{"self":[{"href":"https:\/\/www.automakersnews.cz\/index.php\/wp-json\/wp\/v2\/posts\/12267","targetHints":{"allow":["GET"]}}],"collection":[{"href":"https:\/\/www.automakersnews.cz\/index.php\/wp-json\/wp\/v2\/posts"}],"about":[{"href":"https:\/\/www.automakersnews.cz\/index.php\/wp-json\/wp\/v2\/types\/post"}],"author":[{"embeddable":true,"href":"https:\/\/www.automakersnews.cz\/index.php\/wp-json\/wp\/v2\/users\/1"}],"replies":[{"embeddable":true,"href":"https:\/\/www.automakersnews.cz\/index.php\/wp-json\/wp\/v2\/comments?post=12267"}],"version-history":[{"count":0,"href":"https:\/\/www.automakersnews.cz\/index.php\/wp-json\/wp\/v2\/posts\/12267\/revisions"}],"wp:featuredmedia":[{"embeddable":true,"href":"https:\/\/www.automakersnews.cz\/index.php\/wp-json\/wp\/v2\/media\/12297"}],"wp:attachment":[{"href":"https:\/\/www.automakersnews.cz\/index.php\/wp-json\/wp\/v2\/media?parent=12267"}],"wp:term":[{"taxonomy":"category","embeddable":true,"href":"https:\/\/www.automakersnews.cz\/index.php\/wp-json\/wp\/v2\/categories?post=12267"},{"taxonomy":"post_tag","embeddable":true,"href":"https:\/\/www.automakersnews.cz\/index.php\/wp-json\/wp\/v2\/tags?post=12267"}],"curies":[{"name":"wp","href":"https:\/\/api.w.org\/{rel}","templated":true}]}}