{"id":12377,"date":"2023-01-03T08:29:58","date_gmt":"2023-01-03T08:29:58","guid":{"rendered":"https:\/\/www.automakersnews.cz\/?p=12377"},"modified":"2023-01-03T08:29:58","modified_gmt":"2023-01-03T08:29:58","slug":"elvira-rozsiruje-portfolio-o-3d-tiskarny-raise3d","status":"publish","type":"post","link":"https:\/\/www.automakersnews.cz\/index.php\/2023\/01\/03\/elvira-rozsiruje-portfolio-o-3d-tiskarny-raise3d\/","title":{"rendered":"Elvira roz\u0161i\u0159uje portfolio o 3D tisk\u00e1rny Raise3D"},"content":{"rendered":"<p><strong>Elvira, p\u0159edn\u00ed dodavatel 3D technologi\u00ed a provozovatel port\u00e1lu Abc3D, zah\u00e1jila distribuci glob\u00e1ln\u00edho v\u00fdrobce 3D tisk\u00e1ren Raise3D. Portfolio postaven\u00e9 na \u0161pi\u010dkov\u00e9 technologii 3D tisku zahrnuje vysoce spolehliv\u00e9 stoln\u00ed 3D tisk\u00e1rny. <\/strong><!--more--><\/p>\n<p>Pro v\u0161echny, kdo pracuj\u00ed s velkoform\u00e1tov\u00fdmi FFF\/FDM tisk\u00e1rnami diametru 1,75, tak nyn\u00ed m\u016f\u017ee Elvira nab\u00eddnout i stoln\u00ed alternativu pro vysoce p\u0159esn\u00e9 prototypov\u00e1n\u00ed a v\u00fdrobu model\u016f.<\/p>\n<p>V sou\u010dasn\u00e9 dob\u011b, kdy pr\u016fmysl hled\u00e1 \u00faspory, p\u0159edstavuj\u00ed 3D tisk\u00e1rny pro ka\u017ed\u00fd v\u00fdrobn\u00ed podnik v\u00fdznamn\u00fd p\u0159\u00ednos v inovaci, \u00faspo\u0159e n\u00e1klad\u016f i nez\u00e1vislosti. P\u0159i konven\u010dn\u00edch v\u00fdrobn\u00edch technologi\u00edch je 3D tisk mimo\u0159\u00e1dn\u00fdm bene\ufb01tem pro v\u00fdvoj, prototypov\u00e1n\u00ed a malos\u00e9riovou v\u00fdrobu. Z tohoto pohledu nab\u00edzej\u00ed 3D tisk\u00e1rny Raise3D z\u00e1kazn\u00edk\u016fm mimo\u0159\u00e1dn\u00fd potenci\u00e1l v\u00fdroby model\u016f ze \u0161irok\u00e9 \u0161k\u00e1ly materi\u00e1l\u016f ve vysok\u00e9 kvalit\u011b a v\u00fdkonu.<\/p>\n<p><strong>Kl\u00ed\u010dov\u00e9 produkty v nab\u00eddce spole\u010dnosti Elvira zahrnuj\u00ed:<\/strong><\/p>\n<p><strong>\u00b7 Raise3D Pro3 Plus \u2013<\/strong> Profi 3D tisk\u00e1rna pro velk\u00e9 v\u00fdtisky, kter\u00e1 zaji\u0161\u0165uje spolehliv\u00fd 3D tisk \u0161irokou \u0161k\u00e1lou filament\u016f v uzav\u0159en\u00e9 tiskov\u00e9 komo\u0159e. Vysok\u00e1 kvalita povrchu a vyti\u0161t\u011bn\u00e9ho detailu dokazuje, \u017ee FDM tisk je nejen cenov\u011b p\u0159\u00edzniv\u00fd, ale dok\u00e1\u017ee vytvo\u0159it fin\u00e1ln\u00ed model bez nutnosti dal\u0161\u00edch dokon\u010dovac\u00edch operac\u00ed. To v\u0161e v rozm\u011bru v\u00fdtisku a\u017e 300 x 300 x 605 mm.<\/p>\n<p><strong>\u00b7 Raise3D Pro3 \u2013<\/strong> Profi 3D tisk\u00e1rna pro v\u011bt\u0161\u00ed v\u00fdtisky je stejn\u011b vybaven\u00e1 3D tisk\u00e1rna jako p\u0159edchoz\u00ed a se shodn\u00fdm tiskov\u00fdm prostorem p\u0159i ni\u017e\u0161\u00ed v\u00fd\u0161ce (a\u017e 300 x 300 x 300 mm). Umo\u017e\u0148uje tisknout ve vysok\u00e9 kvalit\u011b povrchu a vytvo\u0159en\u00e9ho detailu s vyu\u017eit\u00edm \u0161irok\u00e9 \u0161k\u00e1ly filament\u016f v uzav\u0159en\u00e9 tiskov\u00e9 komo\u0159e.<\/p>\n<p><strong>\u00b7 Raise3D E2 \u2013<\/strong> Univerz\u00e1ln\u00ed spolehliv\u00e1 profesion\u00e1ln\u00ed 3D tisk\u00e1rna se dv\u011bma nez\u00e1visl\u00fdmi tryskami IDEX technologie FDM s dokonalou kvalitou tisku povrchu (rozm\u011bru a\u017e 330 x 240 x 240 mm) a detailu, umo\u017e\u0148uj\u00edc\u00ed vyu\u017e\u00edt \u0161irokou \u0161k\u00e1lu filament\u016f. V uzav\u0159en\u00e9 tiskov\u00e9 komo\u0159e lze vytv\u00e1\u0159et modely i z technick\u00fdch filament\u016f.<\/p>\n<p>\u201eV t\u00e9m\u011b\u0159 3 m\u011bs\u00edce trvaj\u00edc\u00edm testov\u00e1n\u00ed r\u016fzn\u00fdch model\u016f a materi\u00e1l\u016f jsme si ov\u011b\u0159ili, \u017ee tisk\u00e1rny Raise3D p\u0159edstavuj\u00ed \u0161pi\u010dku v oboru,\u201c \u0159ekl Jan \u0160mejck\u00fd, \u0159editel spole\u010dnosti Elvira. \u201eM\u016f\u017eeme potvrdit a kdykoliv demonstrovat, \u017ee modely \u0159ady Pro3 a E2 se vyzna\u010duj\u00ed vysokou p\u0159esnost\u00ed, kvalitou tisku a produktivitou. Testovali jsme v minulosti mnoho 3D tisk\u00e1ren a na\u0161e poznatky a zku\u0161enosti s Raise3D tisk\u00e1rnami naprosto p\u0159ed\u010dily na\u0161e o\u010dek\u00e1v\u00e1n\u00ed.\u201c<\/p>\n<p>3D tisk\u00e1rny Raise3D jsou okam\u017eit\u011b dostupn\u00e9 jak v e-shopu www.abc3d.cz, tak v showroomu spole\u010dnosti Elvira. Sou\u010d\u00e1st\u00ed ozn\u00e1men\u00e9 distribuce jsou dod\u00e1vky ve\u0161ker\u00e9ho pot\u0159ebn\u00e9ho p\u0159\u00edslu\u0161enstv\u00ed \u2013 a\u0165 ji\u017e filament\u016f, trysek, tiskov\u00fdch desek, buildtak\u016f a dal\u0161\u00edch \u2013 a zaji\u0161t\u011bn\u00ed pr\u016fb\u011b\u017en\u00e9 technick\u00e9 podpory dle pot\u0159eby klienta.<\/p>\n<p><img loading=\"lazy\" decoding=\"async\" class=\"alignnone wp-image-12409\" src=\"http:\/\/www.automakersnews.cz\/wp-content\/uploads\/2023\/01\/Pro3-right-small-3--268x300.jpg\" alt=\"\" width=\"666\" height=\"746\" srcset=\"https:\/\/www.automakersnews.cz\/wp-content\/uploads\/2023\/01\/Pro3-right-small-3--268x300.jpg 268w, https:\/\/www.automakersnews.cz\/wp-content\/uploads\/2023\/01\/Pro3-right-small-3--915x1024.jpg 915w, https:\/\/www.automakersnews.cz\/wp-content\/uploads\/2023\/01\/Pro3-right-small-3--768x860.jpg 768w, https:\/\/www.automakersnews.cz\/wp-content\/uploads\/2023\/01\/Pro3-right-small-3--1372x1536.jpg 1372w, https:\/\/www.automakersnews.cz\/wp-content\/uploads\/2023\/01\/Pro3-right-small-3--1830x2048.jpg 1830w\" sizes=\"auto, (max-width: 666px) 100vw, 666px\" \/><\/p>\n","protected":false},"excerpt":{"rendered":"<div class=\"mh-excerpt\"><p>Elvira, p\u0159edn\u00ed dodavatel 3D technologi\u00ed a provozovatel port\u00e1lu Abc3D, zah\u00e1jila distribuci glob\u00e1ln\u00edho v\u00fdrobce 3D tisk\u00e1ren Raise3D. Portfolio postaven\u00e9 na \u0161pi\u010dkov\u00e9 technologii 3D tisku zahrnuje vysoce <a class=\"mh-excerpt-more\" href=\"https:\/\/www.automakersnews.cz\/index.php\/2023\/01\/03\/elvira-rozsiruje-portfolio-o-3d-tiskarny-raise3d\/\" title=\"Elvira roz\u0161i\u0159uje portfolio o 3D tisk\u00e1rny Raise3D\">[&#8230;]<\/a><\/p>\n<\/div>","protected":false},"author":4,"featured_media":12379,"comment_status":"open","ping_status":"open","sticky":false,"template":"","format":"standard","meta":{"footnotes":""},"categories":[2],"tags":[],"class_list":["post-12377","post","type-post","status-publish","format-standard","has-post-thumbnail","hentry","category-news"],"_links":{"self":[{"href":"https:\/\/www.automakersnews.cz\/index.php\/wp-json\/wp\/v2\/posts\/12377","targetHints":{"allow":["GET"]}}],"collection":[{"href":"https:\/\/www.automakersnews.cz\/index.php\/wp-json\/wp\/v2\/posts"}],"about":[{"href":"https:\/\/www.automakersnews.cz\/index.php\/wp-json\/wp\/v2\/types\/post"}],"author":[{"embeddable":true,"href":"https:\/\/www.automakersnews.cz\/index.php\/wp-json\/wp\/v2\/users\/4"}],"replies":[{"embeddable":true,"href":"https:\/\/www.automakersnews.cz\/index.php\/wp-json\/wp\/v2\/comments?post=12377"}],"version-history":[{"count":0,"href":"https:\/\/www.automakersnews.cz\/index.php\/wp-json\/wp\/v2\/posts\/12377\/revisions"}],"wp:featuredmedia":[{"embeddable":true,"href":"https:\/\/www.automakersnews.cz\/index.php\/wp-json\/wp\/v2\/media\/12379"}],"wp:attachment":[{"href":"https:\/\/www.automakersnews.cz\/index.php\/wp-json\/wp\/v2\/media?parent=12377"}],"wp:term":[{"taxonomy":"category","embeddable":true,"href":"https:\/\/www.automakersnews.cz\/index.php\/wp-json\/wp\/v2\/categories?post=12377"},{"taxonomy":"post_tag","embeddable":true,"href":"https:\/\/www.automakersnews.cz\/index.php\/wp-json\/wp\/v2\/tags?post=12377"}],"curies":[{"name":"wp","href":"https:\/\/api.w.org\/{rel}","templated":true}]}}