{"id":125,"date":"2022-06-03T06:39:10","date_gmt":"2022-06-03T06:39:10","guid":{"rendered":"http:\/\/www.automakersnews.cz\/?p=125"},"modified":"2022-06-03T06:39:10","modified_gmt":"2022-06-03T06:39:10","slug":"elektrofest-mel-tiskovku-na-vltave","status":"publish","type":"post","link":"https:\/\/www.automakersnews.cz\/index.php\/2022\/06\/03\/elektrofest-mel-tiskovku-na-vltave\/","title":{"rendered":"Elektrofest m\u011bl tiskovku na Vltav\u011b"},"content":{"rendered":"<p><strong>Pod z\u00e1\u0161titou Pelh\u0159imova, m\u011bsta rekord\u016f,\u00a0 a se zna\u010dkou Kia jako gener\u00e1ln\u00edm partnerem se bude 17. \u2013 18. \u010dervna konat Festival \u010dist\u00e9 mobility \u201eElektroFest\u201c. Organiz\u00e1to\u0159i sezn\u00e1mili novin\u00e1\u0159e s programem akce v r\u00e1mci tiskovky konan\u00e9 2. \u010dervna na palub\u011b elektrick\u00e9 lodi Marie d Bohemia.<\/strong><span id=\"more-152296\"><\/span><!--more--><\/p>\n<p>\u201eHlavn\u00edm posl\u00e1n\u00edm ElektroFestu je uk\u00e1zat nej\u0161ir\u0161\u00ed ve\u0159ejnosti, v\u010detn\u011b zastupitel\u016f obc\u00ed, firem a dal\u0161\u00edm organizac\u00edm, aktu\u00e1ln\u00ed nab\u00eddku elektrovozidel, nab\u00eddnout praktick\u00e9 informace p\u0159\u00edmo od zku\u0161en\u00fdch elektromobilist\u016f, nav\u00e1zat kontakty se z\u00e1stupci v\u00fdrobc\u016f elektromobil\u016f. To v\u0161e spoj\u00edme se z\u00e1bavou, setk\u00e1v\u00e1n\u00edm a oko\u0159en\u00edme odbornou konferenc\u00ed,\u201c p\u0159ibl\u00ed\u017eil smysl eventu jeho organiz\u00e1tor Jan K\u0159i\u017eka.<\/p>\n<p>Co bude na programu? V p\u00e1tek 17. \u010dervna je to <strong>Konference o vzd\u011bl\u00e1v\u00e1n\u00ed v oblasti \u010dist\u00e9 mobility<\/strong> a ve\u010der 1. \u010d\u00e1st <strong>EcoRallye<\/strong>.<\/p>\n<p>V sobotu pak krom\u011b pokra\u010dov\u00e1n\u00ed EcoRallye kategorie SHARP, je dopoledne <strong>z\u00e1vod kategorie FUN<\/strong> a odpoledne hlavn\u00ed program na n\u00e1m\u011bst\u00ed a v jeho bl\u00edzkosti \u2013 <strong>sraz a p\u0159edstaven\u00ed elektromobil\u016f, koncerty a vystoupen\u00ed, z\u00e1vod elektrokolob\u011b\u017eek\/kol, p\u0159edv\u00e1d\u011bc\u00ed j\u00edzdy elektroaut, panelov\u00e1 diskuse se zn\u00e1m\u00fdmi osobnostmi a Youtubery<\/strong> a dal\u0161\u00ed. Nebude chyb\u011bt i <strong>z\u00e1bava pro d\u011bti.<\/strong><\/p>\n<p>&nbsp;<\/p>\n","protected":false},"excerpt":{"rendered":"<div class=\"mh-excerpt\"><p>Pod z\u00e1\u0161titou Pelh\u0159imova, m\u011bsta rekord\u016f,\u00a0 a se zna\u010dkou Kia jako gener\u00e1ln\u00edm partnerem se bude 17. \u2013 18. \u010dervna konat Festival \u010dist\u00e9 mobility \u201eElektroFest\u201c. Organiz\u00e1to\u0159i sezn\u00e1mili <a class=\"mh-excerpt-more\" href=\"https:\/\/www.automakersnews.cz\/index.php\/2022\/06\/03\/elektrofest-mel-tiskovku-na-vltave\/\" title=\"Elektrofest m\u011bl tiskovku na Vltav\u011b\">[&#8230;]<\/a><\/p>\n<\/div>","protected":false},"author":1,"featured_media":126,"comment_status":"open","ping_status":"open","sticky":false,"template":"","format":"standard","meta":{"footnotes":""},"categories":[10],"tags":[],"class_list":["post-125","post","type-post","status-publish","format-standard","has-post-thumbnail","hentry","category-eventy"],"_links":{"self":[{"href":"https:\/\/www.automakersnews.cz\/index.php\/wp-json\/wp\/v2\/posts\/125","targetHints":{"allow":["GET"]}}],"collection":[{"href":"https:\/\/www.automakersnews.cz\/index.php\/wp-json\/wp\/v2\/posts"}],"about":[{"href":"https:\/\/www.automakersnews.cz\/index.php\/wp-json\/wp\/v2\/types\/post"}],"author":[{"embeddable":true,"href":"https:\/\/www.automakersnews.cz\/index.php\/wp-json\/wp\/v2\/users\/1"}],"replies":[{"embeddable":true,"href":"https:\/\/www.automakersnews.cz\/index.php\/wp-json\/wp\/v2\/comments?post=125"}],"version-history":[{"count":0,"href":"https:\/\/www.automakersnews.cz\/index.php\/wp-json\/wp\/v2\/posts\/125\/revisions"}],"wp:featuredmedia":[{"embeddable":true,"href":"https:\/\/www.automakersnews.cz\/index.php\/wp-json\/wp\/v2\/media\/126"}],"wp:attachment":[{"href":"https:\/\/www.automakersnews.cz\/index.php\/wp-json\/wp\/v2\/media?parent=125"}],"wp:term":[{"taxonomy":"category","embeddable":true,"href":"https:\/\/www.automakersnews.cz\/index.php\/wp-json\/wp\/v2\/categories?post=125"},{"taxonomy":"post_tag","embeddable":true,"href":"https:\/\/www.automakersnews.cz\/index.php\/wp-json\/wp\/v2\/tags?post=125"}],"curies":[{"name":"wp","href":"https:\/\/api.w.org\/{rel}","templated":true}]}}