{"id":12732,"date":"2023-01-04T08:38:44","date_gmt":"2023-01-04T08:38:44","guid":{"rendered":"https:\/\/www.automakersnews.cz\/?p=12732"},"modified":"2023-01-04T09:05:45","modified_gmt":"2023-01-04T09:05:45","slug":"marek-stonis-konci-jako-sefredaktor-reflexu","status":"publish","type":"post","link":"https:\/\/www.automakersnews.cz\/index.php\/2023\/01\/04\/marek-stonis-konci-jako-sefredaktor-reflexu\/","title":{"rendered":"Marek Stoni\u0161 kon\u010d\u00ed jako \u0161\u00e9fredaktor Reflexu"},"content":{"rendered":"<p><strong> Do \u010dela vydavatelstv\u00ed\u00a0 Czech News Center se ned\u00e1vno vyhoupla Martina \u0158\u00edhov\u00e1 a z firmy u\u017e let\u00ed prvn\u00ed \u0161\u00e9fredaktor. Marek Stoni\u0161, dosavadn\u00ed \u0161\u00e9f \u010dasopisu a jeho webu, po dohod\u011b odch\u00e1z\u00ed. Do\u010dasn\u00e9ho veden\u00ed obsahov\u00e9 \u010d\u00e1sti titulu se uj\u00edm\u00e1 jeho hlavn\u00ed editor a jeden z koment\u00e1tor\u016f Viliam Buchert. V \u0159\u00edzen\u00ed z\u016fst\u00e1v\u00e1 tak\u00e9 \u0161\u00e9f redakce V\u00e1clav Friedmann.<\/strong><!--more--><\/p>\n<p>\u201eN\u00e1\u0161 obsah mus\u00edme adaptovat na v\u00fdvoj a\u00a0neust\u00e1l\u00e9 zm\u011bny na medi\u00e1ln\u00edm trhu. To nen\u00ed \u017e\u00e1dnou novinkou. Proto se v\u00a0Czech News Center u\u017e n\u011bjakou dobu vedla diskuse, jak je\u0161t\u011b v\u00edce podpo\u0159it rozvoj i\u00a0v Reflexu, a\u00a0to nemluv\u00edm jen o\u00a0jeho digit\u00e1ln\u00ed \u010d\u00e1sti. M\u00e1 sice kolem sebe vybudovanou pevnou komunitu, ale mus\u00ed c\u00edlit i\u00a0na nov\u00e9 \u010dten\u00e1\u0159e, pota\u017emo fanou\u0161ky, a\u00a0ty oslovovat sv\u00fdm kultovn\u00edm obsahem. S\u00a0t\u00edm souvis\u00ed nov\u00e9 form\u00e1ty, n\u00e1pady a\u00a0impulsy, kter\u00e9 jsou k\u00a0tomu pot\u0159eba. A\u00a0proto jsme se s\u00a0Markem Stoni\u0161em dohodli, \u017ee mus\u00edme d\u00e1t t\u00e9to zna\u010dce \u0161ir\u0161\u00ed sm\u011br,\u201c prohl\u00e1sila nov\u00e1 \u0161\u00e9fka vydavatelstv\u00ed.<\/p>\n<p>Podle n\u00ed bude Stoni\u0161 s\u00a0vydavatelstv\u00ed spolupracovat u\u017e jen \u201ena n\u011bkter\u00fdch vybran\u00fdch obsahov\u00fdch projektech\u201c, s\u00e1m kon\u010d\u00edc\u00ed \u0161\u00e9fredaktor slibuje \u201en\u011bkolik velk\u00fdch obsahov\u00fdch projekt\u016f\u201c.<\/p>\n<p>Stoni\u0161 jako \u0161\u00e9fredaktor Reflexu p\u016fsobil \u0161est let, od roku 2016. Do redakce p\u0159i\u0161el u\u017e v\u00a0roce 2008. P\u0159edt\u00edm pro\u0161el tituly region\u00e1ln\u00edmi (<em><strong>Moravskoslezsk\u00fd den<\/strong><\/em>,\u00a0<em><strong>Region<\/strong><\/em>) i\u00a0celost\u00e1tn\u00edmi (<em><strong>\u010cesk\u00fd den\u00edk<\/strong><\/em>,\u00a0<em><strong>Lidov\u00e9 noviny<\/strong><\/em>,\u00a0<em><strong>MF Dnes<\/strong><\/em>,\u00a0<a href=\"https:\/\/www.mediar.cz\/marek-stonis-se-vraci-do-reflexu-sefredaktorkou-instinktu-jana-viskova\/\"><em><strong>Instinkt<\/strong><\/em><\/a>,\u00a0<em><strong>Strategie<\/strong><\/em>), p\u016fsobil i\u00a0v televiz\u00edch Nova a\u00a0<a href=\"https:\/\/www.mediar.cz\/bajgar-jako-sef-reflexu-po-roce-konci\/\">Barrandov<\/a>. Jedn\u00edm z\u00a0posledn\u00edch jeho v\u00fdrazn\u00fdch rozhodnut\u00ed v\u00a0\u010dele Reflexu bylo\u00a0<a href=\"https:\/\/www.mediar.cz\/komiks-zeleny-raoul-v-reflexu-po-28-letech-konci\/\">n\u00e1hl\u00e9 zru\u0161en\u00ed letit\u00e9ho komiksu\u00a0<em><strong>Zelen\u00fd Raoul<\/strong><\/em><\/a>.<\/p>\n","protected":false},"excerpt":{"rendered":"<div class=\"mh-excerpt\"><p>Do \u010dela vydavatelstv\u00ed\u00a0 Czech News Center se ned\u00e1vno vyhoupla Martina \u0158\u00edhov\u00e1 a z firmy u\u017e let\u00ed prvn\u00ed \u0161\u00e9fredaktor. Marek Stoni\u0161, dosavadn\u00ed \u0161\u00e9f \u010dasopisu a jeho <a class=\"mh-excerpt-more\" href=\"https:\/\/www.automakersnews.cz\/index.php\/2023\/01\/04\/marek-stonis-konci-jako-sefredaktor-reflexu\/\" title=\"Marek Stoni\u0161 kon\u010d\u00ed jako \u0161\u00e9fredaktor Reflexu\">[&#8230;]<\/a><\/p>\n<\/div>","protected":false},"author":1,"featured_media":12733,"comment_status":"open","ping_status":"open","sticky":false,"template":"","format":"standard","meta":{"footnotes":""},"categories":[27],"tags":[],"class_list":["post-12732","post","type-post","status-publish","format-standard","has-post-thumbnail","hentry","category-media"],"_links":{"self":[{"href":"https:\/\/www.automakersnews.cz\/index.php\/wp-json\/wp\/v2\/posts\/12732","targetHints":{"allow":["GET"]}}],"collection":[{"href":"https:\/\/www.automakersnews.cz\/index.php\/wp-json\/wp\/v2\/posts"}],"about":[{"href":"https:\/\/www.automakersnews.cz\/index.php\/wp-json\/wp\/v2\/types\/post"}],"author":[{"embeddable":true,"href":"https:\/\/www.automakersnews.cz\/index.php\/wp-json\/wp\/v2\/users\/1"}],"replies":[{"embeddable":true,"href":"https:\/\/www.automakersnews.cz\/index.php\/wp-json\/wp\/v2\/comments?post=12732"}],"version-history":[{"count":0,"href":"https:\/\/www.automakersnews.cz\/index.php\/wp-json\/wp\/v2\/posts\/12732\/revisions"}],"wp:featuredmedia":[{"embeddable":true,"href":"https:\/\/www.automakersnews.cz\/index.php\/wp-json\/wp\/v2\/media\/12733"}],"wp:attachment":[{"href":"https:\/\/www.automakersnews.cz\/index.php\/wp-json\/wp\/v2\/media?parent=12732"}],"wp:term":[{"taxonomy":"category","embeddable":true,"href":"https:\/\/www.automakersnews.cz\/index.php\/wp-json\/wp\/v2\/categories?post=12732"},{"taxonomy":"post_tag","embeddable":true,"href":"https:\/\/www.automakersnews.cz\/index.php\/wp-json\/wp\/v2\/tags?post=12732"}],"curies":[{"name":"wp","href":"https:\/\/api.w.org\/{rel}","templated":true}]}}