{"id":12742,"date":"2023-01-05T10:59:27","date_gmt":"2023-01-05T10:59:27","guid":{"rendered":"https:\/\/www.automakersnews.cz\/?p=12742"},"modified":"2023-01-05T10:59:27","modified_gmt":"2023-01-05T10:59:27","slug":"cesko-patri-mezi-nejdrazsi-elektromobilni-zeme","status":"publish","type":"post","link":"https:\/\/www.automakersnews.cz\/index.php\/2023\/01\/05\/cesko-patri-mezi-nejdrazsi-elektromobilni-zeme\/","title":{"rendered":"\u010cesko pat\u0159\u00ed mezi nejdra\u017e\u0161\u00ed elektromobiln\u00ed zem\u011b"},"content":{"rendered":"<p><strong>I p\u0159es rostouc\u00ed ceny elektrick\u00e9 energie jsou celkov\u00e9 n\u00e1klady na vlastnictv\u00ed a provoz elektromobilu ve v\u011bt\u0161in\u011b evropsk\u00fdch zem\u00ed stejn\u00e9 nebo ni\u017e\u0161\u00ed ne\u017e u srovnateln\u00e9ho vozu se spalovac\u00edm motorem. Vypl\u00fdv\u00e1 to z aktu\u00e1ln\u00edho vyd\u00e1n\u00ed anal\u00fdzy Car Cost Index, kterou ka\u017edoro\u010dn\u011b zve\u0159ej\u0148uje leasingov\u00e1 spole\u010dnost LeasePlan.<\/strong><!--more--><\/p>\n<p>Sb\u011br dat prob\u00edhal ve 22 zem\u00edch v\u010detn\u011b \u010cesk\u00e9 republiky. Pr\u016fzkum potvrdil, \u017ee st\u00e1le pat\u0159\u00edme ke st\u00e1t\u016fm, kde \u0159\u00eddit elektromobil vyjde dr\u00e1\u017e ne\u017e ve v\u011bt\u0161in\u011b evropsk\u00fdch zem\u00ed. \u010cesk\u00e1 republika se za\u0159adila mezi n\u011bkolik m\u00e1lo zem\u00ed, kde je provoz elektromobil\u016f n\u00e1kladn\u011bj\u0161\u00ed ne\u017e provoz konven\u010dn\u00edch vozidel, p\u0159esto\u017ee se tento rozd\u00edl postupn\u011b zmen\u0161uje.<\/p>\n<p>\u201eHlavn\u00edm d\u016fvodem je minim\u00e1ln\u00ed podpora elektromobility ze strany st\u00e1tu. Zat\u00edmco v n\u011bkter\u00fdch zem\u00edch aktivn\u00ed vl\u00e1dn\u00ed politika rozh\u00fdbala prodeje elektrick\u00fdch vozidel na takovou \u00farove\u0148, \u017ee dnes u\u017e tam n\u011bkter\u00e9 pob\u00eddky sni\u017euj\u00ed, nebo ru\u0161\u00ed, u n\u00e1s jsme se systematickou podporou elektromobility v podstat\u011b je\u0161t\u011b neza\u010dali,\u201c \u0159\u00edk\u00e1 Martin Brix, gener\u00e1ln\u00ed \u0159editel \u010desk\u00e9 pobo\u010dky spole\u010dnosti LeasePlan.<\/p>\n<p>V roce 2022 se studie Car Cost Index soust\u0159edila na n\u00e1kladovost provozu automobil\u016f ze \u010dty\u0159 segment\u016f trhu: men\u0161\u00edch model\u016f ni\u017e\u0161\u00ed t\u0159idy, kompaktn\u00edch voz\u016f, standardn\u00edch vozidel st\u0159edn\u00ed t\u0159\u00eddy, kter\u00e1 jsou nej\u010dast\u011bji zastoupena ve firemn\u00edch flotil\u00e1ch a pat\u0159\u00ed sem nap\u0159\u00edklad \u0160koda Enyaq, a pr\u00e9miov\u00fdch aut st\u0159edn\u00ed velikosti.<\/p>\n<p>Kl\u00ed\u010dov\u00fdm zji\u0161t\u011bn\u00edm anal\u00fdzy je, \u017ee navzdory r\u016fstu cen energi\u00ed z\u016fst\u00e1vaj\u00ed v\u00fddaje na pohon u elektromobil\u016f v\u00fdrazn\u011b ni\u017e\u0161\u00ed polo\u017ekou v celkov\u00fdch n\u00e1kladech, ne\u017e je tomu u automobil\u016f jezd\u00edc\u00edch na benzin nebo naftu. Zat\u00edmco u elektromobil\u016f p\u0159edstavuj\u00ed v\u00fddaje na palivo 15 % celkov\u00fdch n\u00e1klad\u016f, u benzinov\u00fdch voz\u016f je to 23 % a u naftov\u00fdch 28 %.<\/p>\n<p>Provoz elektrick\u00fdch voz\u016f je ve v\u011bt\u0161in\u011b evropsk\u00fdch zem\u00ed srovnateln\u00fd nebo dokonce levn\u011bj\u0161\u00ed ne\u017e provoz konven\u010dn\u00edch vozidel. Studie uk\u00e1zala, \u017ee kompaktn\u00ed elektromobily jsou n\u00e1kladov\u011b konkurenceschopn\u00e9 v 18 z 22 zem\u00ed, standardn\u00ed elektromobily st\u0159edn\u00ed velikosti v 19 st\u00e1tech a pr\u00e9miov\u00e1 vozidla st\u0159edn\u00ed velikosti v 18 zem\u00edch.<\/p>\n<p>Pr\u016fm\u011brn\u00e9 m\u011bs\u00ed\u010dn\u00ed n\u00e1klady na provoz a vlastnictv\u00ed automobilu bez ohledu na druh pohonu se p\u0159itom velmi li\u0161\u00ed \u2013 od 905 eur (22 000 K\u010d) za m\u011bs\u00edc v \u0158ecku po 1313 eur (31 900 K\u010d) ve \u0160v\u00fdcarsku. V \u010cesk\u00e9 republice dosahuj\u00ed pr\u016fm\u011brn\u00e9 m\u011bs\u00ed\u010dn\u00ed v\u00fddaje 1144 eur (27 800 K\u010d).<\/p>\n<p>Na trhu je v sou\u010dasnosti dostupn\u00fdch mnohem v\u00edce elektrick\u00fdch model\u016f ne\u017e kdykoli p\u0159edt\u00edm. Zat\u00edmco prvn\u00ed Car Cost Index mohl p\u0159ed osmi lety zkoumat pouze 11 elektromobil\u016f, loni u\u017e to bylo 33 model\u016f.<\/p>\n<p>Tex Gunning, gener\u00e1ln\u00ed \u0159editel nadn\u00e1rodn\u00ed spole\u010dnosti LeasePlan, k v\u00fdsledk\u016fm anal\u00fdzy \u0159ekl: \u201eElektromobily jsou nejlep\u0161\u00edm zp\u016fsobem, jak chr\u00e1nit \u0159idi\u010de p\u0159ed raketov\u011b rostouc\u00edmi n\u00e1klady na pohonn\u00e9 hmoty. Bohu\u017eel n\u011bkter\u00e9 vl\u00e1dy omezuj\u00ed pob\u00eddky na n\u00e1kup elektromobil\u016f, a to i v zem\u00edch s ambici\u00f3zn\u00edmi c\u00edli nulov\u00fdch emis\u00ed. Podle n\u00e1s je to p\u0159\u00edli\u0161 brzy. Tento postoj bude m\u00edt katastrof\u00e1ln\u00ed dopady na boj proti zm\u011bn\u011b klimatu. Pot\u0159ebujeme konzistentn\u00ed dlouhodobou politiku, kter\u00e1 zajist\u00ed, \u017ee p\u0159echod na elektromobil bude rozumnou volbou pro v\u0161echny \u0159idi\u010de.\u201c<\/p>\n<p>Skupina LeasePlan se zav\u00e1zala, \u017ee do roku 2030 dos\u00e1hne \u010dist\u00fdch nulov\u00fdch v\u00fdfukov\u00fdch emis\u00ed ze sv\u00e9 financovan\u00e9 flotily. LeasePlan je tak\u00e9 zakl\u00e1daj\u00edc\u00edm partnerem iniciativy The Climate Group EV100, kter\u00e1 byla p\u0159edstavena v z\u00e1\u0159\u00ed 2017 u p\u0159\u00edle\u017eitosti zased\u00e1n\u00ed Valn\u00e9ho shrom\u00e1\u017ed\u011bn\u00ed OSN.<\/p>\n","protected":false},"excerpt":{"rendered":"<div class=\"mh-excerpt\"><p>I p\u0159es rostouc\u00ed ceny elektrick\u00e9 energie jsou celkov\u00e9 n\u00e1klady na vlastnictv\u00ed a provoz elektromobilu ve v\u011bt\u0161in\u011b evropsk\u00fdch zem\u00ed stejn\u00e9 nebo ni\u017e\u0161\u00ed ne\u017e u srovnateln\u00e9ho vozu <a class=\"mh-excerpt-more\" href=\"https:\/\/www.automakersnews.cz\/index.php\/2023\/01\/05\/cesko-patri-mezi-nejdrazsi-elektromobilni-zeme\/\" title=\"\u010cesko pat\u0159\u00ed mezi nejdra\u017e\u0161\u00ed elektromobiln\u00ed zem\u011b\">[&#8230;]<\/a><\/p>\n<\/div>","protected":false},"author":4,"featured_media":286,"comment_status":"open","ping_status":"open","sticky":false,"template":"","format":"standard","meta":{"footnotes":""},"categories":[6,22],"tags":[],"class_list":["post-12742","post","type-post","status-publish","format-standard","has-post-thumbnail","hentry","category-analyza","category-elektromobily"],"_links":{"self":[{"href":"https:\/\/www.automakersnews.cz\/index.php\/wp-json\/wp\/v2\/posts\/12742","targetHints":{"allow":["GET"]}}],"collection":[{"href":"https:\/\/www.automakersnews.cz\/index.php\/wp-json\/wp\/v2\/posts"}],"about":[{"href":"https:\/\/www.automakersnews.cz\/index.php\/wp-json\/wp\/v2\/types\/post"}],"author":[{"embeddable":true,"href":"https:\/\/www.automakersnews.cz\/index.php\/wp-json\/wp\/v2\/users\/4"}],"replies":[{"embeddable":true,"href":"https:\/\/www.automakersnews.cz\/index.php\/wp-json\/wp\/v2\/comments?post=12742"}],"version-history":[{"count":0,"href":"https:\/\/www.automakersnews.cz\/index.php\/wp-json\/wp\/v2\/posts\/12742\/revisions"}],"wp:featuredmedia":[{"embeddable":true,"href":"https:\/\/www.automakersnews.cz\/index.php\/wp-json\/wp\/v2\/media\/286"}],"wp:attachment":[{"href":"https:\/\/www.automakersnews.cz\/index.php\/wp-json\/wp\/v2\/media?parent=12742"}],"wp:term":[{"taxonomy":"category","embeddable":true,"href":"https:\/\/www.automakersnews.cz\/index.php\/wp-json\/wp\/v2\/categories?post=12742"},{"taxonomy":"post_tag","embeddable":true,"href":"https:\/\/www.automakersnews.cz\/index.php\/wp-json\/wp\/v2\/tags?post=12742"}],"curies":[{"name":"wp","href":"https:\/\/api.w.org\/{rel}","templated":true}]}}