{"id":12745,"date":"2023-01-04T12:19:51","date_gmt":"2023-01-04T12:19:51","guid":{"rendered":"https:\/\/www.automakersnews.cz\/?p=12745"},"modified":"2023-01-04T12:19:51","modified_gmt":"2023-01-04T12:19:51","slug":"arval-cz-staronovym-clenem-clfa","status":"publish","type":"post","link":"https:\/\/www.automakersnews.cz\/index.php\/2023\/01\/04\/arval-cz-staronovym-clenem-clfa\/","title":{"rendered":"Arval CZ staronov\u00fdm \u010dlenem \u010cLFA"},"content":{"rendered":"<p><strong>Arval CZ, kter\u00fd se specializuje na full-service operativn\u00ed leasing, je od 1. ledna 2023 staronov\u00fdm \u010dlenem \u010cesk\u00e9 leasingov\u00e9 a finan\u010dn\u00ed asociace (\u010cLFA). Celkov\u011b \u010cLFA sdru\u017euje 39 spole\u010dnost\u00ed, kter\u00e9 reprezentuj\u00ed t\u00e9m\u011b\u0159 90 % trhu specializovan\u00e9ho (nebankovn\u00edho) financov\u00e1n\u00ed.<\/strong><!--more--><\/p>\n<p>\u201e\u010clenstv\u00ed v \u010cesk\u00e9 leasingov\u00e9 a finan\u010dn\u00ed asociaci obnovujeme po necel\u00fdch dvou letech. Pokl\u00e1d\u00e1me za d\u016fle\u017eit\u00e9, \u017ee se m\u016f\u017eeme s ostatn\u00edmi \u010dleny pod\u00edlet na p\u0159\u00edprav\u011b pr\u00e1vn\u00edch p\u0159edpis\u016f souvisej\u00edc\u00edch s nebankovn\u00edm financov\u00e1n\u00edm. P\u0159\u00ednos vid\u00edme tak\u00e9 ve sd\u00edlen\u00ed zku\u0161enost\u00ed s \u010desk\u00fdm leasingov\u00fdm trhem. Jako spole\u010dnost specializuj\u00edc\u00ed se na operativn\u00ed leasing voz\u016f pro firmy i fyzick\u00e9 osoby m\u016f\u017eeme p\u0159in\u00e9st zlep\u0161en\u00ed trhu s nebankovn\u00edm financov\u00e1n\u00edm nov\u00fdmi produkty. Jedn\u00e1 se nap\u0159\u00edklad o operativn\u00ed leasing ojet\u00fdch voz\u016f \u010di v\u00fdkup voz\u016f od firem a fyzick\u00fdch osob a zp\u011btn\u00fd pron\u00e1jem na operativn\u00ed leasing. Jsme jedn\u00edm z p\u0159edn\u00edch \u010desk\u00fdch ambasador\u016f elektromobility ve firm\u00e1ch a elektrick\u00e1 auta dod\u00e1v\u00e1me do firem prost\u0159ednictv\u00edm operativn\u00edho leasingu,\u201c uvedl Ale\u0161 Pol\u00e1k, gener\u00e1ln\u00ed \u0159editele Arval CZ.<\/p>\n<p>\u201eJsme r\u00e1di, \u017ee m\u016f\u017eeme spole\u010dnost Arval CZ op\u011bt uv\u00edtat v na\u0161ich \u0159ad\u00e1ch. Pos\u00edl\u00edme t\u00edm rozhoduj\u00edc\u00ed pozici asociace, h\u00e1j\u00edc\u00ed z\u00e1jmy sv\u00fdch \u010dlen\u016f v oblasti specializovan\u00e9ho financov\u00e1n\u00ed. Leto\u0161n\u00ed rok pro n\u00e1s bude v \u0159ad\u011b oblast\u00ed p\u0159elomov\u00fd. Dokon\u010duje se nap\u0159\u00edklad evropsk\u00e1 sm\u011brnice o spot\u0159ebitelsk\u00e9m financov\u00e1n\u00ed, kde bude pot\u0159eba rychl\u00e1 transpozice do \u010desk\u00e9ho pr\u00e1va, chceme hr\u00e1t v\u00fdznamnou roli p\u0159i p\u0159echodu na bezuhl\u00edkovou ekonomiku a dos\u00e1hnout v\u011bt\u0161\u00ed podpory elektromobility nebo b\u00fdt aktivn\u011bj\u0161\u00ed v na\u0161\u00ed komunikaci. Ka\u017ed\u00fd n\u00e1zor, ka\u017ed\u00e1 zku\u0161enost jsou pro na\u0161i asociaci v sou\u010dasn\u00e9 dob\u011b v\u00fdznamn\u00fdm p\u0159\u00ednosem,\u201c uvedla Jana Hanu\u0161ov\u00e1, p\u0159edsedkyn\u011b p\u0159edstavenstva \u010cLFA.<\/p>\n<p>Spole\u010dnost Arval, kter\u00e1 se specializuje na full-service operativn\u00ed leasing, byla zalo\u017eena v roce 1989 bankovn\u00ed spole\u010dnost\u00ed BNP Paribas, kter\u00e1 je jej\u00edm jedin\u00fdm vlastn\u00edkem. Arval nab\u00edz\u00ed slu\u017eby velk\u00fdm mezin\u00e1rodn\u00edm korporac\u00edm, mal\u00fdm a st\u0159edn\u00edm podnik\u016fm, ale i jednotlivc\u016fm. Arval p\u016fsob\u00ed ve 30 zem\u00edch sv\u011bta. Celkov\u00fd vozov\u00fd park Arvalu dosahuje t\u00e9m\u011b\u0159 1,5 milionu vozidel po cel\u00e9m sv\u011bt\u011b.<\/p>\n","protected":false},"excerpt":{"rendered":"<div class=\"mh-excerpt\"><p>Arval CZ, kter\u00fd se specializuje na full-service operativn\u00ed leasing, je od 1. ledna 2023 staronov\u00fdm \u010dlenem \u010cesk\u00e9 leasingov\u00e9 a finan\u010dn\u00ed asociace (\u010cLFA). Celkov\u011b \u010cLFA sdru\u017euje <a class=\"mh-excerpt-more\" href=\"https:\/\/www.automakersnews.cz\/index.php\/2023\/01\/04\/arval-cz-staronovym-clenem-clfa\/\" title=\"Arval CZ staronov\u00fdm \u010dlenem \u010cLFA\">[&#8230;]<\/a><\/p>\n<\/div>","protected":false},"author":4,"featured_media":3574,"comment_status":"open","ping_status":"open","sticky":false,"template":"","format":"standard","meta":{"footnotes":""},"categories":[17],"tags":[],"class_list":["post-12745","post","type-post","status-publish","format-standard","has-post-thumbnail","hentry","category-servis"],"_links":{"self":[{"href":"https:\/\/www.automakersnews.cz\/index.php\/wp-json\/wp\/v2\/posts\/12745","targetHints":{"allow":["GET"]}}],"collection":[{"href":"https:\/\/www.automakersnews.cz\/index.php\/wp-json\/wp\/v2\/posts"}],"about":[{"href":"https:\/\/www.automakersnews.cz\/index.php\/wp-json\/wp\/v2\/types\/post"}],"author":[{"embeddable":true,"href":"https:\/\/www.automakersnews.cz\/index.php\/wp-json\/wp\/v2\/users\/4"}],"replies":[{"embeddable":true,"href":"https:\/\/www.automakersnews.cz\/index.php\/wp-json\/wp\/v2\/comments?post=12745"}],"version-history":[{"count":0,"href":"https:\/\/www.automakersnews.cz\/index.php\/wp-json\/wp\/v2\/posts\/12745\/revisions"}],"wp:featuredmedia":[{"embeddable":true,"href":"https:\/\/www.automakersnews.cz\/index.php\/wp-json\/wp\/v2\/media\/3574"}],"wp:attachment":[{"href":"https:\/\/www.automakersnews.cz\/index.php\/wp-json\/wp\/v2\/media?parent=12745"}],"wp:term":[{"taxonomy":"category","embeddable":true,"href":"https:\/\/www.automakersnews.cz\/index.php\/wp-json\/wp\/v2\/categories?post=12745"},{"taxonomy":"post_tag","embeddable":true,"href":"https:\/\/www.automakersnews.cz\/index.php\/wp-json\/wp\/v2\/tags?post=12745"}],"curies":[{"name":"wp","href":"https:\/\/api.w.org\/{rel}","templated":true}]}}