{"id":12747,"date":"2023-01-05T10:42:40","date_gmt":"2023-01-05T10:42:40","guid":{"rendered":"https:\/\/www.automakersnews.cz\/?p=12747"},"modified":"2023-01-05T10:42:40","modified_gmt":"2023-01-05T10:42:40","slug":"peugeot-se-chysta-uvest-na-trh-novy-408","status":"publish","type":"post","link":"https:\/\/www.automakersnews.cz\/index.php\/2023\/01\/05\/peugeot-se-chysta-uvest-na-trh-novy-408\/","title":{"rendered":"Peugeot se chyst\u00e1 uv\u00e9st na trh nov\u00fd 408"},"content":{"rendered":"<p><strong>Nov\u00fd Peugeot 408 m\u00e1 b\u00fdt uveden na trh na sam\u00e9m po\u010d\u00e1tku roku 2023. V\u016fz pro evropsk\u00e9 i mimoevropsk\u00e9 trhy se bude vyr\u00e1b\u011bt ve francouzsk\u00e9m m\u011bst\u011b Mulhouse, n\u00e1sledn\u011b se rozjede v\u00fdroba tak\u00e9 v tov\u00e1rn\u011b v \u010d\u00ednsk\u00e9m \u010ccheng-tu pro m\u00edstn\u00ed trh.<\/strong><!--more--><\/p>\n<p>Nov\u00fd Peugeot 408 je 469 cm dlouh\u00fd, 148 cm vysok\u00fd a jeho rozvor dosahuje 279 cm. Interi\u00e9r tak nab\u00edz\u00ed \u0161t\u011bdr\u00fd prostor ve druh\u00e9 \u0159ad\u011b, m\u00edsto pro kolena \u010din\u00ed 188 mm. Velkorys\u00fd je tak\u00e9 zavazadlov\u00fd prostor s objemem 536 litr\u016f, po sklopen\u00ed op\u011bradel zadn\u00edch sedadel tento objem vzroste a\u017e na 1611 litr\u016f.<\/p>\n<p>Asisten\u010dn\u00ed syst\u00e9my \u0159\u00edzen\u00ed, kter\u00e9 pou\u017e\u00edvaj\u00ed 6 kamer a 9 radar\u016f, zaji\u0161\u0165uj\u00ed komfort a bezpe\u010dnost. Pat\u0159\u00ed mezi n\u011b zejm\u00e9na:<\/p>\n<p>\u00b7 AdaPtivn\u00ed tempomat s funkc\u00ed Stop and Go;<\/p>\n<p>\u00b7 No\u010dn\u00ed vid\u011bn\u00ed (Night Vision) umo\u017e\u0148uj\u00edc\u00ed rozpoznat zv\u00ed\u0159ata, chodce nebo cyklisty p\u0159ed vozem v j\u00edzdn\u00edm pruhu d\u0159\u00edve, ne\u017e se objev\u00ed v dosahu d\u00e1lkov\u00fdch sv\u011btel;<\/p>\n<p>\u00b7 Syst\u00e9m sledov\u00e1n\u00ed mrtv\u00e9ho \u00fahlu s velk\u00fdm dosahem (75 metr\u016f);<\/p>\n<p>\u00b7 Sledov\u00e1n\u00ed provozu za vozidlem, kter\u00e9 po za\u0159azen\u00ed zp\u00e1te\u010dky upozor\u0148uje na nebezpe\u010d\u00ed v bl\u00edzkosti vozu.<\/p>\n<p><img loading=\"lazy\" decoding=\"async\" class=\"alignnone wp-image-12778\" src=\"http:\/\/www.automakersnews.cz\/wp-content\/uploads\/2023\/01\/Peugeot-408-1-small-300x200.jpg\" alt=\"\" width=\"710\" height=\"473\" srcset=\"https:\/\/www.automakersnews.cz\/wp-content\/uploads\/2023\/01\/Peugeot-408-1-small-300x200.jpg 300w, https:\/\/www.automakersnews.cz\/wp-content\/uploads\/2023\/01\/Peugeot-408-1-small-1024x683.jpg 1024w, https:\/\/www.automakersnews.cz\/wp-content\/uploads\/2023\/01\/Peugeot-408-1-small-768x512.jpg 768w, https:\/\/www.automakersnews.cz\/wp-content\/uploads\/2023\/01\/Peugeot-408-1-small.jpg 1250w\" sizes=\"auto, (max-width: 710px) 100vw, 710px\" \/><\/p>\n<p>Nab\u00eddka pohon\u016f vozu Peugeot 408 zahrnuje dv\u011b plug-in hybridn\u00ed verze o v\u00fdkonu 180 a 225 k a benzinov\u00fd motor o v\u00fdkonu 130 k. V\u0161echny t\u0159i varianty jsou spojeny s osmistup\u0148ovou automatickou p\u0159evodovkou EAT8. Za n\u011bkolik m\u011bs\u00edc\u016f od uveden\u00ed t\u011bchto pohon\u016f na trh bude n\u00e1sledovat pln\u011b elektrick\u00e1 verze.<\/p>\n<p>Konstrukt\u00e9\u0159i vozu Peugeot 408 se zam\u011b\u0159ili p\u0159edev\u0161\u00edm na efektivitu. Kombinac\u00ed vynikaj\u00edc\u00ed aerodynamiky, pom\u011brn\u011b mal\u00e9 hmotnosti (od 1 396 kg) a \u00fasporn\u00fdch motor\u016f bylo dosa\u017eeno pozoruhodn\u011b n\u00edzk\u00e9 spot\u0159eby energie, a to jak u verz\u00ed s hybridn\u00edm pohonem, tak u verze se spalovac\u00edm motorem o v\u00fdkonu 130 k.<\/p>\n<p>\u201eV\u011b\u0159\u00edme, \u017ee \u017eivot se stane lep\u0161\u00edm, kdy\u017e mu p\u0159id\u00e1te p\u016fvab. A pr\u00e1v\u011b d\u00edky sv\u00e9mu jedine\u010dn\u00e9mu vzhledu, inovativn\u00ed siluet\u011b fastbacku a nespoutan\u00e9 eleganci je nov\u00fd model 408 dokonal\u00fdm vyj\u00e1d\u0159en\u00edm filozofie a invence zna\u010dky Peugeot,\u201c uvedla Linda Jackson, gener\u00e1ln\u00ed \u0159editelka zna\u010dky Peugeot. \u201eNov\u00fd Peugeot 408 je ne\u010dekan\u00fd z ka\u017ed\u00e9ho \u00fahlu pohledu. Byl navr\u017een pro milovn\u00edky automobil\u016f a \u017eivota, kte\u0159\u00ed se cht\u011bj\u00ed oprostit od tradice a z\u00e1rove\u0148 hledaj\u00ed zodpov\u011bdn\u00e9 pot\u011b\u0161en\u00ed z j\u00edzdy. Zt\u011bles\u0148uje n\u00e1ro\u010dn\u00e9 technologick\u00e9 standardy zna\u010dky Peugeot \u2013 \u0159\u00edzenou efektivitu a velmi vysokou \u00farove\u0148 digit\u00e1ln\u00edho z\u00e1\u017eitku \u2013 i v\u0161echny emoce, kter\u00e9 p\u0159in\u00e1\u0161\u00ed instinktivn\u00ed \u0159\u00edzen\u00ed.\u201c<\/p>\n<p><img loading=\"lazy\" decoding=\"async\" class=\"alignnone wp-image-12777\" src=\"http:\/\/www.automakersnews.cz\/wp-content\/uploads\/2023\/01\/Peugeot-408-2-small-300x169.jpg\" alt=\"\" width=\"651\" height=\"367\" srcset=\"https:\/\/www.automakersnews.cz\/wp-content\/uploads\/2023\/01\/Peugeot-408-2-small-300x169.jpg 300w, https:\/\/www.automakersnews.cz\/wp-content\/uploads\/2023\/01\/Peugeot-408-2-small-1024x576.jpg 1024w, https:\/\/www.automakersnews.cz\/wp-content\/uploads\/2023\/01\/Peugeot-408-2-small-768x432.jpg 768w, https:\/\/www.automakersnews.cz\/wp-content\/uploads\/2023\/01\/Peugeot-408-2-small-1536x864.jpg 1536w, https:\/\/www.automakersnews.cz\/wp-content\/uploads\/2023\/01\/Peugeot-408-2-small-2048x1152.jpg 2048w, https:\/\/www.automakersnews.cz\/wp-content\/uploads\/2023\/01\/Peugeot-408-2-small-678x381.jpg 678w\" sizes=\"auto, (max-width: 651px) 100vw, 651px\" \/><\/p>\n","protected":false},"excerpt":{"rendered":"<div class=\"mh-excerpt\"><p>Nov\u00fd Peugeot 408 m\u00e1 b\u00fdt uveden na trh na sam\u00e9m po\u010d\u00e1tku roku 2023. V\u016fz pro evropsk\u00e9 i mimoevropsk\u00e9 trhy se bude vyr\u00e1b\u011bt ve francouzsk\u00e9m m\u011bst\u011b <a class=\"mh-excerpt-more\" href=\"https:\/\/www.automakersnews.cz\/index.php\/2023\/01\/05\/peugeot-se-chysta-uvest-na-trh-novy-408\/\" title=\"Peugeot se chyst\u00e1 uv\u00e9st na trh nov\u00fd 408\">[&#8230;]<\/a><\/p>\n<\/div>","protected":false},"author":4,"featured_media":12776,"comment_status":"open","ping_status":"open","sticky":false,"template":"","format":"standard","meta":{"footnotes":""},"categories":[44],"tags":[],"class_list":["post-12747","post","type-post","status-publish","format-standard","has-post-thumbnail","hentry","category-ceny-novinek"],"_links":{"self":[{"href":"https:\/\/www.automakersnews.cz\/index.php\/wp-json\/wp\/v2\/posts\/12747","targetHints":{"allow":["GET"]}}],"collection":[{"href":"https:\/\/www.automakersnews.cz\/index.php\/wp-json\/wp\/v2\/posts"}],"about":[{"href":"https:\/\/www.automakersnews.cz\/index.php\/wp-json\/wp\/v2\/types\/post"}],"author":[{"embeddable":true,"href":"https:\/\/www.automakersnews.cz\/index.php\/wp-json\/wp\/v2\/users\/4"}],"replies":[{"embeddable":true,"href":"https:\/\/www.automakersnews.cz\/index.php\/wp-json\/wp\/v2\/comments?post=12747"}],"version-history":[{"count":0,"href":"https:\/\/www.automakersnews.cz\/index.php\/wp-json\/wp\/v2\/posts\/12747\/revisions"}],"wp:featuredmedia":[{"embeddable":true,"href":"https:\/\/www.automakersnews.cz\/index.php\/wp-json\/wp\/v2\/media\/12776"}],"wp:attachment":[{"href":"https:\/\/www.automakersnews.cz\/index.php\/wp-json\/wp\/v2\/media?parent=12747"}],"wp:term":[{"taxonomy":"category","embeddable":true,"href":"https:\/\/www.automakersnews.cz\/index.php\/wp-json\/wp\/v2\/categories?post=12747"},{"taxonomy":"post_tag","embeddable":true,"href":"https:\/\/www.automakersnews.cz\/index.php\/wp-json\/wp\/v2\/tags?post=12747"}],"curies":[{"name":"wp","href":"https:\/\/api.w.org\/{rel}","templated":true}]}}