{"id":12983,"date":"2023-01-05T11:58:00","date_gmt":"2023-01-05T11:58:00","guid":{"rendered":"https:\/\/www.automakersnews.cz\/?p=12983"},"modified":"2023-01-05T11:59:02","modified_gmt":"2023-01-05T11:59:02","slug":"mercedes-benz-vede-premiovy-segment","status":"publish","type":"post","link":"https:\/\/www.automakersnews.cz\/index.php\/2023\/01\/05\/mercedes-benz-vede-premiovy-segment\/","title":{"rendered":"Mercedes-Benz vede pr\u00e9miov\u00fd segment"},"content":{"rendered":"<p class=\"xmprfx_MsoNormal\"><strong>Mercedes-Benz je u\u017e posedm\u00e9 v \u0159ad\u011b je mezi deseti nejprod\u00e1van\u011bj\u0161\u00edmi v\u00fdrobci absolutn\u011b a obh\u00e1jil tak\u00e9 pozici nejprod\u00e1van\u011bj\u0161\u00ed pr\u00e9miov\u00e9 zna\u010dky v \u010cesk\u00e9 republice. V\u00fdkony importu komentoval jeho \u0161\u00e9f <b>\u00a0Wolfgang Karl Bremm von Kleinsorgen<\/b>.<\/strong><!--more--><\/p>\n<p class=\"xmprfx_MsoNormal\"><i>\u201eNa\u0161i z\u00e1kazn\u00edci projevuj\u00ed zna\u010dce Mercedes-Benz mimo\u0159\u00e1dnou d\u016fv\u011bru a loaj\u00e1lnost, \u010deho\u017e si nesm\u00edrn\u011b v\u00e1\u017e\u00edme. R\u00e1d bych pod\u011bkoval tak\u00e9 v\u0161em koleg\u016fm v\u00a0prodejn\u00ed s\u00edti, kte\u0159\u00ed sv\u00fdm p\u0159\u00edm\u00fdm kontaktem buduj\u00ed neoceniteln\u00e9 vztahy se z\u00e1kazn\u00edky,\u201c<\/i>\u00a0<b>\u0159\u00edk\u00e1\u00a0Wolfgang Karl Bremm von Kleinsorgen, gener\u00e1ln\u00ed \u0159editel spole\u010dnosti Mercedes-Benz \u010cesk\u00e1<\/b><b>\u00a0<\/b><b>republika.<\/b><\/p>\n<p class=\"xmprfx_MsoNormal\"><i>\u201eVelmi m\u011b t\u011b\u0161\u00ed rostouc\u00ed pod\u00edl elektrifikovan\u00fdch model\u016f, kter\u00fd v\u00a0p\u0159\u00edpad\u011b \u010desk\u00e9ho trhu<\/i><i>\u00a0odr\u00e1\u017e\u00ed skute\u010dnou oblibu t\u011bchto voz\u016f zna\u010dky Mercedes-Benz, a ne pouze atraktivn\u00ed obchodn\u00ed p\u0159\u00edle\u017eitost, jako tomu m\u016f\u017ee b\u00fdt na trz\u00edch s\u00a0v\u00fdraznou st\u00e1tn\u00ed podporou elektromobility.<\/i><i>\u201c<\/i><\/p>\n<p class=\"xmprfx_MsoNormal\">Nab\u00eddka model\u016f s plug-in hybridn\u00edm nebo pln\u011b elektrick\u00fdm pohonem z\u00e1rove\u0148 p\u0159isp\u011bla k v\u016fbec nejv\u011bt\u0161\u00edmu pod\u00edlu elektrifikovan\u00fdch voz\u016f mezi p\u0159edn\u00edmi v\u00fdrobci, <b>ka\u017ed\u00fd des\u00e1t\u00fd v\u016fz zna\u010dky Mercedes-Benz je plug-in hybrid nebo elektromobil.<\/b><\/p>\n<p><strong>Pl\u00e1ny na rok 2023<\/strong><\/p>\n<p class=\"xmprfx_MsoNormal\"><b>Nej\u017e\u00e1dan\u011bj\u0161\u00ed segment SUV<\/b>\u00a0bude v\u00a0roce 2023 roz\u0161\u00ed\u0159en o \u0159adu zcela nov\u00fdch model\u016f od kl\u00ed\u010dov\u00e9ho GLC a\u017e po progresivn\u00ed EQS SUV a EQE SUV zalo\u017een\u00fdch na pln\u011b elektrick\u00e9 platform\u011b od Mercedes-EQ.<\/p>\n<figure id=\"attachment_12984\" aria-describedby=\"caption-attachment-12984\" style=\"width: 200px\" class=\"wp-caption alignnone\"><img loading=\"lazy\" decoding=\"async\" class=\"size-medium wp-image-12984\" src=\"http:\/\/www.automakersnews.cz\/wp-content\/uploads\/2023\/01\/Bremm-Karl-Wolfgang-vyska-683x1024-1-200x300.png\" alt=\"\" width=\"200\" height=\"300\" srcset=\"https:\/\/www.automakersnews.cz\/wp-content\/uploads\/2023\/01\/Bremm-Karl-Wolfgang-vyska-683x1024-1-200x300.png 200w, https:\/\/www.automakersnews.cz\/wp-content\/uploads\/2023\/01\/Bremm-Karl-Wolfgang-vyska-683x1024-1.png 683w\" sizes=\"auto, (max-width: 200px) 100vw, 200px\" \/><figcaption id=\"caption-attachment-12984\" class=\"wp-caption-text\">Wolfgang Karl Bremm von Kleinsorgen<\/figcaption><\/figure>\n","protected":false},"excerpt":{"rendered":"<div class=\"mh-excerpt\"><p>Mercedes-Benz je u\u017e posedm\u00e9 v \u0159ad\u011b je mezi deseti nejprod\u00e1van\u011bj\u0161\u00edmi v\u00fdrobci absolutn\u011b a obh\u00e1jil tak\u00e9 pozici nejprod\u00e1van\u011bj\u0161\u00ed pr\u00e9miov\u00e9 zna\u010dky v \u010cesk\u00e9 republice. V\u00fdkony importu komentoval <a class=\"mh-excerpt-more\" href=\"https:\/\/www.automakersnews.cz\/index.php\/2023\/01\/05\/mercedes-benz-vede-premiovy-segment\/\" title=\"Mercedes-Benz vede pr\u00e9miov\u00fd segment\">[&#8230;]<\/a><\/p>\n<\/div>","protected":false},"author":1,"featured_media":530,"comment_status":"open","ping_status":"open","sticky":false,"template":"","format":"standard","meta":{"footnotes":""},"categories":[37,8],"tags":[],"class_list":["post-12983","post","type-post","status-publish","format-standard","has-post-thumbnail","hentry","category-importeri","category-statistika"],"_links":{"self":[{"href":"https:\/\/www.automakersnews.cz\/index.php\/wp-json\/wp\/v2\/posts\/12983","targetHints":{"allow":["GET"]}}],"collection":[{"href":"https:\/\/www.automakersnews.cz\/index.php\/wp-json\/wp\/v2\/posts"}],"about":[{"href":"https:\/\/www.automakersnews.cz\/index.php\/wp-json\/wp\/v2\/types\/post"}],"author":[{"embeddable":true,"href":"https:\/\/www.automakersnews.cz\/index.php\/wp-json\/wp\/v2\/users\/1"}],"replies":[{"embeddable":true,"href":"https:\/\/www.automakersnews.cz\/index.php\/wp-json\/wp\/v2\/comments?post=12983"}],"version-history":[{"count":0,"href":"https:\/\/www.automakersnews.cz\/index.php\/wp-json\/wp\/v2\/posts\/12983\/revisions"}],"wp:featuredmedia":[{"embeddable":true,"href":"https:\/\/www.automakersnews.cz\/index.php\/wp-json\/wp\/v2\/media\/530"}],"wp:attachment":[{"href":"https:\/\/www.automakersnews.cz\/index.php\/wp-json\/wp\/v2\/media?parent=12983"}],"wp:term":[{"taxonomy":"category","embeddable":true,"href":"https:\/\/www.automakersnews.cz\/index.php\/wp-json\/wp\/v2\/categories?post=12983"},{"taxonomy":"post_tag","embeddable":true,"href":"https:\/\/www.automakersnews.cz\/index.php\/wp-json\/wp\/v2\/tags?post=12983"}],"curies":[{"name":"wp","href":"https:\/\/api.w.org\/{rel}","templated":true}]}}