{"id":13103,"date":"2023-01-05T12:37:34","date_gmt":"2023-01-05T12:37:34","guid":{"rendered":"https:\/\/www.automakersnews.cz\/?p=13103"},"modified":"2023-01-09T08:30:43","modified_gmt":"2023-01-09T08:30:43","slug":"skoda-drzi-tretinovy-podil-toyota-pronikla-do-fleetu","status":"publish","type":"post","link":"https:\/\/www.automakersnews.cz\/index.php\/2023\/01\/05\/skoda-drzi-tretinovy-podil-toyota-pronikla-do-fleetu\/","title":{"rendered":"\u0160koda kles\u00e1, Hyundai dr\u017e\u00ed st\u0159\u00edbro, Toyota pronik\u00e1 do fleet\u016f"},"content":{"rendered":"<p><strong>Jak vypad\u00e1 peloton import\u00e9r\u016f z hlediska statistik registrac\u00ed nov\u00fdch vozidel v roce 2022? Pod\u00edly jednotliv\u00fdch zna\u010dek na \u010desk\u00e9m trhu p\u0159ibl\u00ed\u017eil na tiskovce SDA tajemn\u00edk svazu Josef Pokorn\u00fd.<\/strong><!--more--><\/p>\n<p>\u0160kodu Auto loni tr\u00e1pily v\u00fdrobn\u00ed probl\u00e9my, prodejn\u011b klesla, t\u0159etinov\u00fd pod\u00edl na dom\u00e1c\u00edm trhu ale udr\u017eela.<\/p>\n<p>&#8222;Prvn\u00ed byla loni tradi\u010dn\u011b zna\u010dka \u0160koda s 62 905 registrovan\u00fdmi vozidly, co\u017e znamen\u00e1 32,75proentn\u00ed tr\u017en\u00ed pod\u00edl,&#8220; uvedl Pokorn\u00fd.<\/p>\n<p>Na druh\u00e9m m\u00edst\u011b se udr\u017eel Hyundai s 18 604 kusy (9,69 %), t\u0159et\u00ed skon\u010dil Volkswagen s 16 020 kusy.<\/p>\n<p><strong>Pele\u0161ka: Toyota m\u011bla dobr\u00fd rok<\/strong><\/p>\n<p>Dobr\u00fd rok m\u011bla Toyota, kter\u00e1 registrovala 12 267 kus\u016f a um\u00edstila se \u010dtvrt\u00e1 metu v\u0161emi import\u00e9ry.<\/p>\n<p>&#8222;Na\u0161e tov\u00e1rny netr\u00e1pily tak velk\u00e9 produk\u010dn\u00ed probl\u00e9my jako n\u011bkter\u00e9 konkurenty, poda\u0159ilo se n\u00e1m d\u00edky tomu proniknout do \u0159ady flotilov\u00fdch obchod\u016f,&#8220; pochv\u00e1lil uplynul\u00fd rok pro n\u00e1\u0161 port\u00e1l \u0161\u00e9f Toyoty Czech Martin Pele\u0161ka.<\/p>\n<p>TOP 5 loni doplnila Kia, n\u00e1sledovala Dacia, Ford, Mercedes-Benz, Peugeot a BMW.<\/p>\n<p><img loading=\"lazy\" decoding=\"async\" class=\"alignnone size-medium wp-image-12989\" src=\"http:\/\/www.automakersnews.cz\/wp-content\/uploads\/2023\/01\/SDA-TK-2023-300x225.jpg\" alt=\"\" width=\"300\" height=\"225\" srcset=\"https:\/\/www.automakersnews.cz\/wp-content\/uploads\/2023\/01\/SDA-TK-2023-300x225.jpg 300w, https:\/\/www.automakersnews.cz\/wp-content\/uploads\/2023\/01\/SDA-TK-2023-1024x768.jpg 1024w, https:\/\/www.automakersnews.cz\/wp-content\/uploads\/2023\/01\/SDA-TK-2023-768x576.jpg 768w, https:\/\/www.automakersnews.cz\/wp-content\/uploads\/2023\/01\/SDA-TK-2023-1536x1152.jpg 1536w, https:\/\/www.automakersnews.cz\/wp-content\/uploads\/2023\/01\/SDA-TK-2023-678x509.jpg 678w, https:\/\/www.automakersnews.cz\/wp-content\/uploads\/2023\/01\/SDA-TK-2023-326x245.jpg 326w, https:\/\/www.automakersnews.cz\/wp-content\/uploads\/2023\/01\/SDA-TK-2023-80x60.jpg 80w, https:\/\/www.automakersnews.cz\/wp-content\/uploads\/2023\/01\/SDA-TK-2023.jpg 2040w\" sizes=\"auto, (max-width: 300px) 100vw, 300px\" \/><\/p>\n<p>&nbsp;<\/p>\n","protected":false},"excerpt":{"rendered":"<div class=\"mh-excerpt\"><p>Jak vypad\u00e1 peloton import\u00e9r\u016f z hlediska statistik registrac\u00ed nov\u00fdch vozidel v roce 2022? Pod\u00edly jednotliv\u00fdch zna\u010dek na \u010desk\u00e9m trhu p\u0159ibl\u00ed\u017eil na tiskovce SDA tajemn\u00edk svazu <a class=\"mh-excerpt-more\" href=\"https:\/\/www.automakersnews.cz\/index.php\/2023\/01\/05\/skoda-drzi-tretinovy-podil-toyota-pronikla-do-fleetu\/\" title=\"\u0160koda kles\u00e1, Hyundai dr\u017e\u00ed st\u0159\u00edbro, Toyota pronik\u00e1 do fleet\u016f\">[&#8230;]<\/a><\/p>\n<\/div>","protected":false},"author":1,"featured_media":13133,"comment_status":"open","ping_status":"open","sticky":false,"template":"","format":"standard","meta":{"footnotes":""},"categories":[2,8,29],"tags":[],"class_list":["post-13103","post","type-post","status-publish","format-standard","has-post-thumbnail","hentry","category-news","category-statistika","category-tiskovky"],"_links":{"self":[{"href":"https:\/\/www.automakersnews.cz\/index.php\/wp-json\/wp\/v2\/posts\/13103","targetHints":{"allow":["GET"]}}],"collection":[{"href":"https:\/\/www.automakersnews.cz\/index.php\/wp-json\/wp\/v2\/posts"}],"about":[{"href":"https:\/\/www.automakersnews.cz\/index.php\/wp-json\/wp\/v2\/types\/post"}],"author":[{"embeddable":true,"href":"https:\/\/www.automakersnews.cz\/index.php\/wp-json\/wp\/v2\/users\/1"}],"replies":[{"embeddable":true,"href":"https:\/\/www.automakersnews.cz\/index.php\/wp-json\/wp\/v2\/comments?post=13103"}],"version-history":[{"count":0,"href":"https:\/\/www.automakersnews.cz\/index.php\/wp-json\/wp\/v2\/posts\/13103\/revisions"}],"wp:featuredmedia":[{"embeddable":true,"href":"https:\/\/www.automakersnews.cz\/index.php\/wp-json\/wp\/v2\/media\/13133"}],"wp:attachment":[{"href":"https:\/\/www.automakersnews.cz\/index.php\/wp-json\/wp\/v2\/media?parent=13103"}],"wp:term":[{"taxonomy":"category","embeddable":true,"href":"https:\/\/www.automakersnews.cz\/index.php\/wp-json\/wp\/v2\/categories?post=13103"},{"taxonomy":"post_tag","embeddable":true,"href":"https:\/\/www.automakersnews.cz\/index.php\/wp-json\/wp\/v2\/tags?post=13103"}],"curies":[{"name":"wp","href":"https:\/\/api.w.org\/{rel}","templated":true}]}}