{"id":13168,"date":"2023-01-06T12:14:18","date_gmt":"2023-01-06T12:14:18","guid":{"rendered":"https:\/\/www.automakersnews.cz\/?p=13168"},"modified":"2023-01-06T13:03:44","modified_gmt":"2023-01-06T13:03:44","slug":"tiskovou-mluvci-max-banky-je-bakosova","status":"publish","type":"post","link":"https:\/\/www.automakersnews.cz\/index.php\/2023\/01\/06\/tiskovou-mluvci-max-banky-je-bakosova\/","title":{"rendered":"Tiskovou mluv\u010d\u00ed Max banky je Bako\u0161ov\u00e1"},"content":{"rendered":"<div><strong>Anna Bako\u0161ov\u00e1 m\u00e1 od ledna 2023 na starosti extern\u00ed i intern\u00ed komunikaci Max banky. Z\u00e1rove\u0148 zast\u00e1v\u00e1 funkci tiskov\u00e9 mluv\u010d\u00ed, p\u0159eb\u00edr\u00e1 tak agendu po Jakubovi \u0160vestkovi, kter\u00fd d\u00e1le ve spole\u010dnosti Max banka nep\u016fsob\u00ed.<\/strong><\/div>\n<p><!--more--><\/p>\n<div>Bako\u0161ov\u00e1 pracovala na pozici Senior PR Specialist od srpna 2022. Po akvizici Expobank CZ skupinou CREDITAS se ji\u017e pod\u00edlela na rebrandingu zna\u010dky na Max banku.<\/div>\n<div><\/div>\n<div><em>\u00a0\u201eNad\u00e1le se ze st\u00e1vaj\u00edc\u00ed pozice budu v\u011bnovat rozvoji a budov\u00e1n\u00ed pov\u011bdom\u00ed o zna\u010dce Max banka i na\u0161ich bankovn\u00edch produktech, kter\u00e9 ji\u017e od uveden\u00ed na trh pat\u0159\u00ed k t\u011bm nejzaj\u00edmav\u011bj\u0161\u00edm,&#8220;\u00a0<\/em>\u0159\u00edk\u00e1 Anna Bako\u0161ov\u00e1.<\/div>\n<div><\/div>\n<div>Anna Bako\u0161ov\u00e1 m\u00e1 dlouholet\u00e9 zku\u0161enosti v oblasti PR, komunikace a marketingu. Vystudovala Filosofickou fakultu Univerzity Karlovy. V\u00edce ne\u017e \u010dty\u0159i roky se v agentu\u0159e ArcoDiva pod\u00edlela na public relations a na organizaci mezin\u00e1rodn\u00edho hudebn\u00edho festivalu Mahler Jihlava.<\/div>\n<div><\/div>\n<div>V roce 2011 pak nastoupila do Symfonick\u00e9ho orchestru hl. m. Prahy FOK, kde byla zodpov\u011bdn\u00e1 za oblast PR a komunikace. N\u00e1sledn\u011b od roku 2014 zast\u00e1vala v FOK pozici obchodn\u00ed a marketingov\u00e9 \u0159editelky. V roce 2022 se Anna p\u0159esunula do oblasti financ\u00ed. Anna ve voln\u00e9m \u010dase r\u00e1da \u010dte, cestuje a sportuje.<\/div>\n<div><img loading=\"lazy\" decoding=\"async\" class=\"alignnone size-medium wp-image-13210\" src=\"http:\/\/www.automakersnews.cz\/wp-content\/uploads\/2023\/01\/Bakosova_Anna_Max_banka-e1673010197276-300x300.jpg\" alt=\"\" width=\"300\" height=\"300\" srcset=\"https:\/\/www.automakersnews.cz\/wp-content\/uploads\/2023\/01\/Bakosova_Anna_Max_banka-e1673010197276-300x300.jpg 300w, https:\/\/www.automakersnews.cz\/wp-content\/uploads\/2023\/01\/Bakosova_Anna_Max_banka-e1673010197276-150x150.jpg 150w, https:\/\/www.automakersnews.cz\/wp-content\/uploads\/2023\/01\/Bakosova_Anna_Max_banka-e1673010197276.jpg 500w\" sizes=\"auto, (max-width: 300px) 100vw, 300px\" \/><\/div>\n","protected":false},"excerpt":{"rendered":"<div class=\"mh-excerpt\"><p>Anna Bako\u0161ov\u00e1 m\u00e1 od ledna 2023 na starosti extern\u00ed i intern\u00ed komunikaci Max banky. Z\u00e1rove\u0148 zast\u00e1v\u00e1 funkci tiskov\u00e9 mluv\u010d\u00ed, p\u0159eb\u00edr\u00e1 tak agendu po Jakubovi \u0160vestkovi, <a class=\"mh-excerpt-more\" href=\"https:\/\/www.automakersnews.cz\/index.php\/2023\/01\/06\/tiskovou-mluvci-max-banky-je-bakosova\/\" title=\"Tiskovou mluv\u010d\u00ed Max banky je Bako\u0161ov\u00e1\">[&#8230;]<\/a><\/p>\n<\/div>","protected":false},"author":1,"featured_media":13169,"comment_status":"open","ping_status":"open","sticky":false,"template":"","format":"standard","meta":{"footnotes":""},"categories":[3],"tags":[],"class_list":["post-13168","post","type-post","status-publish","format-standard","has-post-thumbnail","hentry","category-personalie"],"_links":{"self":[{"href":"https:\/\/www.automakersnews.cz\/index.php\/wp-json\/wp\/v2\/posts\/13168","targetHints":{"allow":["GET"]}}],"collection":[{"href":"https:\/\/www.automakersnews.cz\/index.php\/wp-json\/wp\/v2\/posts"}],"about":[{"href":"https:\/\/www.automakersnews.cz\/index.php\/wp-json\/wp\/v2\/types\/post"}],"author":[{"embeddable":true,"href":"https:\/\/www.automakersnews.cz\/index.php\/wp-json\/wp\/v2\/users\/1"}],"replies":[{"embeddable":true,"href":"https:\/\/www.automakersnews.cz\/index.php\/wp-json\/wp\/v2\/comments?post=13168"}],"version-history":[{"count":0,"href":"https:\/\/www.automakersnews.cz\/index.php\/wp-json\/wp\/v2\/posts\/13168\/revisions"}],"wp:featuredmedia":[{"embeddable":true,"href":"https:\/\/www.automakersnews.cz\/index.php\/wp-json\/wp\/v2\/media\/13169"}],"wp:attachment":[{"href":"https:\/\/www.automakersnews.cz\/index.php\/wp-json\/wp\/v2\/media?parent=13168"}],"wp:term":[{"taxonomy":"category","embeddable":true,"href":"https:\/\/www.automakersnews.cz\/index.php\/wp-json\/wp\/v2\/categories?post=13168"},{"taxonomy":"post_tag","embeddable":true,"href":"https:\/\/www.automakersnews.cz\/index.php\/wp-json\/wp\/v2\/tags?post=13168"}],"curies":[{"name":"wp","href":"https:\/\/api.w.org\/{rel}","templated":true}]}}