{"id":1321,"date":"2022-11-01T08:43:53","date_gmt":"2022-11-01T08:43:53","guid":{"rendered":"https:\/\/www.automakersnews.cz\/?p=1321"},"modified":"2022-11-01T08:44:10","modified_gmt":"2022-11-01T08:44:10","slug":"monopost-f1-team-orlen-u-deviti-krizu","status":"publish","type":"post","link":"https:\/\/www.automakersnews.cz\/index.php\/2022\/11\/01\/monopost-f1-team-orlen-u-deviti-krizu\/","title":{"rendered":"Monopost F1 Team ORLEN u Dev\u00edti k\u0159\u00ed\u017e\u016f"},"content":{"rendered":"<p align=\"JUSTIFY\"><span style=\"color: #5a666f;\"><span style=\"font-size: medium;\"><b>ORLEN Benzina zve fanou\u0161ky rychl\u00fdch kol na dal\u0161\u00ed zast\u00e1vku sv\u00e9ho v\u00fdstavn\u00edho turn\u00e9. Po \u010derpac\u00edch stanic\u00edch ORLEN Benzina v Z\u00e1lu\u017e\u00ed u Litv\u00ednova a pra\u017esk\u00e9 \u010dtvrti Bran\u00edk se monopost formule 1 v barv\u00e1ch t\u00fdmu Alfa Romeo F1 Team ORLEN p\u0159edstav\u00ed z\u00e1kazn\u00edk\u016fm na legend\u00e1rn\u00ed \u010derpac\u00ed stanici Dev\u011bt k\u0159\u00ed\u017e\u016f na d\u00e1lnici D1 sm\u011br Brno. <\/b><\/span><\/span><!--more--><\/p>\n<p align=\"JUSTIFY\"><span style=\"color: #5a666f;\"><span style=\"font-size: medium;\"><b>K\u00a0Dev\u00edti k\u0159\u00ed\u017e\u016fm nav\u00edc p\u0159ijedou 1. listopadu v\u00a0poledne tak\u00e9 jezdci Martin Prokop a Jakub Przygonski s dakarsk\u00fdm speci\u00e1lem. Vrchol sou\u010dasn\u00e9 z\u00e1vodn\u00ed automobilov\u00e9 techniky mohou z\u00e1jemci v\u00a0obl\u00edben\u00e9 lokalit\u011b obdivovat od \u00fater\u00fd 1. listopadu do pond\u011bl\u00ed 7. listopadu. N\u00e1sledn\u011b se v\u016fz formule 1 p\u0159esune do Klimkovic u Ostravy, rovn\u011b\u017e na d\u00e1lnici D1. V\u00a0r\u00e1mci v\u00fdstavy se m\u016f\u017ee \u0161irok\u00e1 ve\u0159ejnost zapojit do dvou sout\u011b\u017e\u00ed o hodnotn\u00e9 ceny.<\/b><\/span><\/span><\/p>\n<p align=\"JUSTIFY\"><span style=\"color: #5a666f;\">\u201e<i>M\u00e1me velkou radost, \u017ee m\u016f\u017eeme na\u0161im z\u00e1kazn\u00edk\u016fm na obl\u00edben\u00e9 \u010derpac\u00ed stanici Dev\u011bt k\u0159\u00ed\u017e\u016f na d\u00e1lnici D1 p\u0159edstavit technicky unik\u00e1tn\u00ed z\u00e1vodn\u00ed a sout\u011b\u017en\u00ed automobily, a\u0165 u\u017e jde o monopost formule 1, s\u00a0n\u00edm\u017e se jezdci n\u00e1mi podporovan\u00e9ho t\u00fdmu Alfa Romeo F1 Team ORLEN \u00fa\u010dastn\u00ed celosv\u011btov\u00e9ho \u0161ampion\u00e1tu, nebo o dakarsk\u00fd speci\u00e1l Martina Prokopa a Jakuba Przygonsk\u00e9ho, s\u00a0n\u00edm\u017e oba jezdci bojuj\u00ed o \u00fasp\u011bchy v legend\u00e1rn\u00edch\u00a0maratonsk\u00fdch automobilov\u00fdch sout\u011b\u017e\u00edch. Vzhledem k\u00a0velk\u00e9 popularit\u011b motoristick\u00e9ho sportu, F1 a Rallye Dakar v\u00a0\u010cesk\u00e9 republice, v\u011b\u0159\u00edm, \u017ee si tuto jedine\u010dnou p\u0159\u00edle\u017eitost nenechaj\u00ed fanou\u0161ci rychl\u00fdch kol uj\u00edt a v\u00a0nadch\u00e1zej\u00edc\u00edch sedmi dnech nav\u0161t\u00edv\u00ed na\u0161i \u010derpac\u00ed stanici ORLEN Benzina Dev\u011bt k\u0159\u00ed\u017e\u016f na d\u00e1lnici D1, kde budou oba z\u00e1vodn\u00ed a sout\u011b\u017en\u00ed vozy vystaveny,\u201c <\/i><\/span><span style=\"color: #5a666f;\">\u0159\u00edk\u00e1 <\/span><span style=\"color: #5a666f;\"><b>Tomasz Wiatrak, p\u0159edseda p\u0159edstavenstva skupiny ORLEN Unipetrol, do kter\u00e9 pat\u0159\u00ed i s\u00ed\u0165 \u010derpac\u00edch stanic ORLEN Benzina.<\/b><\/span><\/p>\n<p align=\"JUSTIFY\"><span style=\"color: #5a666f;\">Leto\u0161n\u00ed monopost Alfa Romeo F1 Team ORLEN C42 absolvuje turn\u00e9 po \u010desk\u00fdch \u010derpac\u00edch stanic\u00edch, kde je v\u016fz prezentov\u00e1n v\u00a0transparentn\u00edm sklen\u011bn\u00e9m boxu. V\u00fdstavn\u00ed turn\u00e9 odstartovalo 17. \u0159\u00edjna na \u010derpac\u00ed stanici ORLEN Benzina v\u00a0Z\u00e1lu\u017e\u00ed u Litv\u00ednova<\/span><span style=\"color: #525252;\">. <\/span><span style=\"color: #5a666f;\">Dal\u0161\u00ed zast\u00e1vkou vz\u00e1cn\u00e9ho expon\u00e1tu byla ve dnech 25. a\u017e 31. \u0159\u00edjna \u010derpac\u00ed stanice na Ji\u017en\u00ed spojce v\u00a0pra\u017esk\u00e9m Bran\u00edku. <\/span><\/p>\n<p align=\"JUSTIFY\"><span style=\"color: #5a666f;\">Nyn\u00ed n\u00e1sleduje \u010derpac\u00ed stanice Dev\u011bt k\u0159\u00ed\u017e\u016f na d\u00e1lnici D1 ve sm\u011bru do Brna (1. a\u017e 7. listopadu), kam nav\u00edc zav\u00edtaj\u00ed se sv\u00fdm speci\u00e1lem z\u00a0Rallye Dakar sout\u011b\u017en\u00ed jezdci Martin Prokop a Jakub Przygonski. ORLEN Benzina tak nab\u00eddne fanou\u0161k\u016fm motoristick\u00e9ho sportu skv\u011blou mo\u017enost p\u0159\u00edm\u00e9ho porovn\u00e1n\u00ed \u0161pi\u010dkov\u00e9ho speci\u00e1lu pro maratonsk\u00e9 automobilov\u00e9 sout\u011b\u017ee s\u00a0monopostem formule 1, vrcholn\u00e9 kategorie okruhov\u00fdch z\u00e1vod\u016f. Posledn\u00ed p\u0159\u00edle\u017eitost vid\u011bt z\u00e1vodn\u00ed v\u016fz F1 na vlastn\u00ed o\u010di budou m\u00edt z\u00e1jemci na \u010derpac\u00ed stanici Klimkovice u Ostravy na d\u00e1lnici D1 ve sm\u011bru na Ostravu v\u00a0term\u00ednu 8. a\u017e 14. listopadu. <\/span><\/p>\n<p align=\"JUSTIFY\"><span style=\"color: #525252;\">S\u00ed\u0165 \u010derpac\u00edch stanic ORLEN Benzina p\u0159ipravila v\u00a0r\u00e1mci roadshow oslavuj\u00edc\u00ed nejvy\u0161\u0161\u00ed sportovn\u00ed v\u00fdkony hned dv\u011b sout\u011b\u017ee pro ve\u0159ejnost o zaj\u00edmav\u00e9 ceny \u2013 reklamn\u00ed p\u0159edm\u011bty t\u00fdmu Alfa Romeo F1 Team ORLEN nebo kurz bezpe\u010dn\u00e9 j\u00edzdy na Autodromu Most v\u00a0hodnot\u011b 5000 K\u010d.<\/span><\/p>\n<p><span style=\"color: #5a666f;\"><b>Technick\u00e9 informace a zaj\u00edmavosti o vozu Alfa Romeo F1 Team ORLEN C42<\/b><\/span><\/p>\n<p><span style=\"color: #5a666f;\"><b>\u0160asi:<\/b><\/span><span style=\"color: #5a666f;\"> monokok z\u00a0uhl\u00edkov\u00fdch vl\u00e1ken<br \/>\n<\/span><span style=\"color: #5a666f;\"><b>Motor:<\/b><\/span><span style=\"color: #5a666f;\"> Ferrari Tipo 065\/6 EVO V6 objemu 1600 cm<\/span><span style=\"color: #5a666f;\"><sup>3<\/sup><\/span><span style=\"color: #5a666f;\"> ulo\u017een\u00fd uprost\u0159ed pod\u00e9ln\u011b, hmotnost 145 kg, hlin\u00edkov\u00fd blok a hlava, vrt\u00e1n\u00ed x zdvih 80 x 53 mm, rozvod DOHC, p\u0159\u00edm\u00e9 vst\u0159ikov\u00e1n\u00ed paliva, maz\u00e1n\u00ed se suchou sk\u0159\u00edn\u00ed, p\u0159epl\u0148ov\u00e1n\u00ed turbodmychadlem, v\u00fdkon 740 kon\u00ed, litrov\u00fd v\u00fdkon 463 kon\u00ed, limit 15\u00a0000 min<\/span><span style=\"color: #5a666f;\"><sup>-1<\/sup><\/span><span style=\"color: #5a666f;\"><br \/>\n<\/span><span style=\"color: #5a666f;\"><b>P\u0159evodovka:<\/b><\/span><span style=\"color: #5a666f;\"> 8stup\u0148ov\u00e1 automatizovan\u00e1 sekven\u010dn\u00ed s\u00a0\u0159azen\u00edm p\u00e1dly na volantu, zadn\u00ed pohon<br \/>\n<\/span><span style=\"color: #5a666f;\"><b>Pneumatiky:<\/b><\/span><span style=\"color: #5a666f;\"> Pirelli P-Zero 305\/670 \u2013 405\/670<br \/>\n<\/span><span style=\"color: #5a666f;\"><b>Podvozek:<\/b><\/span><span style=\"color: #5a666f;\"> dvojit\u00e1 p\u0159\u00ed\u010dn\u00e1 ramena vp\u0159edu a vzadu, stabiliz\u00e1tory, karbon-keramick\u00e9 brzdy<br \/>\n<\/span><span style=\"color: #5a666f;\"><b>D\u00e9lka:<\/b><\/span><span style=\"color: #5a666f;\"> 5500 mm<br \/>\n<\/span><span style=\"color: #5a666f;\"><b>\u0160\u00ed\u0159ka:<\/b><\/span><span style=\"color: #5a666f;\"> 2000 mm<br \/>\n<\/span><span style=\"color: #5a666f;\"><b>Hmotnost:<\/b><\/span><span style=\"color: #5a666f;\"> 795 kg<br \/>\n<\/span><span style=\"color: #5a666f;\"><b>Maxim\u00e1ln\u00ed rychlost b\u011bhem z\u00e1vodu:<\/b><\/span><span style=\"color: #5a666f;\"> 370 km\/h<br \/>\n<\/span><span style=\"color: #5a666f;\"><b>Zrychlen\u00ed z\u00a00 na 100:<\/b><\/span><span style=\"color: #5a666f;\"> 2,6 vte\u0159iny<br \/>\n<\/span><span style=\"color: #5a666f;\"><b>Zrychlen\u00ed z\u00a00 na 200:<\/b><\/span><span style=\"color: #5a666f;\"> 4,8 vte\u0159iny<\/span><\/p>\n<p align=\"JUSTIFY\"><span style=\"color: #5a666f;\">\u010ce\u0161t\u00ed fanou\u0161ci motoristick\u00e9ho sportu se mohou po lo\u0148sk\u00e9m \u00fasp\u011b\u0161n\u00e9m turn\u00e9 setkat s\u00a0nejmodern\u011bj\u0161\u00edm monopostem F1 ji\u017e podruh\u00e9. V\u00a0\u010desk\u00fdch m\u011bstech vid\u011blo loni monopost v\u00edce ne\u017e 20 tis\u00edc z\u00e1jemc\u016f, a letos se tak cel\u00fd seri\u00e1l vrac\u00ed nejen do \u010ceska, ale pro velk\u00fd \u00fasp\u011bch se roz\u0161i\u0159uje i za hranice na Slovensko.<\/span><span style=\"color: #5a666f;\"> \u010cerpac\u00ed stanice ORLEN Benzina jsou sou\u010d\u00e1st\u00ed velk\u00e9 a stabiln\u00ed mezin\u00e1rodn\u00ed s\u00edt\u011b, do kter\u00e9 spadaj\u00ed bez m\u00e1la t\u0159i tis\u00edce stanic v\u00a0Polsku, N\u011bmecku, Litv\u011b, \u010cesku, na Slovensku a brzy tak\u00e9 v\u00a0Ma\u010farsku. Tento mezin\u00e1rodn\u00ed z\u00e1b\u011br je podtr\u017een \u00fasp\u011b\u0161n\u00fdm p\u016fsoben\u00edm skupiny ORLEN v\u00a0seri\u00e1lu Formule 1. Z\u00e1vody s t\u011bmi nejlep\u0161\u00edmi jezdci p\u0159itahuj\u00ed fanou\u0161ky z cel\u00e9ho sv\u011bta. Kumulativn\u00ed sledovanost podnik\u016f Formule 1 dos\u00e1hla v\u00a0lo\u0148sk\u00e9m roce 1,55 miliardy div\u00e1k\u016f, co\u017e je oproti roku 2020 n\u00e1r\u016fst o 4 %.<\/span><b> <\/b><\/p>\n<p align=\"JUSTIFY\"><span style=\"color: #5a666f;\">P\u0159\u00edtomnost monopostu F1 na \u010derpac\u00edch stanic\u00edch ORLEN Benzina v \u010cesk\u00e9 republice je sou\u010d\u00e1st\u00ed kampan\u011b Spole\u010dn\u011b na cest\u011b vp\u0159ed. Tato kampa\u0148 p\u0159ipom\u00edn\u00e1 z\u00e1kazn\u00edk\u016fm spojen\u00ed sil s\u00edt\u011b \u010derpac\u00edch stanic ORLEN Benzina s jej\u00ed mate\u0159skou skupinou ORLEN, d\u00edky n\u00ed\u017e se zna\u010dka neust\u00e1le zdokonaluje, p\u0159in\u00e1\u0161\u00ed inovace, zvy\u0161uje kvalitu slu\u017eeb a nab\u00edz\u00ed \u0161irokou \u0161k\u00e1lu palivov\u00fdch a nepalivov\u00fdch produkt\u016f. <\/span><\/p>\n","protected":false},"excerpt":{"rendered":"<div class=\"mh-excerpt\"><p>ORLEN Benzina zve fanou\u0161ky rychl\u00fdch kol na dal\u0161\u00ed zast\u00e1vku sv\u00e9ho v\u00fdstavn\u00edho turn\u00e9. Po \u010derpac\u00edch stanic\u00edch ORLEN Benzina v Z\u00e1lu\u017e\u00ed u Litv\u00ednova a pra\u017esk\u00e9 \u010dtvrti Bran\u00edk <a class=\"mh-excerpt-more\" href=\"https:\/\/www.automakersnews.cz\/index.php\/2022\/11\/01\/monopost-f1-team-orlen-u-deviti-krizu\/\" title=\"Monopost F1 Team ORLEN u Dev\u00edti k\u0159\u00ed\u017e\u016f\">[&#8230;]<\/a><\/p>\n<\/div>","protected":false},"author":1,"featured_media":1322,"comment_status":"open","ping_status":"open","sticky":false,"template":"","format":"standard","meta":{"footnotes":""},"categories":[16],"tags":[],"class_list":["post-1321","post","type-post","status-publish","format-standard","has-post-thumbnail","hentry","category-motorsport"],"_links":{"self":[{"href":"https:\/\/www.automakersnews.cz\/index.php\/wp-json\/wp\/v2\/posts\/1321","targetHints":{"allow":["GET"]}}],"collection":[{"href":"https:\/\/www.automakersnews.cz\/index.php\/wp-json\/wp\/v2\/posts"}],"about":[{"href":"https:\/\/www.automakersnews.cz\/index.php\/wp-json\/wp\/v2\/types\/post"}],"author":[{"embeddable":true,"href":"https:\/\/www.automakersnews.cz\/index.php\/wp-json\/wp\/v2\/users\/1"}],"replies":[{"embeddable":true,"href":"https:\/\/www.automakersnews.cz\/index.php\/wp-json\/wp\/v2\/comments?post=1321"}],"version-history":[{"count":0,"href":"https:\/\/www.automakersnews.cz\/index.php\/wp-json\/wp\/v2\/posts\/1321\/revisions"}],"wp:featuredmedia":[{"embeddable":true,"href":"https:\/\/www.automakersnews.cz\/index.php\/wp-json\/wp\/v2\/media\/1322"}],"wp:attachment":[{"href":"https:\/\/www.automakersnews.cz\/index.php\/wp-json\/wp\/v2\/media?parent=1321"}],"wp:term":[{"taxonomy":"category","embeddable":true,"href":"https:\/\/www.automakersnews.cz\/index.php\/wp-json\/wp\/v2\/categories?post=1321"},{"taxonomy":"post_tag","embeddable":true,"href":"https:\/\/www.automakersnews.cz\/index.php\/wp-json\/wp\/v2\/tags?post=1321"}],"curies":[{"name":"wp","href":"https:\/\/api.w.org\/{rel}","templated":true}]}}