{"id":13521,"date":"2023-01-09T08:10:14","date_gmt":"2023-01-09T08:10:14","guid":{"rendered":"https:\/\/www.automakersnews.cz\/?p=13521"},"modified":"2023-01-09T08:10:14","modified_gmt":"2023-01-09T08:10:14","slug":"mercedes-benz-obhajil-pozici-v-segmentu-nakladnich-aut","status":"publish","type":"post","link":"https:\/\/www.automakersnews.cz\/index.php\/2023\/01\/09\/mercedes-benz-obhajil-pozici-v-segmentu-nakladnich-aut\/","title":{"rendered":"Mercedes-Benz obh\u00e1jil pozici v segmentu n\u00e1kladn\u00edch aut"},"content":{"rendered":"<p><strong><span style=\"color: #000000;\"><span style=\"font-family: CorpoS, serif;\"><span style=\"font-size: medium;\"><span style=\"color: #00000a;\"><span style=\"font-family: CorpoSLig, serif;\"><span style=\"font-size: small;\">V roce 2022 bylo podle \u00fadaj\u016f z registru vozidel z 2.1.2023 v \u010cR nov\u011b registrov\u00e1no celkem 8.563 n\u00e1kladn\u00edch automobil\u016f, tedy jen o necel\u00fdch 300 vozidel v\u00edce, ne\u017e v roce 2021. Z toho bylo 1.795 n\u00e1kladn\u00edch vozidel Mercedes-Benz s celkovou hmotnost\u00ed nad 6t. Mercedes-Benz Trucks t\u00edm dos\u00e1hl op\u011bt prvn\u00edho m\u00edsta mezi dovozci a v\u00fdrobci n\u00e1kladn\u00edch voz\u016f, p\u0159i\u010dem\u017e si oproti lo\u0148sku vylep\u0161il pod\u00edl na trhu z 18,4% na 21%.<\/span><\/span><\/span><\/span><\/span><\/span><\/strong><!--more--><\/p>\n<p><span style=\"color: #000000;\"><span style=\"font-family: CorpoS, serif;\"><span style=\"font-size: medium;\"><span style=\"color: #00000a;\"><span style=\"font-family: CorpoSLig, serif;\"><span style=\"font-size: small;\">V \u010cesk\u00e9 republice bylo loni registrov\u00e1no 1070 kus\u016f taha\u010d\u016f n\u00e1v\u011bs\u016f zna\u010dky Mercedes-Benz, co\u017e znamen\u00e1 tr\u017en\u00ed pod\u00edl 20,8%. V podvozc\u00edch pro r\u016fzn\u00e9 druhy speci\u00e1ln\u00edch n\u00e1staveb zna\u010dka registrovala 557 ks vozidel, co\u017e znamen\u00e1 tr\u017en\u00ed pod\u00edl 27,1% a takt\u00e9\u017e tradi\u010dn\u00ed prvn\u00ed pozici v t\u00e9to kategorii s velk\u00fdm odstupem od dal\u0161\u00edch v\u00fdrobc\u016f. Bohu\u017eel p\u0159etrv\u00e1v\u00e1 slo\u017eit\u00e1 situace v dod\u00e1vk\u00e1ch komponent\u016f a d\u00edl\u016f pro v\u00fdrobu vozidel. V\u00fdsledn\u00fd po\u010det dodan\u00fdch vozidel st\u00e1le neodpov\u00edd\u00e1 popt\u00e1vce. Pokud by v\u00fdrobci dok\u00e1zali uspokojit v\u0161echny leto\u0161n\u00ed popt\u00e1vky, mohl trh v \u010cR dos\u00e1hnout i k hodnot\u011b v\u00fdrazn\u011b nad hranic\u00ed 10.000 registrovan\u00fdch n\u00e1kladn\u00edch vozidel. <\/span><\/span><\/span><\/span><\/span><\/span><\/p>\n<p><a name=\"Bookmark\"><\/a><span style=\"color: #000000;\"><span style=\"font-family: CorpoS, serif;\"><span style=\"font-size: medium;\"><span style=\"color: #00000a;\"><span style=\"font-family: CorpoSLig, serif;\"><span style=\"font-size: small;\">Prodej mal\u00fdch n\u00e1kladn\u00edch voz\u016f Fuso Canter byl podle importu t\u00e9\u017e \u00fasp\u011b\u0161n\u00fd. Prodejem 69 ks dos\u00e1hl v kategorii srovnateln\u00fdch produkt\u016f tr\u017en\u00edho pod\u00edlu 48,6%, co\u017e tak\u00e9 znamen\u00e1 prvn\u00ed m\u00edsto v t\u00e9to kategorii. <\/span><\/span><\/span><\/span><\/span><\/span><\/p>\n<p><span style=\"color: #000000;\"><span style=\"font-family: CorpoS, serif;\"><span style=\"font-size: medium;\"><span style=\"color: #00000a;\"><span style=\"font-family: CorpoSLig, serif;\"><span style=\"font-size: small;\">&#8222;Jedn\u00edm z hlavn\u00edch argument\u016f pro vozidla zna\u010dky Mercedes-Benz Trucks jsou jejich n\u00edzk\u00e9 provozn\u00ed n\u00e1klady a bohat\u00e1 nab\u00eddka doprovodn\u00fdch slu\u017eeb. Telematick\u00e9 slu\u017eby pod hlavi\u010dkou FleetBoard a MB Uptime pat\u0159\u00ed k t\u011bm hojn\u011b vyu\u017e\u00edvan\u00fdm. Slu\u017eby syst\u00e9mu FleetBoard aktu\u00e1ln\u011b vyu\u017e\u00edv\u00e1 v\u00edce ne\u017e 4.200 vozidel v \u010cesk\u00e9 republice. Syst\u00e9m FleetBoard pro\u0161el v posledn\u00ed dob\u011b z\u00e1sadn\u00ed technologickou zm\u011bnou. Backend syst\u00e9mu byl p\u0159enesen do cloudov\u00e9ho \u0159e\u0161en\u00ed, a to v\u0161e za pln\u00e9ho provozu syst\u00e9mu. Tento krok je velmi d\u016fle\u017eit\u00fd p\u0159edev\u0161\u00edm pro bl\u00edzkou budoucnost, proto\u017ee digitalizace n\u00e1kladn\u00edch vozidel se ve v\u0161ech sm\u011brech velmi dynamicky rozv\u00edj\u00ed a pot\u0159ebuje st\u00e1le rychlej\u0161\u00ed a v\u00fdkonn\u011bj\u0161\u00ed p\u0159enos dat pro st\u00e1le v\u00edce p\u0159ipojen\u00fdch vozidel,&#8220; uvedla zna\u010dka. <\/span><\/span><\/span><\/span><\/span><\/span><\/p>\n<p><span style=\"color: #000000;\"><span style=\"font-family: CorpoS, serif;\"><span style=\"font-size: medium;\"><span style=\"color: #00000a;\"><span style=\"font-family: CorpoSLig, serif;\"><span style=\"font-size: small;\">N\u00e1vazn\u00fd v\u00fdvoj nov\u00e9ho u\u017eivatelsk\u00e9ho prost\u0159ed\u00ed FleetBoard Kosmos je v pln\u00e9m proudu. To, \u017ee je telematika vynikaj\u00edc\u00edm n\u00e1strojem pro sni\u017eov\u00e1n\u00ed n\u00e1klad\u016f na provoz vozidel, dokl\u00e1daj\u00ed v\u00fdsledky sout\u011b\u017e\u00ed \u0159idi\u010d\u016f, kter\u00e9 na\u0161e spole\u010dnost pravideln\u011b vyhla\u0161uje. \u0158idi\u010di v sout\u011b\u017e\u00edch opakovan\u011b bo\u0159\u00ed hranice ve sni\u017eov\u00e1n\u00ed spot\u0159eb a ukazuj\u00ed tak, jak n\u00edzk\u00fdch provozn\u00edch n\u00e1klad\u016f mohou n\u00e1kladn\u00ed vozidla Mercedes-Benz p\u0159i sv\u00e9m b\u011b\u017en\u00e9m provozu dosahovat. A to se t\u00fdk\u00e1 nejen d\u00e1lkov\u00e9 dopravy, ale i dopravy stavebn\u00ed. Syst\u00e9m FleetBoard je ji\u017e p\u0159es 20 let na \u010desk\u00e9m trhu a je bezesporu ne\u00fa\u010dinn\u011bj\u0161\u00edm n\u00e1strojem pro zlep\u0161ov\u00e1n\u00ed j\u00edzdn\u00edho stylu \u0159idi\u010d\u016f, sni\u017eov\u00e1n\u00ed opot\u0159eben\u00ed vozidel, spot\u0159eby paliva a sou\u010dasn\u011b i sn\u00ed\u017een\u00ed tolik diskutovan\u00fdch emis\u00ed CO<\/span><\/span><\/span><span style=\"color: #00000a;\"><sub><span style=\"font-family: CorpoSLig, serif;\"><span style=\"font-size: small;\">2<\/span><\/span><\/sub><\/span><span style=\"color: #00000a;\"><span style=\"font-family: CorpoSLig, serif;\"><span style=\"font-size: small;\">. FleetBoard slav\u00ed sv\u00e9 \u00fasp\u011bchy dokonce i u komun\u00e1ln\u00edch vozidel p\u0159i svozu odpadu. Pr\u00e1ce s\u00a0\u0159idi\u010di v\u00a0kombinaci s\u00a0na\u0161\u00edm profesion\u00e1ln\u00edm \u0161kolen\u00edm \u0159idi\u010d\u016f jsou st\u00e1le jedn\u00edm z\u00a0nejefektivn\u011bj\u0161\u00edch zp\u016fsob\u016f, jak zm\u00edn\u011bn\u00fdch skv\u011bl\u00fdch v\u00fdsledk\u016f lze dos\u00e1hnout. <\/span><\/span><\/span><\/span><\/span><\/span><\/p>\n<p><span style=\"color: #000000;\"><span style=\"font-family: CorpoS, serif;\"><span style=\"font-size: medium;\"><span style=\"color: #00000a;\"><span style=\"font-family: CorpoSLig, serif;\"><span style=\"font-size: small;\">Dal\u0161\u00ed naprosto unik\u00e1tn\u00ed slu\u017ebou je MB Uptime. Tato slu\u017eba pracuje s\u00a0informacemi o technick\u00e9m stavu vozidla v\u00a0re\u00e1ln\u00e9m \u010dase a umo\u017e\u0148uje v\u010dasn\u00e9 pl\u00e1nov\u00e1n\u00ed servisu a \u00fadr\u017eby tak, aby prostoje vozidla byly co nejmen\u0161\u00ed. D\u00edky MB\u00a0Uptime jsme schopni na\u0161im z\u00e1kazn\u00edk\u016fm poskytnout je\u0161t\u011b lep\u0161\u00ed p\u00e9\u010di ze strany servis\u016f Mercedes-Benz a slu\u017eby Servis24. MB\u00a0Uptime v\u00a0\u010cR vyu\u017e\u00edvaj\u00ed z\u00e1kazn\u00edci ji\u017e ve v\u00edce ne\u017e 2.500 vozidlech. Nav\u00edc v\u00a0roce 2023 k\u00a0slu\u017eb\u00e1m FleetBoard a MB\u00a0Uptime p\u0159ibyde slu\u017eba dal\u0161\u00ed, a to MB\u00a0TruckLive. <\/span><\/span><\/span><\/span><\/span><\/span><\/p>\n<p><span style=\"color: #000000;\"><span style=\"font-family: CorpoS, serif;\"><span style=\"font-size: medium;\"><span style=\"color: #00000a;\"><span style=\"font-family: CorpoSLig, serif;\"><span style=\"font-size: small;\">Tato slu\u017eba bude na prvn\u00ed 3 roky zdarma. Hlavn\u00edm \u00fa\u010delem TruckLive je zaji\u0161t\u011bn\u00ed pokud mo\u017eno 100% konektivity v\u0161ech n\u00e1kladn\u00edch vozidel MB. D\u00edky tomu budeme moci na\u0161im z\u00e1kazn\u00edk\u016fm poskytnout je\u0161t\u011b v\u00edce slu\u017eeb, jako je nap\u0159\u00edklad lokalizace vozidla v\u00a0p\u0159\u00edpad\u011b nehody a jeho vzd\u00e1len\u00e1 diagnostika, vzd\u00e1len\u00e1 aktualizace SW jednotek ve vozidle, MB Truck App Portal a mnoho dal\u0161\u00edch. Na slu\u017eby FleetBoard a MB Uptime v\u00a0nov\u00e9m kab\u00e1t\u011b FleetBoard\u00a0Kosmos se mohou na\u0161i z\u00e1kazn\u00edci t\u011b\u0161it zejm\u00e9na u na\u0161ich nov\u00fdch elektrick\u00fdch n\u00e1kladn\u00edch vozidel. Novou slu\u017ebou, ur\u010denou pro elektrick\u00e1 vozidla je i FleetBoard <\/span><\/span><\/span><span style=\"color: #00000a;\"><span style=\"font-family: CorpoSLig, serif;\"><span style=\"font-size: small;\"><span lang=\"en-US\">Charge<\/span><\/span><\/span><\/span><span style=\"color: #00000a;\"><span style=\"font-family: CorpoSLig, serif;\"><span style=\"font-size: small;\">\u00a0Management. Tato slu\u017eba komunikuje prim\u00e1rn\u011b p\u0159\u00edmo s\u00a0nab\u00edjec\u00edmi stanicemi a slou\u017e\u00ed k\u00a0\u0159\u00edzen\u00ed a optimalizaci jejich provozu. I toto je FleetBoard. Je tedy v\u00edce ne\u017e jasn\u00e9, \u017ee budoucnost pat\u0159\u00ed konektivit\u011b.<\/span><\/span><\/span><\/span><\/span><\/span><\/p>\n","protected":false},"excerpt":{"rendered":"<div class=\"mh-excerpt\"><p>V roce 2022 bylo podle \u00fadaj\u016f z registru vozidel z 2.1.2023 v \u010cR nov\u011b registrov\u00e1no celkem 8.563 n\u00e1kladn\u00edch automobil\u016f, tedy jen o necel\u00fdch 300 vozidel <a class=\"mh-excerpt-more\" href=\"https:\/\/www.automakersnews.cz\/index.php\/2023\/01\/09\/mercedes-benz-obhajil-pozici-v-segmentu-nakladnich-aut\/\" title=\"Mercedes-Benz obh\u00e1jil pozici v segmentu n\u00e1kladn\u00edch aut\">[&#8230;]<\/a><\/p>\n<\/div>","protected":false},"author":1,"featured_media":13522,"comment_status":"open","ping_status":"open","sticky":false,"template":"","format":"standard","meta":{"footnotes":""},"categories":[37,8],"tags":[],"class_list":["post-13521","post","type-post","status-publish","format-standard","has-post-thumbnail","hentry","category-importeri","category-statistika"],"_links":{"self":[{"href":"https:\/\/www.automakersnews.cz\/index.php\/wp-json\/wp\/v2\/posts\/13521","targetHints":{"allow":["GET"]}}],"collection":[{"href":"https:\/\/www.automakersnews.cz\/index.php\/wp-json\/wp\/v2\/posts"}],"about":[{"href":"https:\/\/www.automakersnews.cz\/index.php\/wp-json\/wp\/v2\/types\/post"}],"author":[{"embeddable":true,"href":"https:\/\/www.automakersnews.cz\/index.php\/wp-json\/wp\/v2\/users\/1"}],"replies":[{"embeddable":true,"href":"https:\/\/www.automakersnews.cz\/index.php\/wp-json\/wp\/v2\/comments?post=13521"}],"version-history":[{"count":0,"href":"https:\/\/www.automakersnews.cz\/index.php\/wp-json\/wp\/v2\/posts\/13521\/revisions"}],"wp:featuredmedia":[{"embeddable":true,"href":"https:\/\/www.automakersnews.cz\/index.php\/wp-json\/wp\/v2\/media\/13522"}],"wp:attachment":[{"href":"https:\/\/www.automakersnews.cz\/index.php\/wp-json\/wp\/v2\/media?parent=13521"}],"wp:term":[{"taxonomy":"category","embeddable":true,"href":"https:\/\/www.automakersnews.cz\/index.php\/wp-json\/wp\/v2\/categories?post=13521"},{"taxonomy":"post_tag","embeddable":true,"href":"https:\/\/www.automakersnews.cz\/index.php\/wp-json\/wp\/v2\/tags?post=13521"}],"curies":[{"name":"wp","href":"https:\/\/api.w.org\/{rel}","templated":true}]}}