{"id":13554,"date":"2023-01-09T08:49:35","date_gmt":"2023-01-09T08:49:35","guid":{"rendered":"https:\/\/www.automakersnews.cz\/?p=13554"},"modified":"2023-01-09T08:49:35","modified_gmt":"2023-01-09T08:49:35","slug":"toyota-uzavrela-lonsky-rok-rekordnim-prosincem","status":"publish","type":"post","link":"https:\/\/www.automakersnews.cz\/index.php\/2023\/01\/09\/toyota-uzavrela-lonsky-rok-rekordnim-prosincem\/","title":{"rendered":"Toyota uzav\u0159ela lo\u0148sk\u00fd rok rekordn\u00edm prosincem"},"content":{"rendered":"<p><strong>\u010cesk\u00e1 Toyota zakon\u010dila rok 2022 rekordn\u00edm prosincem. V r\u00e1mci posledn\u00edho m\u011bs\u00edce roku se um\u00edstila na druh\u00e9m m\u00edst\u011b s tr\u017en\u00edm pod\u00edlem 8,8 %.<\/strong><!--more--><\/p>\n<p>Rekordn\u00ed prosinec na \u010desk\u00e9m trhu zaznamenala zna\u010dka Toyota. Z\u00e1kazn\u00edk\u016fm p\u0159edala a zaregistrovala celkem 1 430 nov\u00fdch osobn\u00edch i u\u017eitkov\u00fdch voz\u016f, co\u017e j\u00ed vyneslo druh\u00e9 m\u00edsto na trhu a tr\u017en\u00ed pod\u00edl 8,8 %. Zat\u00edmco cel\u00fd trh se v prosinci propadl o 12 procent, Toyota o t\u00e9m\u011b\u0159 17 procent rostla.<\/p>\n<p>\u201eProsinec byl fantastickou te\u010dkou za n\u00e1ro\u010dn\u00fdm, ale velmi \u00fasp\u011b\u0161n\u00fdm rokem. Kon\u010dit rok 2022 na neuv\u011b\u0159iteln\u00e9m druh\u00e9m m\u00edst\u011b je pro n\u00e1s velk\u00fdm z\u00e1vazkem i pro leto\u0161ek,\u201c \u0159\u00edk\u00e1 Martin Pele\u0161ka, \u0161\u00e9f \u010desk\u00e9ho zastoupen\u00ed zna\u010dek Toyota a Lexus.<\/p>\n<p>Cel\u00fd rok 2022 uzav\u0159ela Toyota na \u010dtvrt\u00e9 p\u0159\u00ed\u010dce a stav objedn\u00e1vek nazna\u010duje, \u017ee v prvn\u00edm kvart\u00e1lu roku 2023 bude op\u011bt m\u00ed\u0159it na vy\u0161\u0161\u00ed pozice.<\/p>\n","protected":false},"excerpt":{"rendered":"<div class=\"mh-excerpt\"><p>\u010cesk\u00e1 Toyota zakon\u010dila rok 2022 rekordn\u00edm prosincem. V r\u00e1mci posledn\u00edho m\u011bs\u00edce roku se um\u00edstila na druh\u00e9m m\u00edst\u011b s tr\u017en\u00edm pod\u00edlem 8,8 %.<\/p>\n<\/div>","protected":false},"author":1,"featured_media":13555,"comment_status":"open","ping_status":"open","sticky":false,"template":"","format":"standard","meta":{"footnotes":""},"categories":[8],"tags":[],"class_list":["post-13554","post","type-post","status-publish","format-standard","has-post-thumbnail","hentry","category-statistika"],"_links":{"self":[{"href":"https:\/\/www.automakersnews.cz\/index.php\/wp-json\/wp\/v2\/posts\/13554","targetHints":{"allow":["GET"]}}],"collection":[{"href":"https:\/\/www.automakersnews.cz\/index.php\/wp-json\/wp\/v2\/posts"}],"about":[{"href":"https:\/\/www.automakersnews.cz\/index.php\/wp-json\/wp\/v2\/types\/post"}],"author":[{"embeddable":true,"href":"https:\/\/www.automakersnews.cz\/index.php\/wp-json\/wp\/v2\/users\/1"}],"replies":[{"embeddable":true,"href":"https:\/\/www.automakersnews.cz\/index.php\/wp-json\/wp\/v2\/comments?post=13554"}],"version-history":[{"count":0,"href":"https:\/\/www.automakersnews.cz\/index.php\/wp-json\/wp\/v2\/posts\/13554\/revisions"}],"wp:featuredmedia":[{"embeddable":true,"href":"https:\/\/www.automakersnews.cz\/index.php\/wp-json\/wp\/v2\/media\/13555"}],"wp:attachment":[{"href":"https:\/\/www.automakersnews.cz\/index.php\/wp-json\/wp\/v2\/media?parent=13554"}],"wp:term":[{"taxonomy":"category","embeddable":true,"href":"https:\/\/www.automakersnews.cz\/index.php\/wp-json\/wp\/v2\/categories?post=13554"},{"taxonomy":"post_tag","embeddable":true,"href":"https:\/\/www.automakersnews.cz\/index.php\/wp-json\/wp\/v2\/tags?post=13554"}],"curies":[{"name":"wp","href":"https:\/\/api.w.org\/{rel}","templated":true}]}}