{"id":1357,"date":"2022-11-01T09:35:24","date_gmt":"2022-11-01T09:35:24","guid":{"rendered":"https:\/\/www.automakersnews.cz\/?p=1357"},"modified":"2022-11-01T09:35:24","modified_gmt":"2022-11-01T09:35:24","slug":"lidl-zavazi-prahu-elekrickym-volvem","status":"publish","type":"post","link":"https:\/\/www.automakersnews.cz\/index.php\/2022\/11\/01\/lidl-zavazi-prahu-elekrickym-volvem\/","title":{"rendered":"Lidl zav\u00e1\u017e\u00ed Prahu elekrick\u00fdm Volvem"},"content":{"rendered":"<p align=\"JUSTIFY\"><span style=\"font-family: Calibri, serif;\"><b>Lidl zah\u00e1jil z\u00e1sobov\u00e1n\u00ed sv\u00fdch prodejen s elektrick\u00fdm n\u00e1kladn\u00edm vozidlem Volvo. Ve spolupr\u00e1ci s C.S.CARGO tak bude nyn\u00ed ze sv\u00e9ho distribu\u010dn\u00edho centra v Bu\u0161t\u011bhradu pravideln\u011b zav\u00e1\u017eet zbo\u017e\u00ed do sv\u00fdch prodejen v centru Prahy.<\/b><\/span><!--more--><\/p>\n<p align=\"JUSTIFY\"><span style=\"font-family: Calibri, serif;\"> Spole\u010dnost C.S.CARGO v provozu pro Lidl intenzivn\u011b testovala elektrick\u00e9 n\u00e1kladn\u00ed vozidlo Volvo FL Electric ji\u017e v lo\u0148sk\u00e9m roce a po vyhodnocen\u00ed v\u0161ech krit\u00e9ri\u00ed se rozhodla pro verzi Volvo FE Electric v chlad\u00edrensk\u00e9m proveden\u00ed a jej\u00ed za\u0159azen\u00ed do sv\u00e9 flotily. <\/span><\/p>\n<p align=\"JUSTIFY\"><span style=\"font-family: Calibri, serif;\"><span lang=\"cs-CZ\">Ve sv\u00e9 strategii se spole\u010dnost Lidl zav\u00e1zala, \u017ee do roku 2030 sn\u00ed\u017e\u00ed ve srovn\u00e1n\u00ed s\u00a0rokem 2019 sv\u00e9 provozn\u00ed emise o 80 %. Na pln\u011bn\u00ed tohoto c\u00edle ji\u017e Lidl intenzivn\u011b pracuje, a proto v\u00a0t\u011bchto dnech spou\u0161t\u00ed do provozu elektrick\u00e9 n\u00e1kladn\u00ed vozidlo, kter\u00e9 p\u0159edstavuje unik\u00e1tn\u00ed \u0159e\u0161en\u00ed zaji\u0161t\u011bn\u00ed z\u00e1sobov\u00e1n\u00ed prodejen v\u00a0centru Prahy bez negativn\u00edho dopadu na \u017eivotn\u00ed prost\u0159ed\u00ed.<\/span><\/span><\/p>\n<p align=\"JUSTIFY\">\u201e<span lang=\"cs-CZ\">Prvn\u00ed elektrick\u00e9 n\u00e1kladn\u00ed vozidlo v\u00a0na\u0161ich slu\u017eb\u00e1ch znamen\u00e1 zlomov\u00fd moment v\u00a0na\u0161\u00ed logistice. Ji\u017e v\u00a0lo\u0148sk\u00e9m roce se n\u00e1m poda\u0159ilo do <\/span><span style=\"color: #000000;\"><span lang=\"cs-CZ\">na\u0161\u00ed flotily <\/span><\/span><span lang=\"cs-CZ\">zapojit vozidlo na pohon zkapaln\u011bn\u00fdm zemn\u00edm plynem <\/span><span style=\"color: #000000;\"><span style=\"font-family: Arial, serif;\"><span style=\"font-size: medium;\"><span lang=\"cs-CZ\">\u2013<\/span><\/span><\/span><\/span><span style=\"color: #000000;\"><span style=\"font-family: Tahoma, serif;\"><span style=\"font-size: medium;\"><span lang=\"cs-CZ\">\u2060<\/span><\/span><\/span><\/span><span lang=\"cs-CZ\"> LNG. Nyn\u00ed se v\u0161ak posuneme v\u00a0na\u0161em c\u00edli ohledn\u011b omezov\u00e1n\u00ed emis\u00ed zase o krok d\u00e1l. T\u011b\u0161\u00ed n\u00e1s, \u017ee se spole\u010dnost Volvo Trucks odhodlan\u011b pustila do v\u00fdvoje t\u011bchto unik\u00e1tn\u00edch vozidel, s jejich\u017e pomoc\u00ed na\u0161e logistika omez\u00ed dopady na \u017eivotn\u00ed prost\u0159ed\u00ed. Jsme r\u00e1di, \u017ee m\u00e1me tak siln\u00e9ho partnera jako spole\u010dnost C.S.CARGO, s\u00a0n\u00edm\u017e spou\u0161t\u00edme z\u00e1sobov\u00e1n\u00ed na\u0161ich prodejen prvn\u00edm n\u00e1kladn\u00edm elektrovozem, kter\u00fd bude v\u00a0\u010cesk\u00e9 republice v\u00a0na\u0161em oboru jezdit,\u201c uvedl tiskov\u00fd mluv\u010d\u00ed spole\u010dnosti Lidl, Tom\u00e1\u0161 Myler. <\/span><\/p>\n<p align=\"JUSTIFY\"><span style=\"font-family: Calibri, serif;\"><span lang=\"cs-CZ\">Dlouhodobou prioritou spole\u010dnosti Lidl je udr\u017eiteln\u00e9 podnik\u00e1n\u00ed, s\u00a0\u010d\u00edm\u017e \u00fazce souvis\u00ed snaha o sn\u00ed\u017een\u00ed uhl\u00edkov\u00e9 stopy. N\u00e1kladn\u00ed vozidla na alternativn\u00ed pohony jsou pro to velmi d\u016fle\u017eit\u00fdm n\u00e1strojem. V\u00a0minul\u00fdch m\u011bs\u00edc\u00edch tak spole\u010dnost Lidl elektrick\u00e9 n\u00e1kladn\u00ed vozidlo intenzivn\u011b testovala. <\/span><\/span><\/p>\n<p align=\"JUSTIFY\">\u201e<span style=\"font-family: Calibri, serif;\"><span lang=\"cs-CZ\">Se spole\u010dnost\u00ed Lidl spolupracujeme ji\u017e \u0159adu let. Pravideln\u011b diskutujeme o mo\u017enostech p\u0159epravy tak, aby mohla b\u00fdt spln\u011bna intern\u00ed a dlouhodob\u00e1 strategie klienta a z\u00e1rove\u0148 to bylo v\u00a0souladu s provozn\u00edmi a ekonomick\u00fdmi podm\u00ednkami. Po pe\u010dliv\u00e9m testov\u00e1n\u00ed n\u00e1m pro vybran\u00e9 trasy a obchody elektrick\u00e9 n\u00e1kladn\u00ed vozidlo d\u00e1v\u00e1 smysl a Volvo FE Electric bylo, oproti testovan\u00e9 variant\u011b FL, zvoleno p\u0159edev\u0161\u00edm pro svou v\u011bt\u0161\u00ed u\u017eite\u010dnou hmostnost. Dob\u00edjen\u00ed pak prob\u00edh\u00e1 p\u0159\u00edmo u nakl\u00e1dac\u00ed rampy v\u00a0Bu\u0161t\u011bhradu \u010di u\u00a0vybran\u00fdch prodejen Lidl,\u201c vysv\u011btluje spolupr\u00e1ci gener\u00e1ln\u00ed \u0159editel spole\u010dnosti C.S.CARGO a.s. Petr Vol\u00e1k. <\/span><\/span><\/p>\n<p align=\"JUSTIFY\">\u201e<span style=\"font-family: Calibri, serif;\"><span lang=\"cs-CZ\">C.S.CARGO je pro Volvo Group Czech Republic d\u016fle\u017eit\u00fdm z\u00e1kazn\u00edkem. N\u00e1\u0161 obchodn\u00ed vztah za\u010dal v roce 1999 a do dne\u0161n\u00edho dne jsme uzav\u0159eli smlouvy na 322 nov\u00fdch n\u00e1kladn\u00edch vozidel. P\u0159ed\u00e1vka prvn\u00edho BEV do C.S.CARGO je pod \u010d\u00edslem 323. C.S.CARGO je inovativn\u00ed poskytovatel p\u0159epravy a my se budeme t\u011b\u0161it na dal\u0161\u00ed spole\u010dnou spolupr\u00e1ci na cest\u011b k\u00a0udr\u017eiteln\u011bj\u0161\u00ed p\u0159eprav\u011b.\u201c \u0159ekl John Muldoon, gener\u00e1ln\u00ed \u0159editel spole\u010dnosti Volvo Group Czech Republic, s.r.o.<\/span><\/span><\/p>\n<p align=\"JUSTIFY\"><span style=\"font-family: Calibri, serif;\"><span lang=\"cs-CZ\">Elektrick\u00e9 n<\/span><\/span><span lang=\"cs-CZ\">\u00e1kladn\u00ed vozidlo Volvo FE Electric o celkov\u00e9 hmotnosti 19,5 tuny a u\u017eite\u010dn\u00e9m zat\u00ed\u017een\u00ed p\u0159es osm tun ujede na jedno nabit\u00ed 150<\/span><span style=\"color: #000000;\"><span style=\"font-family: Arial, serif;\"><span style=\"font-size: medium;\"><span lang=\"cs-CZ\">\u2013<\/span><\/span><\/span><\/span><span lang=\"cs-CZ\">200 km v\u00a0z\u00e1vislosti na intenzit\u011b provozu chladic\u00edho agreg\u00e1tu, kter\u00fd je t\u00e9\u017e zcela bezemisn\u00ed a je nap\u00e1jen z\u00a0trak\u010dn\u00edch bateri\u00ed vozidla. Nulov\u00e9 emise a dostate\u010dn\u00fd dojezd <\/span><span style=\"color: #000000;\"><span lang=\"cs-CZ\">p\u0159edstavuj\u00ed ide\u00e1ln\u00ed \u0159e\u0161en\u00ed <\/span><\/span><span lang=\"cs-CZ\">pro distribuci zbo\u017e\u00ed ze skladu Bu\u0161t\u011bhrad do vybran\u00fdch pra\u017esk\u00fdch<\/span><span lang=\"cs-CZ\"> prodejen. B\u011bhem jednoho dne dok\u00e1\u017ee vozidlo z\u00e1sobit dv\u011b pra\u017esk\u00e9 prodejny a jednu prodejnu v\u00a0bl\u00edzkosti bu\u0161t\u011bhradsk\u00e9ho skladu. N\u00e1kladn\u00ed vozidlo s\u00a0elektrick\u00fdm pohonem i chlazen\u00edm je nav\u00edc velmi tich\u00e9, co\u017e p\u0159edstavuje dal\u0161\u00ed plus pro provoz v\u00a0centru m\u011bsta, jeliko\u017e z\u00e1sobov\u00e1n\u00ed prodejen prob\u00edh\u00e1 zpravidla v\u00a0no\u010dn\u00edch hodin\u00e1ch. <\/span><\/p>\n<p align=\"JUSTIFY\"><span style=\"font-family: Calibri, serif;\"><span lang=\"cs-CZ\">Spole\u010dnost Lidl nen\u00ed v\u00a0oblasti n\u00e1kladn\u00edch vozidel na alternativn\u00ed pohon \u017e\u00e1dn\u00fdm nov\u00e1\u010dkem. <\/span><\/span><span lang=\"cs-CZ\">Od leto\u0161n\u00edho roku provozuje prvn\u00ed plynem poh\u00e1n\u011bn\u00e9 vozidlo v\u00a0regionu brand\u00fdsk\u00e9ho logistick\u00e9ho centra. Spu\u0161t\u011bn\u00ed pln\u011b elektrick\u00e9ho n\u00e1kladn\u00edho vozidla do provozu je v\u0161ak dal\u0161\u00edm d\u016fkazem, \u017ee spole\u010dnost Lidl nebere udr\u017eitelnost na lehkou v\u00e1hu a \u017ee posouv\u00e1 firemn\u00ed logistiku ekologi\u010dt\u011bj\u0161\u00edm sm\u011brem. <\/span><\/p>\n","protected":false},"excerpt":{"rendered":"<div class=\"mh-excerpt\"><p>Lidl zah\u00e1jil z\u00e1sobov\u00e1n\u00ed sv\u00fdch prodejen s elektrick\u00fdm n\u00e1kladn\u00edm vozidlem Volvo. Ve spolupr\u00e1ci s C.S.CARGO tak bude nyn\u00ed ze sv\u00e9ho distribu\u010dn\u00edho centra v Bu\u0161t\u011bhradu pravideln\u011b zav\u00e1\u017eet <a class=\"mh-excerpt-more\" href=\"https:\/\/www.automakersnews.cz\/index.php\/2022\/11\/01\/lidl-zavazi-prahu-elekrickym-volvem\/\" title=\"Lidl zav\u00e1\u017e\u00ed Prahu elekrick\u00fdm Volvem\">[&#8230;]<\/a><\/p>\n<\/div>","protected":false},"author":1,"featured_media":1358,"comment_status":"open","ping_status":"open","sticky":false,"template":"","format":"standard","meta":{"footnotes":""},"categories":[22],"tags":[],"class_list":["post-1357","post","type-post","status-publish","format-standard","has-post-thumbnail","hentry","category-elektromobily"],"_links":{"self":[{"href":"https:\/\/www.automakersnews.cz\/index.php\/wp-json\/wp\/v2\/posts\/1357","targetHints":{"allow":["GET"]}}],"collection":[{"href":"https:\/\/www.automakersnews.cz\/index.php\/wp-json\/wp\/v2\/posts"}],"about":[{"href":"https:\/\/www.automakersnews.cz\/index.php\/wp-json\/wp\/v2\/types\/post"}],"author":[{"embeddable":true,"href":"https:\/\/www.automakersnews.cz\/index.php\/wp-json\/wp\/v2\/users\/1"}],"replies":[{"embeddable":true,"href":"https:\/\/www.automakersnews.cz\/index.php\/wp-json\/wp\/v2\/comments?post=1357"}],"version-history":[{"count":0,"href":"https:\/\/www.automakersnews.cz\/index.php\/wp-json\/wp\/v2\/posts\/1357\/revisions"}],"wp:featuredmedia":[{"embeddable":true,"href":"https:\/\/www.automakersnews.cz\/index.php\/wp-json\/wp\/v2\/media\/1358"}],"wp:attachment":[{"href":"https:\/\/www.automakersnews.cz\/index.php\/wp-json\/wp\/v2\/media?parent=1357"}],"wp:term":[{"taxonomy":"category","embeddable":true,"href":"https:\/\/www.automakersnews.cz\/index.php\/wp-json\/wp\/v2\/categories?post=1357"},{"taxonomy":"post_tag","embeddable":true,"href":"https:\/\/www.automakersnews.cz\/index.php\/wp-json\/wp\/v2\/tags?post=1357"}],"curies":[{"name":"wp","href":"https:\/\/api.w.org\/{rel}","templated":true}]}}