{"id":13586,"date":"2023-01-09T11:08:31","date_gmt":"2023-01-09T11:08:31","guid":{"rendered":"https:\/\/www.automakersnews.cz\/?p=13586"},"modified":"2023-01-09T13:42:30","modified_gmt":"2023-01-09T13:42:30","slug":"opel-se-vratil-do-top10-importeru","status":"publish","type":"post","link":"https:\/\/www.automakersnews.cz\/index.php\/2023\/01\/09\/opel-se-vratil-do-top10-importeru\/","title":{"rendered":"Opel se vr\u00e1til do TOP10 import\u00e9r\u016f"},"content":{"rendered":"<p><strong><span style=\"font-family: Opel Next, serif;\"><span style=\"font-size: medium;\"><span lang=\"cs-CZ\">\u010cesk\u00fd automobilov\u00fd trh proch\u00e1z\u00ed \u00fadol\u00edm st\u00edn\u016f \u2013 v pr\u00e1v\u011b skon\u010den\u00e9m roce 2022 se v \u010cR prodalo jen 208 995 osobn\u00edch a lehk\u00fdch u\u017eitkov\u00fdch voz\u016f (OA+LUV), co\u017e p\u0159edstavuje pokles o t\u00e9m\u011b\u0159 8 procent proti roku 2021. Opelu se p\u0159esto da\u0159\u00ed podle veden\u00ed importu plout proti proudu &#8211; zv\u00fd\u0161il sv\u016fj tr\u017en\u00ed pod\u00edl a posunul se na \u017eeb\u0159\u00ed\u010dku import\u00e9r\u016f vzh\u016fru. \u010c\u00edsla komentuje \u0161\u00e9f zna\u010dky Josef \u0160op\u00edk.<\/span><\/span><\/span><\/strong><!--more--><\/p>\n<p>\u201e<span style=\"font-family: Opel Next, serif;\"><span style=\"font-size: medium;\"><span lang=\"cs-CZ\"><i>I p\u0159es klesaj\u00edc\u00ed trh jsme v\u00a0roce 2022 dok\u00e1zali v\u00a0\u010cR zv\u00fd\u0161it prodeje OA+LUV model\u016f a\u017e na 5409 voz\u016f, \u010d\u00edm\u017e se n\u00e1m poda\u0159ilo meziro\u010dn\u011b vylep\u0161it tr\u017en\u00ed pod\u00edl, kter\u00fd se vy\u0161plhal z 2,36 procent na 2,59 procenta,\u201c<\/i><\/span><\/span><\/span><span style=\"font-family: Opel Next, serif;\"><span style=\"font-size: medium;\"><span lang=\"cs-CZ\"> \u0159\u00edk\u00e1 Josef \u0160op\u00edk, \u0161\u00e9f \u010desk\u00e9ho zastoupen\u00ed tradi\u010dn\u00ed n\u011bmeck\u00e9 zna\u010dky. <\/span><\/span><\/span><\/p>\n<p><span style=\"font-family: Opel Next, serif;\"><span style=\"font-size: medium;\"><span lang=\"cs-CZ\"><i>\u201eVy\u0161\u0161\u00ed tr\u017en\u00ed pod\u00edl znamenal i posun Opelu sm\u011brem vzh\u016fru v\u00a0\u017eeb\u0159\u00ed\u010dku import\u00e9r\u016f \u2013 Opel se vr\u00e1til do TOP10 import\u00e9r\u016f a na\u0161im c\u00edlem je, aby svou pozici v\u00a0prvn\u00ed des\u00edtce import\u00e9r\u016f nejenom obh\u00e1jil, ale st\u00e1le posiloval.\u201c<\/i><\/span><\/span><\/span><\/p>\n<p><span style=\"font-family: Opel Next, serif;\"><span style=\"font-size: medium;\"><span lang=\"cs-CZ\">Za v\u00fdborn\u00e9 v\u00fdsledky na sl\u00e1bnouc\u00edm \u010desk\u00e9m trhu vd\u011b\u010d\u00ed Opel p\u0159edev\u0161\u00edm obl\u00edben\u00e9mu kompaktn\u00edmu SUV Crossland, kter\u00e9 se stalo nejprod\u00e1van\u011bj\u0161\u00edm Opelem na tuzemsk\u00e9m trhu \u2013 z\u00e1kazn\u00edci si jich vloni odvezli celkem 1580 a Crossland se tak stal druh\u00fdm nejprod\u00e1van\u011bj\u0161\u00edm vozem cel\u00e9 sv\u00e9 B-SUV t\u0159\u00eddy. <\/span><\/span><\/span><\/p>\n<p><span style=\"font-family: Opel Next, serif;\"><span style=\"font-size: medium;\"><span lang=\"cs-CZ\">Titul \u201eskokana roku\u201c si Opel m\u016f\u017ee p\u0159ipsat v\u00a0segmentu lehk\u00fdch u\u017eitkov\u00fdch voz\u016f: <\/span><\/span><\/span><span style=\"font-family: Opel Next, serif;\"><span style=\"font-size: medium;\"><span lang=\"cs-CZ\"><i>\u201eNa LCV trhu jsme vloni um\u00edstili 1300 voz\u016f, co\u017e p\u0159edstavuje meziro\u010dn\u00ed n\u00e1r\u016fst o v\u00edce ne\u017e 45 %! Adekv\u00e1tn\u011b raketov\u011b stoupl i n\u00e1\u0161 tr\u017en\u00ed pod\u00edl, a to ze 4,55 % na 7,69 %,\u201d<\/i><\/span><\/span><\/span><span style=\"font-family: Opel Next, serif;\"><span style=\"font-size: medium;\"><span lang=\"cs-CZ\"> \u0159\u00edk\u00e1 Jakub Ku\u010dma\u0161 odpov\u011bdn\u00fd za prodeje zna\u010dky Opel v \u010cR. <\/span><\/span><\/span><\/p>\n<p><span style=\"font-family: Opel Next, serif;\"><span style=\"font-size: medium;\"><span lang=\"cs-CZ\">Opelu se v pr\u00e1v\u011b skon\u010den\u00e9m roce poda\u0159ilo uzav\u0159\u00edt n\u011bkolik velk\u00fdch flotilov\u00fdch zak\u00e1zek, a to i mezi z\u00e1jemci o elektrick\u00e9 dod\u00e1vky. Hlavn\u00edm tahounem LCV byznysu zna\u010dky Opel v\u00a0\u010cR ale z\u016fst\u00e1v\u00e1 poctiv\u00e9 a spolehliv\u00e9 Movano nov\u00e9 generace. <\/span><\/span><\/span><\/p>\n<p><span style=\"font-family: Opel Next, serif;\"><span style=\"font-size: medium;\"><span lang=\"cs-CZ\">Opel si v\u011b\u0159\u00ed i pro rok 2023: <\/span><\/span><\/span><span style=\"font-family: Opel Next, serif;\"><span style=\"font-size: medium;\"><span lang=\"cs-CZ\"><i>\u201ePo\u010d\u00edt\u00e1me, \u017ee r\u016fstov\u00fd trend si udr\u017e\u00edme i v nadch\u00e1zej\u00edc\u00edm roce &#8211; v\u011b\u0159\u00edme si i proto, \u017ee letos uvedeme hned n\u011bkolik velmi v\u00fdrazn\u00fdch novinek. V prvn\u00ed \u0159ad\u011b vyjede nov\u00e9 kombi Astra Sports Tourer, kter\u00e9 ur\u010dit\u011b oslov\u00ed i flotilov\u00e9 klienty. Popul\u00e1rn\u00ed Corsa projde faceliftem a vylep\u0161ujeme i nab\u00eddku na\u0161ich elektromobil\u016f \u2013 nap\u0159\u00edklad elektrick\u00e1 Mokka Electric nyn\u00ed ujede na jedno nabit\u00ed p\u0159es 400 kilometr\u016f,\u201c<\/i><\/span><\/span><\/span><span style=\"font-family: Opel Next, serif;\"><span style=\"font-size: medium;\"><span lang=\"cs-CZ\"> uzav\u00edr\u00e1 Josef \u0160op\u00edk.<\/span><\/span><\/span><\/p>\n<p>&nbsp;<\/p>\n<p>&nbsp;<\/p>\n","protected":false},"excerpt":{"rendered":"<div class=\"mh-excerpt\"><p>\u010cesk\u00fd automobilov\u00fd trh proch\u00e1z\u00ed \u00fadol\u00edm st\u00edn\u016f \u2013 v pr\u00e1v\u011b skon\u010den\u00e9m roce 2022 se v \u010cR prodalo jen 208 995 osobn\u00edch a lehk\u00fdch u\u017eitkov\u00fdch voz\u016f (OA+LUV), <a class=\"mh-excerpt-more\" href=\"https:\/\/www.automakersnews.cz\/index.php\/2023\/01\/09\/opel-se-vratil-do-top10-importeru\/\" title=\"Opel se vr\u00e1til do TOP10 import\u00e9r\u016f\">[&#8230;]<\/a><\/p>\n<\/div>","protected":false},"author":1,"featured_media":13587,"comment_status":"open","ping_status":"open","sticky":false,"template":"","format":"standard","meta":{"footnotes":""},"categories":[8,50],"tags":[],"class_list":["post-13586","post","type-post","status-publish","format-standard","has-post-thumbnail","hentry","category-statistika","category-vysledky"],"_links":{"self":[{"href":"https:\/\/www.automakersnews.cz\/index.php\/wp-json\/wp\/v2\/posts\/13586","targetHints":{"allow":["GET"]}}],"collection":[{"href":"https:\/\/www.automakersnews.cz\/index.php\/wp-json\/wp\/v2\/posts"}],"about":[{"href":"https:\/\/www.automakersnews.cz\/index.php\/wp-json\/wp\/v2\/types\/post"}],"author":[{"embeddable":true,"href":"https:\/\/www.automakersnews.cz\/index.php\/wp-json\/wp\/v2\/users\/1"}],"replies":[{"embeddable":true,"href":"https:\/\/www.automakersnews.cz\/index.php\/wp-json\/wp\/v2\/comments?post=13586"}],"version-history":[{"count":0,"href":"https:\/\/www.automakersnews.cz\/index.php\/wp-json\/wp\/v2\/posts\/13586\/revisions"}],"wp:featuredmedia":[{"embeddable":true,"href":"https:\/\/www.automakersnews.cz\/index.php\/wp-json\/wp\/v2\/media\/13587"}],"wp:attachment":[{"href":"https:\/\/www.automakersnews.cz\/index.php\/wp-json\/wp\/v2\/media?parent=13586"}],"wp:term":[{"taxonomy":"category","embeddable":true,"href":"https:\/\/www.automakersnews.cz\/index.php\/wp-json\/wp\/v2\/categories?post=13586"},{"taxonomy":"post_tag","embeddable":true,"href":"https:\/\/www.automakersnews.cz\/index.php\/wp-json\/wp\/v2\/tags?post=13586"}],"curies":[{"name":"wp","href":"https:\/\/api.w.org\/{rel}","templated":true}]}}