{"id":13590,"date":"2023-01-09T07:46:31","date_gmt":"2023-01-09T07:46:31","guid":{"rendered":"https:\/\/www.automakersnews.cz\/?p=13590"},"modified":"2023-01-09T11:56:12","modified_gmt":"2023-01-09T11:56:12","slug":"tavares-stellantis-muze-zavrit-dalsi-zavody","status":"publish","type":"post","link":"https:\/\/www.automakersnews.cz\/index.php\/2023\/01\/09\/tavares-stellantis-muze-zavrit-dalsi-zavody\/","title":{"rendered":"Tavares: Stellantis m\u016f\u017ee zav\u00edrat tov\u00e1rny"},"content":{"rendered":"<div class=\"padding-top\" role=\"tabpanel\">\n<div class=\"tab-content\">\n<div id=\"Text\" class=\"tab-pane active\" role=\"tabpanel\"><strong>Pokud vysok\u00e9 ceny elektromobil\u016f zp\u016fsob\u00ed, \u017ee\u00a0<span class=\"advancedHighlight SearchKeywordHighlight\" data-classic=\"true\">automobilov\u00fd<\/span>\u00a0trh klesne z \u00farovn\u011b p\u0159ed pandemi\u00ed, bude nutn\u00e9 zav\u0159\u00edt dal\u0161\u00ed z\u00e1vody na\u00a0<span class=\"e5id0 advancedHighlight\" data-id=\"1\" data-classic=\"false\">v\u00fdrobu<\/span> aut. Na veletrhu CES v <span class=\"e0id0 advancedHighlight\" data-id=\"2\" data-classic=\"false\">Las<\/span>\u00a0<span class=\"e0id0 advancedHighlight\" data-id=\"2\" data-classic=\"false\">Vegas<\/span>\u00a0to\u00a0<span class=\"e5id2 advancedHighlight\" data-id=\"4\" data-classic=\"false\">novin\u00e1\u0159\u016fm<\/span>\u00a0\u0159ekl\u00a0<span class=\"e5id3 advancedHighlight\" data-id=\"5\" data-classic=\"false\">\u0161\u00e9f<\/span>\u00a0nadn\u00e1rodn\u00ed\u00a0<span class=\"advancedHighlight SearchKeywordHighlight\" data-classic=\"true\">automobilov\u00e9<\/span>\u00a0spole\u010dnosti Stellantis\u00a0<span class=\"e2id0 advancedHighlight\" data-id=\"7\" data-classic=\"false\">Carlos<\/span>\u00a0<span class=\"e2id0 advancedHighlight\" data-id=\"7\" data-classic=\"false\">Tavares<\/span><\/strong>.<\/div>\n<div role=\"tabpanel\"><\/div>\n<div class=\"tab-pane active\" role=\"tabpanel\">Upozornil, \u017ee spole\u010dnost se pot\u00fdk\u00e1 s vy\u0161\u0161\u00ed inflac\u00ed a s n\u00e1klady na elektrifikaci. Pokud automobilka nebude optimalizovat n\u00e1kladovou strukturu, nem\u016f\u017ee absorbovat dodate\u010dn\u00e9 n\u00e1klady na elektrifikaci, co\u017e m\u016f\u017ee zp\u016fsobit r\u016fst cen aut a v\u00e9st ke zmen\u0161en\u00ed trhu, \u0159ekl\u00a0<span class=\"e2id0 advancedHighlight\" data-id=\"7\" data-classic=\"false\">Tavares<\/span>.<\/div>\n<div role=\"tabpanel\"><\/div>\n<div class=\"tab-pane active\" role=\"tabpanel\">&#8222;Pokud se trh zmen\u0161\u00ed, nebudeme pot\u0159ebovat tolik tov\u00e1ren. Pak tak\u00e9 budeme muset u\u010dinit n\u011bkter\u00e1 neobl\u00edben\u00e1 rozhodnut\u00ed,&#8220; \u0159ekl.<\/div>\n<div class=\"tab-pane active\" role=\"tabpanel\"><span class=\"e5id3 advancedHighlight\" data-id=\"5\" data-classic=\"false\">\u0160\u00e9f<\/span>\u00a0Stellantisu dodal, \u017ee\u00a0<span class=\"e5id1 advancedHighlight e-personGeneral SearchKeywordHighlight\" data-id=\"11\" data-classic=\"true\">automobilov\u00fd<\/span>\u00a0<span class=\"e5id1 advancedHighlight\" data-id=\"12\" data-classic=\"false\">pr\u016fmysl<\/span>\u00a0mus\u00ed absorbovat o 40 procent vy\u0161\u0161\u00ed n\u00e1klady na elektromobily.<\/div>\n<div role=\"tabpanel\"><\/div>\n<div class=\"tab-pane active\" role=\"tabpanel\">Rostouc\u00ed n\u00e1klady spojen\u00e9 s elektrifikac\u00ed\u00a0<span class=\"advancedHighlight SearchKeywordHighlight\" data-classic=\"true\">automobilov\u00e9ho<\/span>\u00a0trhu ozna\u010dil za nejv\u00fdznamn\u011bj\u0161\u00ed probl\u00e9m, kter\u00fd ovliv\u0148uje\u00a0<span class=\"e5id1 advancedHighlight e-personGeneral SearchKeywordHighlight\" data-id=\"11\" data-classic=\"true\">automobilov\u00fd<\/span>\u00a0<span class=\"e5id1 advancedHighlight\" data-id=\"12\" data-classic=\"false\">pr\u016fmysl<\/span>.<\/div>\n<\/div>\n<\/div>\n<p><!--more--><\/p>\n<p><!--more--><\/p>\n","protected":false},"excerpt":{"rendered":"<div class=\"mh-excerpt\"><p>Pokud vysok\u00e9 ceny elektromobil\u016f zp\u016fsob\u00ed, \u017ee\u00a0automobilov\u00fd\u00a0trh klesne z \u00farovn\u011b p\u0159ed pandemi\u00ed, bude nutn\u00e9 zav\u0159\u00edt dal\u0161\u00ed z\u00e1vody na\u00a0v\u00fdrobu aut. Na veletrhu CES v Las\u00a0Vegas\u00a0to\u00a0novin\u00e1\u0159\u016fm\u00a0\u0159ekl\u00a0\u0161\u00e9f\u00a0nadn\u00e1rodn\u00ed\u00a0automobilov\u00e9\u00a0spole\u010dnosti Stellantis\u00a0Carlos\u00a0Tavares. Upozornil, <a class=\"mh-excerpt-more\" href=\"https:\/\/www.automakersnews.cz\/index.php\/2023\/01\/09\/tavares-stellantis-muze-zavrit-dalsi-zavody\/\" title=\"Tavares: Stellantis m\u016f\u017ee zav\u00edrat tov\u00e1rny\">[&#8230;]<\/a><\/p>\n<\/div>","protected":false},"author":1,"featured_media":13591,"comment_status":"open","ping_status":"open","sticky":false,"template":"","format":"standard","meta":{"footnotes":""},"categories":[33,28],"tags":[],"class_list":["post-13590","post","type-post","status-publish","format-standard","has-post-thumbnail","hentry","category-vyrobci","category-vystavy"],"_links":{"self":[{"href":"https:\/\/www.automakersnews.cz\/index.php\/wp-json\/wp\/v2\/posts\/13590","targetHints":{"allow":["GET"]}}],"collection":[{"href":"https:\/\/www.automakersnews.cz\/index.php\/wp-json\/wp\/v2\/posts"}],"about":[{"href":"https:\/\/www.automakersnews.cz\/index.php\/wp-json\/wp\/v2\/types\/post"}],"author":[{"embeddable":true,"href":"https:\/\/www.automakersnews.cz\/index.php\/wp-json\/wp\/v2\/users\/1"}],"replies":[{"embeddable":true,"href":"https:\/\/www.automakersnews.cz\/index.php\/wp-json\/wp\/v2\/comments?post=13590"}],"version-history":[{"count":0,"href":"https:\/\/www.automakersnews.cz\/index.php\/wp-json\/wp\/v2\/posts\/13590\/revisions"}],"wp:featuredmedia":[{"embeddable":true,"href":"https:\/\/www.automakersnews.cz\/index.php\/wp-json\/wp\/v2\/media\/13591"}],"wp:attachment":[{"href":"https:\/\/www.automakersnews.cz\/index.php\/wp-json\/wp\/v2\/media?parent=13590"}],"wp:term":[{"taxonomy":"category","embeddable":true,"href":"https:\/\/www.automakersnews.cz\/index.php\/wp-json\/wp\/v2\/categories?post=13590"},{"taxonomy":"post_tag","embeddable":true,"href":"https:\/\/www.automakersnews.cz\/index.php\/wp-json\/wp\/v2\/tags?post=13590"}],"curies":[{"name":"wp","href":"https:\/\/api.w.org\/{rel}","templated":true}]}}