{"id":1361,"date":"2022-11-01T09:44:04","date_gmt":"2022-11-01T09:44:04","guid":{"rendered":"https:\/\/www.automakersnews.cz\/?p=1361"},"modified":"2022-11-01T10:37:13","modified_gmt":"2022-11-01T10:37:13","slug":"porsche-cr-startuje-servisni-balicky","status":"publish","type":"post","link":"https:\/\/www.automakersnews.cz\/index.php\/2022\/11\/01\/porsche-cr-startuje-servisni-balicky\/","title":{"rendered":"Porsche \u010cR startuje servisn\u00ed bal\u00ed\u010dky"},"content":{"rendered":"<p><strong><span lang=\"cs-CZ\">Porsche \u010cesk\u00e1 republika zavedla pro v\u0161echny sv\u00e9 zna\u010dky cenov\u011b zv\u00fdhodn\u011bn\u00e9 Servisn\u00ed bal\u00ed\u010dky Service a Service Plus. Sta\u010d\u00ed si zvolit svoji variantu, p\u0159edplatit si servis dop\u0159edu a pak u\u017e nechat \u00fadr\u017ebu na sv\u00e9m autorizovan\u00e9m servisu.<\/span><\/strong><!--more--><\/p>\n<p>\u201e<span style=\"font-family: Arial, serif;\"><span lang=\"cs-CZ\">V dne\u0161n\u00ed turbulentn\u00ed dob\u011b chceme na\u0161im z\u00e1kazn\u00edk\u016fm vych\u00e1zet maxim\u00e1ln\u011b vst\u0159\u00edc a zlevnit jim ceny pravideln\u00e9ho servisu,\u201c \u0159\u00edk\u00e1<\/span><span lang=\"cs-CZ\"> Jan \u0160pinar, vedouc\u00ed divize After Sales Porsche \u010cesk\u00e1 republika.<\/span><\/span><\/p>\n<p><span style=\"font-family: Arial, serif;\"><span lang=\"cs-CZ\"> \u201eNejen, \u017ee nezat\u011b\u017eujeme na\u0161im z\u00e1kazn\u00edk\u016fm pen\u011b\u017eenky, ale sna\u017e\u00edme se jim \u017eivot s\u00a0jejich vozy Volkswagen, Audi, SEAT, CUPRA a tak\u00e9 Volkswagen U\u017eitkov\u00e9 vozy maxim\u00e1ln\u011b usnadnit. Cenov\u00e9 zv\u00fdhodn\u011bn\u00ed ve v\u00fd\u0161i od 15 do 30 tis\u00edc korun dle jednotliv\u00fdch zna\u010dek nebo model\u016f pot\u011b\u0161\u00ed stejn\u011b jako fakt, \u017ee po p\u0159edplacen\u00ed m\u00e1te garantovanou v\u00fd\u0161i cen servisu nehled\u011b na tr\u017en\u00ed situaci,\u201c podot\u00fdk\u00e1 \u0160pinar.<\/span><\/span><\/p>\n<p><span style=\"font-family: Arial, serif;\"><span lang=\"cs-CZ\">Servisn\u00ed bal\u00ed\u010dky funguj\u00ed ve dvou specifikac\u00edch:<\/span><\/span><\/p>\n<ul>\n<li><span style=\"font-family: Arial, serif;\"><span lang=\"cs-CZ\"><b>Service<\/b><\/span> <span style=\"font-family: Wingdings, serif;\"><span lang=\"cs-CZ\">\uf0e0<\/span><\/span><span lang=\"cs-CZ\"> zahrnuje servisn\u00ed \u00fakony p\u0159edepsan\u00e9 v\u00fdrobcem (v\u00fdm\u011bna oleje, filtr\u016f, sv\u00ed\u010dek\u2026)<\/span><\/span><\/li>\n<li><span style=\"font-family: Arial, serif;\"><span lang=\"cs-CZ\"><b>Service Plus<\/b><\/span> <span style=\"font-family: Wingdings, serif;\"><span lang=\"cs-CZ\">\uf0e0<\/span><\/span><span lang=\"cs-CZ\"> roz\u0161i\u0159uje paket \u201eService\u201c o v\u00fdm\u011bnu d\u00edl\u016f podl\u00e9haj\u00edc\u00edch opot\u0159eben\u00ed (brzdov\u00e9 kotou\u010de a desti\u010dky, rozvodov\u00fd \u0159emen, st\u011bra\u010de\u2026). Kryje rovn\u011b\u017e \u00fakony vedouc\u00ed k\u00a0zaji\u0161t\u011bn\u00ed provozuschopnosti vozidla (v\u010detn\u011b nahodil\u00fdch poruch).<\/span><\/span><\/li>\n<\/ul>\n<p><span style=\"font-family: Arial, serif;\"><span lang=\"cs-CZ\">P\u0159edplacen\u00fd servis lze aplikovat nejen na nov\u00e9 vozy zad\u00e1van\u00e9 do v\u00fdroby dle p\u0159\u00e1n\u00ed z\u00e1kazn\u00edka, ale tak\u00e9 na ji\u017e vyroben\u00e9 skladov\u00e9 vozy. Pokud z\u00e1kazn\u00edk u\u017e\u00edv\u00e1 vozidlo do prvn\u00ed p\u0159edepsan\u00e9 servisn\u00ed prohl\u00eddky (zpravidla do st\u00e1\u0159\u00ed 2 let \u010di 30\u00a0000 km \u2013 podle toho, co nastane d\u0159\u00edve), m\u016f\u017ee vyu\u017e\u00edt v\u00fdhody Servisn\u00edho bal\u00ed\u010dku tak\u00e9. Vztahuje se na v\u0161echny zna\u010dky, kter\u00e9 spole\u010dnost Porsche \u010cR dov\u00e1\u017e\u00ed:<\/span><\/span><\/p>\n<ul>\n<li><span style=\"font-family: Arial, serif;\"><span lang=\"cs-CZ\"><b>Volkswagen<\/b><\/span> <span style=\"font-family: Wingdings, serif;\"><span lang=\"cs-CZ\">\uf0e0<\/span><\/span><span lang=\"cs-CZ\"> s\u00a0limitem 5 let a 3 variantami n\u00e1jezdu &#8211; 60 000, 100\u00a0000 nebo 150\u00a0000 km, sleva 15\u00a0000 K\u010d. Nap\u0159. model Tiguan pak na servisu sv\u00e9ho majitele bude st\u00e1t 10\u00a0300 K\u010d (Service a limit 60\u00a0000 km), resp. 22\u00a0800 K\u010d (Service Plus a limit 60\u00a0000 km) po dobu p\u011bti let.<\/span><\/span><\/li>\n<\/ul>\n<ul>\n<li><span style=\"font-family: Arial, serif;\"><span lang=\"cs-CZ\"><b>Audi<\/b><\/span> <span style=\"font-family: Wingdings, serif;\"><span lang=\"cs-CZ\">\uf0e0<\/span><\/span><span lang=\"cs-CZ\"> s\u00a0limitem 5 let a 3 variantami n\u00e1jezdu &#8211; 90 000, 120\u00a0000 nebo 150\u00a0000 km, sleva 25\u00a0000 K\u010d. Nap\u0159. model A4 pak na servisu sv\u00e9ho majitele bude st\u00e1t 25 000 K\u010d (Service a limit 90\u00a0000 km), resp. 74 100 K\u010d (Service Plus a limit 90\u00a0000 km) po dobu p\u011bti let. Elektromobily Audi jsou vybaveny servisn\u00edm bal\u00ed\u010dkem 5 let\/120 000 K\u010d standardn\u011b.<\/span><\/span><\/li>\n<li><span style=\"font-family: Arial, serif;\"><span lang=\"cs-CZ\"><b>SEAT<\/b><\/span> <span style=\"font-family: Wingdings, serif;\"><span lang=\"cs-CZ\">\uf0e0<\/span><\/span><span lang=\"cs-CZ\"> s\u00a0limitem 5 let a 3 variantami n\u00e1jezdu &#8211; 60 000, 100\u00a0000 nebo 150\u00a0000 km, sleva 15\u00a0000 K\u010d. Leon tak servisn\u011b m\u016f\u017ee pon\u00ed\u017eit a\u017e na symbolick\u00fdch 5\u00a0600 korun po dobu 5 let\/60\u00a0000 km.<\/span><\/span><\/li>\n<\/ul>\n<ul>\n<li><span lang=\"cs-CZ\"><b>CUPRA<\/b><\/span> <span lang=\"cs-CZ\">\uf0e0<\/span><span lang=\"cs-CZ\"> s\u00a0limitem 5 let a 3 variantami n\u00e1jezdu &#8211; 60 000, 100\u00a0000 nebo 150\u00a0000 km, sleva 20\u00a0000 K\u010d. Obl\u00edben\u00fd Formentor na pravideln\u00e9m servisu vyjde jen na 10\u00a0800 korun (Service a limit 60\u00a0000 km), elektrick\u00fd model Born d\u00edky aplikaci slevy v\u00a0z\u00e1kladn\u00ed variant\u011b Service nebude st\u00e1t servisn\u011b nic.<\/span><span style=\"font-family: Arial, serif;\"><span lang=\"cs-CZ\"><b>Volkswagen U\u017eitkov\u00e9 vozy<\/b><\/span> <span style=\"font-family: Wingdings, serif;\"><span lang=\"cs-CZ\">\uf0e0<\/span><\/span><span lang=\"cs-CZ\"> s\u00a0limitem 5 let a 3 variantami n\u00e1jezdu 90 000, 120\u00a0000 nebo 150\u00a0000 km (Crafter a Grand California a\u017e 300\u00a0000 km), sleva 20\u00a0000 K\u010d (30\u00a0000 K\u010d). Multivan tak rodinn\u00fd rozpo\u010det za 5 let nezat\u00ed\u017e\u00ed \u010d\u00e1stkou vy\u0161\u0161\u00ed ne\u017e 15\u00a0097 korun (p\u0159i n\u00e1jezdu 60\u00a0000 km).<\/span><\/span><\/li>\n<\/ul>\n<p><span style=\"color: #000000;\"><span style=\"font-family: Arial, serif;\"><span lang=\"cs-CZ\">Nen\u00ed to ale jen o \u00faspo\u0159e pen\u011bz nebo starost\u00ed. \u201eJak jsem ji\u017e \u0159ekl, Servisn\u00ed bal\u00ed\u010dky maj\u00ed v\u00fdhodu jak ve fixn\u00edch cen\u00e1ch po dobu 5 let, tak ve zhodnocen\u00ed vozu p\u0159i n\u00e1sledn\u00e9m prodeji. Nejen, \u017ee druh\u00fdm majitel\u016fm u\u0161et\u0159\u00ed servisn\u00ed n\u00e1lady, ale ti maj\u00ed naprostou jistotu, \u017ee jejich automobil jezdil do autorizovan\u00e9ho servisu, co\u017e je p\u0159i koupi ojet\u00e9ho vozu p\u0159ece to nejd\u016fle\u017eit\u011bj\u0161\u00ed,\u201c dod\u00e1v\u00e1 Jan \u0160pinar.<\/span><\/span><\/span><\/p>\n<figure id=\"attachment_1398\" aria-describedby=\"caption-attachment-1398\" style=\"width: 300px\" class=\"wp-caption alignnone\"><img loading=\"lazy\" decoding=\"async\" class=\"size-medium wp-image-1398\" src=\"http:\/\/www.automakersnews.cz\/wp-content\/uploads\/2022\/11\/Porsche-Spinar-Hurt-e1667298982506-300x160.jpg\" alt=\"\" width=\"300\" height=\"160\" srcset=\"https:\/\/www.automakersnews.cz\/wp-content\/uploads\/2022\/11\/Porsche-Spinar-Hurt-e1667298982506-300x160.jpg 300w, https:\/\/www.automakersnews.cz\/wp-content\/uploads\/2022\/11\/Porsche-Spinar-Hurt-e1667298982506.jpg 500w\" sizes=\"auto, (max-width: 300px) 100vw, 300px\" \/><figcaption id=\"caption-attachment-1398\" class=\"wp-caption-text\">Jan \u0160pinar a jednatel Porsche \u010cR Jan Hurt (vpravo)<\/figcaption><\/figure>\n","protected":false},"excerpt":{"rendered":"<div class=\"mh-excerpt\"><p>Porsche \u010cesk\u00e1 republika zavedla pro v\u0161echny sv\u00e9 zna\u010dky cenov\u011b zv\u00fdhodn\u011bn\u00e9 Servisn\u00ed bal\u00ed\u010dky Service a Service Plus. Sta\u010d\u00ed si zvolit svoji variantu, p\u0159edplatit si servis dop\u0159edu <a class=\"mh-excerpt-more\" href=\"https:\/\/www.automakersnews.cz\/index.php\/2022\/11\/01\/porsche-cr-startuje-servisni-balicky\/\" title=\"Porsche \u010cR startuje servisn\u00ed bal\u00ed\u010dky\">[&#8230;]<\/a><\/p>\n<\/div>","protected":false},"author":1,"featured_media":1362,"comment_status":"open","ping_status":"open","sticky":false,"template":"","format":"standard","meta":{"footnotes":""},"categories":[17],"tags":[],"class_list":["post-1361","post","type-post","status-publish","format-standard","has-post-thumbnail","hentry","category-servis"],"_links":{"self":[{"href":"https:\/\/www.automakersnews.cz\/index.php\/wp-json\/wp\/v2\/posts\/1361","targetHints":{"allow":["GET"]}}],"collection":[{"href":"https:\/\/www.automakersnews.cz\/index.php\/wp-json\/wp\/v2\/posts"}],"about":[{"href":"https:\/\/www.automakersnews.cz\/index.php\/wp-json\/wp\/v2\/types\/post"}],"author":[{"embeddable":true,"href":"https:\/\/www.automakersnews.cz\/index.php\/wp-json\/wp\/v2\/users\/1"}],"replies":[{"embeddable":true,"href":"https:\/\/www.automakersnews.cz\/index.php\/wp-json\/wp\/v2\/comments?post=1361"}],"version-history":[{"count":0,"href":"https:\/\/www.automakersnews.cz\/index.php\/wp-json\/wp\/v2\/posts\/1361\/revisions"}],"wp:featuredmedia":[{"embeddable":true,"href":"https:\/\/www.automakersnews.cz\/index.php\/wp-json\/wp\/v2\/media\/1362"}],"wp:attachment":[{"href":"https:\/\/www.automakersnews.cz\/index.php\/wp-json\/wp\/v2\/media?parent=1361"}],"wp:term":[{"taxonomy":"category","embeddable":true,"href":"https:\/\/www.automakersnews.cz\/index.php\/wp-json\/wp\/v2\/categories?post=1361"},{"taxonomy":"post_tag","embeddable":true,"href":"https:\/\/www.automakersnews.cz\/index.php\/wp-json\/wp\/v2\/tags?post=1361"}],"curies":[{"name":"wp","href":"https:\/\/api.w.org\/{rel}","templated":true}]}}