{"id":13745,"date":"2023-01-10T07:33:42","date_gmt":"2023-01-10T07:33:42","guid":{"rendered":"https:\/\/www.automakersnews.cz\/?p=13745"},"modified":"2023-01-10T09:36:33","modified_gmt":"2023-01-10T09:36:33","slug":"skoda-spustila-projekt-42-prague-curriculum","status":"publish","type":"post","link":"https:\/\/www.automakersnews.cz\/index.php\/2023\/01\/10\/skoda-spustila-projekt-42-prague-curriculum\/","title":{"rendered":"\u0160koda spustila projekt 42 Prague Curriculum"},"content":{"rendered":"<p><strong>\u0160koda Auto odstartovala 9. ledna vzd\u011bl\u00e1vac\u00ed projekt 42 Prague Curriculum, akci hostil kampus 42 Prague AFI City Tower ve Vyso\u010danech.<\/strong> <!--more--><\/p>\n<p>&#8222;42 Prague je neziskov\u00e1 vzd\u011bl\u00e1vac\u00ed organizace, kter\u00e1 p\u0159ipravuje dal\u0161\u00ed generaci technick\u00fdch talent\u016f ve st\u0159edn\u00ed Evrop\u011b,&#8220; p\u0159ipomn\u011bla p\u0159\u00edtomn\u00fdm student\u016fm i host\u016fm eventu Maren Gr\u00e4f, \u010dlenka p\u0159edstavenstva automobilky za oblast Lid\u00e9 a kultura ve \u0160koda Auto.<\/p>\n<p>Na minulost firmy pot\u00e9 zavzpom\u00ednal \u0161\u00e9f odbor\u016f Jaroslav Pov\u0161\u00edk. V r\u00e1mci ud\u00e1losti Curriculum Kick-off prob\u011bhl slavnostn\u00ed zah\u00e1jen\u00ed v\u00fduky prvn\u00edch student\u016f 42 Prague.<\/p>\n<p><img loading=\"lazy\" decoding=\"async\" class=\"alignnone size-large wp-image-13748\" src=\"http:\/\/www.automakersnews.cz\/wp-content\/uploads\/2023\/01\/Skoda-Graef-AFI-Curriculum-1024x768.jpg\" alt=\"\" width=\"1024\" height=\"768\" srcset=\"https:\/\/www.automakersnews.cz\/wp-content\/uploads\/2023\/01\/Skoda-Graef-AFI-Curriculum-1024x768.jpg 1024w, https:\/\/www.automakersnews.cz\/wp-content\/uploads\/2023\/01\/Skoda-Graef-AFI-Curriculum-300x225.jpg 300w, https:\/\/www.automakersnews.cz\/wp-content\/uploads\/2023\/01\/Skoda-Graef-AFI-Curriculum-768x576.jpg 768w, https:\/\/www.automakersnews.cz\/wp-content\/uploads\/2023\/01\/Skoda-Graef-AFI-Curriculum-1536x1152.jpg 1536w, https:\/\/www.automakersnews.cz\/wp-content\/uploads\/2023\/01\/Skoda-Graef-AFI-Curriculum-678x509.jpg 678w, https:\/\/www.automakersnews.cz\/wp-content\/uploads\/2023\/01\/Skoda-Graef-AFI-Curriculum-326x245.jpg 326w, https:\/\/www.automakersnews.cz\/wp-content\/uploads\/2023\/01\/Skoda-Graef-AFI-Curriculum-80x60.jpg 80w, https:\/\/www.automakersnews.cz\/wp-content\/uploads\/2023\/01\/Skoda-Graef-AFI-Curriculum.jpg 2040w\" sizes=\"auto, (max-width: 1024px) 100vw, 1024px\" \/><\/p>\n<p>&nbsp;<\/p>\n","protected":false},"excerpt":{"rendered":"<div class=\"mh-excerpt\"><p>\u0160koda Auto odstartovala 9. ledna vzd\u011bl\u00e1vac\u00ed projekt 42 Prague Curriculum, akci hostil kampus 42 Prague AFI City Tower ve Vyso\u010danech.<\/p>\n<\/div>","protected":false},"author":1,"featured_media":13750,"comment_status":"open","ping_status":"open","sticky":false,"template":"","format":"standard","meta":{"footnotes":""},"categories":[51],"tags":[],"class_list":["post-13745","post","type-post","status-publish","format-standard","has-post-thumbnail","hentry","category-vzdelani"],"_links":{"self":[{"href":"https:\/\/www.automakersnews.cz\/index.php\/wp-json\/wp\/v2\/posts\/13745","targetHints":{"allow":["GET"]}}],"collection":[{"href":"https:\/\/www.automakersnews.cz\/index.php\/wp-json\/wp\/v2\/posts"}],"about":[{"href":"https:\/\/www.automakersnews.cz\/index.php\/wp-json\/wp\/v2\/types\/post"}],"author":[{"embeddable":true,"href":"https:\/\/www.automakersnews.cz\/index.php\/wp-json\/wp\/v2\/users\/1"}],"replies":[{"embeddable":true,"href":"https:\/\/www.automakersnews.cz\/index.php\/wp-json\/wp\/v2\/comments?post=13745"}],"version-history":[{"count":0,"href":"https:\/\/www.automakersnews.cz\/index.php\/wp-json\/wp\/v2\/posts\/13745\/revisions"}],"wp:featuredmedia":[{"embeddable":true,"href":"https:\/\/www.automakersnews.cz\/index.php\/wp-json\/wp\/v2\/media\/13750"}],"wp:attachment":[{"href":"https:\/\/www.automakersnews.cz\/index.php\/wp-json\/wp\/v2\/media?parent=13745"}],"wp:term":[{"taxonomy":"category","embeddable":true,"href":"https:\/\/www.automakersnews.cz\/index.php\/wp-json\/wp\/v2\/categories?post=13745"},{"taxonomy":"post_tag","embeddable":true,"href":"https:\/\/www.automakersnews.cz\/index.php\/wp-json\/wp\/v2\/tags?post=13745"}],"curies":[{"name":"wp","href":"https:\/\/api.w.org\/{rel}","templated":true}]}}