{"id":13786,"date":"2023-01-10T09:41:41","date_gmt":"2023-01-10T09:41:41","guid":{"rendered":"https:\/\/www.automakersnews.cz\/?p=13786"},"modified":"2023-01-10T09:42:06","modified_gmt":"2023-01-10T09:42:06","slug":"v-rusku-se-prodalo-o-polovinu-mene-aut","status":"publish","type":"post","link":"https:\/\/www.automakersnews.cz\/index.php\/2023\/01\/10\/v-rusku-se-prodalo-o-polovinu-mene-aut\/","title":{"rendered":"V Rusku se prodalo o polovinu m\u00e9n\u011b aut"},"content":{"rendered":"<p><strong>Prodej aut v\u00a0<span class=\"e0id0 advancedHighlight\" data-id=\"0\" data-classic=\"false\">Rusku<\/span>\u00a0se v lo\u0148sk\u00e9m roce, kdy\u00a0<span class=\"e0id1 advancedHighlight\" data-id=\"1\" data-classic=\"false\">Moskva<\/span> rozpoutala v\u00e1lku na Ukrajin\u011b, sn\u00ed\u017eil o 59 procent na 626 300 voz\u016f. S odkazem na rusk\u00e9 zdroje o tom informovala agentura <span class=\"e1id0 e4id0 advancedHighlight\" data-id=\"2\" data-classic=\"false\">DPA<\/span>.<\/strong><!--more--><\/p>\n<p>V\u011bt\u0161ina v <span class=\"e0id0 advancedHighlight\" data-id=\"0\" data-classic=\"false\">Rusku<\/span>\u00a0prodan\u00fdch model\u016f byla rusk\u00e9 nebo \u010d\u00ednsk\u00e9\u00a0<span class=\"e5id0 advancedHighlight\" data-id=\"4\" data-classic=\"false\">v\u00fdroby<\/span>, z\u00e1padn\u00ed\u00a0<span class=\"e5id1 advancedHighlight\" data-id=\"5\" data-classic=\"false\">v\u00fdrobci<\/span>\u00a0v\u00a0<span class=\"e0id0 advancedHighlight\" data-id=\"0\" data-classic=\"false\">Rusku<\/span>\u00a0p\u0159eru\u0161ili\u00a0<span class=\"e5id0 advancedHighlight\" data-id=\"4\" data-classic=\"false\">v\u00fdrobu<\/span>. Prodej aut se v zemi v lo\u0148sk\u00e9m roce, kdy\u00a0<span class=\"e0id1 advancedHighlight\" data-id=\"1\" data-classic=\"false\">Moskva<\/span>\u00a0rozpoutala v\u00e1lku na Ukrajin\u011b, sn\u00ed\u017eil o 59 procent na 626 300 voz\u016f<\/p>\n<p>V\u00a0<span class=\"e0id0 advancedHighlight\" data-id=\"0\" data-classic=\"false\">Rusku<\/span>\u00a0p\u016fsobily mimo jin\u00e9 n\u011bmeck\u00e9\u00a0<span class=\"e1id2 e4id1 advancedHighlight\" data-id=\"10\" data-classic=\"false\">automobilky<\/span>\u00a0<span class=\"e1id2 e4id1 advancedHighlight\" data-id=\"10\" data-classic=\"false\">Volkswagen<\/span>,\u00a0<span class=\"e1id1 e4id1 advancedHighlight\" data-id=\"12\" data-classic=\"false\">BMW<\/span>\u00a0a\u00a0<span class=\"e1id3 e4id1 advancedHighlight\" data-id=\"13\" data-classic=\"false\">Mercedes<\/span>. Tov\u00e1rna\u00a0<span class=\"e1id3 e4id1 advancedHighlight\" data-id=\"13\" data-classic=\"false\">Mercedesu<\/span>\u00a0u\u00a0<span class=\"e0id1 advancedHighlight\" data-id=\"1\" data-classic=\"false\">Moskvy<\/span>\u00a0byla slavnostn\u011b otev\u0159ena teprve v roce 2019 za p\u0159\u00edtomnosti\u00a0<span class=\"e5id2 advancedHighlight\" data-id=\"16\" data-classic=\"false\">prezidenta<\/span>\u00a0<span class=\"e2id0 advancedHighlight\" data-id=\"17\" data-classic=\"false\">Vladimira<\/span>\u00a0<span class=\"e2id0 advancedHighlight\" data-id=\"17\" data-classic=\"false\">Putina<\/span>. V\u0161echny t\u0159i spole\u010dnosti ale sv\u00e9 tov\u00e1rny v zemi uzav\u0159ely a rusk\u00fd trh opustila i francouzsk\u00e1 automobilka\u00a0<span class=\"e1id4 e4id1 advancedHighlight\" data-id=\"19\" data-classic=\"false\">Renault<\/span>.<\/p>\n<p>Rusk\u00fd\u00a0<span class=\"advancedHighlight SearchKeywordHighlight\" data-classic=\"true\">automobilov\u00fd<\/span>\u00a0trh je daleko od sv\u00e9ho vrcholu z roku 2008, kdy se v\u00a0<span class=\"e0id0 advancedHighlight\" data-id=\"0\" data-classic=\"false\">Rusku<\/span>\u00a0prodaly t\u00e9m\u011b\u0159 t\u0159i miliony voz\u016f. V t\u00e9 dob\u011b se tak\u00e9 spekulovalo, \u017ee zem\u011b nahrad\u00ed\u00a0<span class=\"e0id3 advancedHighlight\" data-id=\"22\" data-classic=\"false\">N\u011bmecko<\/span>\u00a0jako nejd\u016fle\u017eit\u011bj\u0161\u00ed\u00a0<span class=\"advancedHighlight SearchKeywordHighlight\" data-classic=\"true\">automobilov\u00fd<\/span>\u00a0trh v\u00a0<span class=\"e0id2 advancedHighlight\" data-id=\"24\" data-classic=\"false\">Evrop\u011b<\/span>. Mezin\u00e1rodn\u00ed finan\u010dn\u00ed krize a pozd\u011bji sankce, kter\u00e9 n\u00e1sledovaly po anexi Krymu, ale tento v\u00fdvoj zbrzdily.<\/p>\n<p>Rusk\u00fd\u00a0<span class=\"advancedHighlight SearchKeywordHighlight\" data-classic=\"true\">automobilov\u00fd<\/span>\u00a0trh byl tak v posledn\u00edch letech poznamen\u00e1n krizemi. Pokles na n\u011bco m\u00e1lo p\u0159es 600 000 aut znamen\u00e1 pro rusk\u00fd\u00a0<span class=\"advancedHighlight SearchKeywordHighlight\" data-classic=\"true\">automobilov\u00fd<\/span>\u00a0trh nejslab\u0161\u00ed prodej za n\u011bkolik desetilet\u00ed.<\/p>\n<p>Zdroj: DPA<\/p>\n<figure id=\"attachment_4788\" aria-describedby=\"caption-attachment-4788\" style=\"width: 320px\" class=\"wp-caption alignnone\"><img loading=\"lazy\" decoding=\"async\" class=\"size-full wp-image-4788\" src=\"http:\/\/www.automakersnews.cz\/wp-content\/uploads\/2022\/11\/Moskvic.jpg\" alt=\"\" width=\"320\" height=\"180\" srcset=\"https:\/\/www.automakersnews.cz\/wp-content\/uploads\/2022\/11\/Moskvic.jpg 320w, https:\/\/www.automakersnews.cz\/wp-content\/uploads\/2022\/11\/Moskvic-300x169.jpg 300w\" sizes=\"auto, (max-width: 320px) 100vw, 320px\" \/><figcaption id=\"caption-attachment-4788\" class=\"wp-caption-text\">Rusov\u00e9 se zna\u017e\u00ed o\u017eivit i zna\u010dku Moskvi\u010d<\/figcaption><\/figure>\n","protected":false},"excerpt":{"rendered":"<div class=\"mh-excerpt\"><p>Prodej aut v\u00a0Rusku\u00a0se v lo\u0148sk\u00e9m roce, kdy\u00a0Moskva rozpoutala v\u00e1lku na Ukrajin\u011b, sn\u00ed\u017eil o 59 procent na 626 300 voz\u016f. S odkazem na rusk\u00e9 zdroje o <a class=\"mh-excerpt-more\" href=\"https:\/\/www.automakersnews.cz\/index.php\/2023\/01\/10\/v-rusku-se-prodalo-o-polovinu-mene-aut\/\" title=\"V Rusku se prodalo o polovinu m\u00e9n\u011b aut\">[&#8230;]<\/a><\/p>\n<\/div>","protected":false},"author":1,"featured_media":4789,"comment_status":"open","ping_status":"open","sticky":false,"template":"","format":"standard","meta":{"footnotes":""},"categories":[2],"tags":[],"class_list":["post-13786","post","type-post","status-publish","format-standard","has-post-thumbnail","hentry","category-news"],"_links":{"self":[{"href":"https:\/\/www.automakersnews.cz\/index.php\/wp-json\/wp\/v2\/posts\/13786","targetHints":{"allow":["GET"]}}],"collection":[{"href":"https:\/\/www.automakersnews.cz\/index.php\/wp-json\/wp\/v2\/posts"}],"about":[{"href":"https:\/\/www.automakersnews.cz\/index.php\/wp-json\/wp\/v2\/types\/post"}],"author":[{"embeddable":true,"href":"https:\/\/www.automakersnews.cz\/index.php\/wp-json\/wp\/v2\/users\/1"}],"replies":[{"embeddable":true,"href":"https:\/\/www.automakersnews.cz\/index.php\/wp-json\/wp\/v2\/comments?post=13786"}],"version-history":[{"count":0,"href":"https:\/\/www.automakersnews.cz\/index.php\/wp-json\/wp\/v2\/posts\/13786\/revisions"}],"wp:featuredmedia":[{"embeddable":true,"href":"https:\/\/www.automakersnews.cz\/index.php\/wp-json\/wp\/v2\/media\/4789"}],"wp:attachment":[{"href":"https:\/\/www.automakersnews.cz\/index.php\/wp-json\/wp\/v2\/media?parent=13786"}],"wp:term":[{"taxonomy":"category","embeddable":true,"href":"https:\/\/www.automakersnews.cz\/index.php\/wp-json\/wp\/v2\/categories?post=13786"},{"taxonomy":"post_tag","embeddable":true,"href":"https:\/\/www.automakersnews.cz\/index.php\/wp-json\/wp\/v2\/tags?post=13786"}],"curies":[{"name":"wp","href":"https:\/\/api.w.org\/{rel}","templated":true}]}}