{"id":13821,"date":"2023-01-10T14:47:58","date_gmt":"2023-01-10T14:47:58","guid":{"rendered":"https:\/\/www.automakersnews.cz\/?p=13821"},"modified":"2023-01-10T15:41:54","modified_gmt":"2023-01-10T15:41:54","slug":"auto-roku-2023-porotci-testovali-v-certousich","status":"publish","type":"post","link":"https:\/\/www.automakersnews.cz\/index.php\/2023\/01\/10\/auto-roku-2023-porotci-testovali-v-certousich\/","title":{"rendered":"Auto roku 2023: Porotci testovali v \u010certous\u00edch"},"content":{"rendered":"<p><strong>\u010clenov\u00e9 odborn\u00e9 poroty ankety Auto roku 2023 v \u010cesk\u00e9 republice vyzkou\u0161eli 10. ledna kandid\u00e1ty na leto\u0161n\u00ed titul v pra\u017esk\u00e9m Hotelu \u010certousy. Kolik se na akci uk\u00e1zalo vozidel?<\/strong><!--more--><br \/>\nV po\u0159ad\u00ed 29. ro\u010dn\u00edk ankety Auto roku 2023 v \u010cR vyhl\u00e1sil na konci lo\u0148sk\u00e9ho roku Svaz dovozc\u016f automobil\u016f.<\/p>\n<p>Aktu\u00e1ln\u00ed ro\u010dn\u00edk doznal \u0159adu zjednodu\u0161en\u00ed s c\u00edlem co mo\u017en\u00e1 nejv\u00edce\u00a0 se p\u0159ibl\u00ed\u017eit konceptu Evropsk\u00e9ho auta roku (Car Of The Year \u2013 COTY).<\/p>\n<p>V\u00a0leto\u0161n\u00edm ro\u010dn\u00edku nebudou organizov\u00e1ny dal\u0161\u00ed doprovodn\u00e9 ankety, jako jsou \u201eEkologick\u00e9 auto roku\u201c, \u201eTechnick\u00e9 inovace roku\u201c nebo \u201eAnketa ve\u0159ejnosti\u201c, aby se dos\u00e1hlo jednozna\u010dnosti a jednoduchosti ankety obdobn\u011b, jako je tomu u COTY.<\/p>\n<p><strong>Kandiduje\u00a0celkem\u00a026\u00a0automobil\u016f<\/strong><\/p>\n<p>Organiza\u010dn\u00ed v\u00fdbor ankety do posledn\u00ed chv\u00edle up\u0159es\u0148oval seznam kandid\u00e1t\u016f, na ji\u017e finalizovan\u00e9 listin\u011b je celkem 26 automobil\u016f.<\/p>\n<p>&#8222;P\u011btici model\u016f, se kter\u00fdmi jsme je\u0161t\u011b po\u010d\u00edtali, se ji\u017e nepoda\u0159ilo na seznam za\u0159adit,&#8220; up\u0159esnil na\u0161emu port\u00e1lu PR mana\u017eer SDA Petr Hor\u00e1k.<\/p>\n<p>Jde o modely Alpine A 110, Hyundai Ioniq 6, Lexus RX, Renault Austral, Toyota BZ 4X, kter\u00e9 v\u011bt\u0161inou nebyly v dob\u011b testovac\u00edch j\u00edzd je\u0161t\u011b v \u010cR.<\/p>\n<p><strong>V \u010certous\u00edch se uk\u00e1zalo 19 porotc\u016f<\/strong><\/p>\n<p>V \u010certous\u00edch se se\u0161lo celkem 19 \u010dlen\u016f poroty a \u0159ada PR mana\u017eer\u016f kandid\u00e1tsk\u00fdch zna\u010dek. Celkem m\u011bli k dispozici 33 testovac\u00edch automobil\u016f (n\u011bkter\u00e9 zna\u010dky nab\u00eddly dva testovac\u00ed kusy jednoho typu).<\/p>\n<figure id=\"attachment_13857\" aria-describedby=\"caption-attachment-13857\" style=\"width: 1024px\" class=\"wp-caption alignnone\"><img loading=\"lazy\" decoding=\"async\" class=\"size-large wp-image-13857\" src=\"http:\/\/www.automakersnews.cz\/wp-content\/uploads\/2023\/01\/Auto-roku-2023-Certousy-Hyan-1024x768.jpg\" alt=\"\" width=\"1024\" height=\"768\" \/><figcaption id=\"caption-attachment-13857\" class=\"wp-caption-text\">Na regul\u00e9rnost testovac\u00edch j\u00edzd dohl\u00e9dl p\u0159edseda odborn\u00e9 poroty Tom\u00e1\u0161 Hyan<\/figcaption><\/figure>\n<p>\u010certousy budou je\u0161t\u011b hostit 11. ledna dal\u0161\u00ed \u010dleny poroty, ostatn\u00ed novin\u00e1\u0159e a hosty ankety, vyhl\u00e1\u0161en\u00ed v\u00fdsledku sout\u011b\u017ee je pl\u00e1nov\u00e1no na 7. \u00fanora.<\/p>\n<p><strong>Seznam nominovan\u00fdch vozidel, \u010dleny porty a dal\u0161\u00ed informace p\u0159inese port\u00e1l Autoroku2023.cz!\u00a0<\/strong><\/p>\n<figure id=\"attachment_13854\" aria-describedby=\"caption-attachment-13854\" style=\"width: 768px\" class=\"wp-caption alignnone\"><img loading=\"lazy\" decoding=\"async\" class=\"size-large wp-image-13854\" src=\"http:\/\/www.automakersnews.cz\/wp-content\/uploads\/2023\/01\/Auto-roku-2023-Certousy-Rychtera-768x1024.jpg\" alt=\"\" width=\"768\" height=\"1024\" srcset=\"https:\/\/www.automakersnews.cz\/wp-content\/uploads\/2023\/01\/Auto-roku-2023-Certousy-Rychtera-768x1024.jpg 768w, https:\/\/www.automakersnews.cz\/wp-content\/uploads\/2023\/01\/Auto-roku-2023-Certousy-Rychtera-225x300.jpg 225w, https:\/\/www.automakersnews.cz\/wp-content\/uploads\/2023\/01\/Auto-roku-2023-Certousy-Rychtera-1152x1536.jpg 1152w, https:\/\/www.automakersnews.cz\/wp-content\/uploads\/2023\/01\/Auto-roku-2023-Certousy-Rychtera.jpg 1530w\" sizes=\"auto, (max-width: 768px) 100vw, 768px\" \/><figcaption id=\"caption-attachment-13854\" class=\"wp-caption-text\">Mario Rychtera nab\u00edzel v \u010certous\u00edch k test\u016fm t\u0159i des\u00edtky vozidel, z toho 7 elektromobil\u016f<\/figcaption><\/figure>\n","protected":false},"excerpt":{"rendered":"<div class=\"mh-excerpt\"><p>\u010clenov\u00e9 odborn\u00e9 poroty ankety Auto roku 2023 v \u010cesk\u00e9 republice vyzkou\u0161eli 10. ledna kandid\u00e1ty na leto\u0161n\u00ed titul v pra\u017esk\u00e9m Hotelu \u010certousy. Kolik se na akci <a class=\"mh-excerpt-more\" href=\"https:\/\/www.automakersnews.cz\/index.php\/2023\/01\/10\/auto-roku-2023-porotci-testovali-v-certousich\/\" title=\"Auto roku 2023: Porotci testovali v \u010certous\u00edch\">[&#8230;]<\/a><\/p>\n<\/div>","protected":false},"author":1,"featured_media":13853,"comment_status":"open","ping_status":"open","sticky":false,"template":"","format":"standard","meta":{"footnotes":""},"categories":[7,2],"tags":[],"class_list":["post-13821","post","type-post","status-publish","format-standard","has-post-thumbnail","hentry","category-ankety","category-news"],"_links":{"self":[{"href":"https:\/\/www.automakersnews.cz\/index.php\/wp-json\/wp\/v2\/posts\/13821","targetHints":{"allow":["GET"]}}],"collection":[{"href":"https:\/\/www.automakersnews.cz\/index.php\/wp-json\/wp\/v2\/posts"}],"about":[{"href":"https:\/\/www.automakersnews.cz\/index.php\/wp-json\/wp\/v2\/types\/post"}],"author":[{"embeddable":true,"href":"https:\/\/www.automakersnews.cz\/index.php\/wp-json\/wp\/v2\/users\/1"}],"replies":[{"embeddable":true,"href":"https:\/\/www.automakersnews.cz\/index.php\/wp-json\/wp\/v2\/comments?post=13821"}],"version-history":[{"count":0,"href":"https:\/\/www.automakersnews.cz\/index.php\/wp-json\/wp\/v2\/posts\/13821\/revisions"}],"wp:featuredmedia":[{"embeddable":true,"href":"https:\/\/www.automakersnews.cz\/index.php\/wp-json\/wp\/v2\/media\/13853"}],"wp:attachment":[{"href":"https:\/\/www.automakersnews.cz\/index.php\/wp-json\/wp\/v2\/media?parent=13821"}],"wp:term":[{"taxonomy":"category","embeddable":true,"href":"https:\/\/www.automakersnews.cz\/index.php\/wp-json\/wp\/v2\/categories?post=13821"},{"taxonomy":"post_tag","embeddable":true,"href":"https:\/\/www.automakersnews.cz\/index.php\/wp-json\/wp\/v2\/tags?post=13821"}],"curies":[{"name":"wp","href":"https:\/\/api.w.org\/{rel}","templated":true}]}}