{"id":13928,"date":"2023-01-11T07:26:05","date_gmt":"2023-01-11T07:26:05","guid":{"rendered":"https:\/\/www.automakersnews.cz\/?p=13928"},"modified":"2023-01-11T07:26:05","modified_gmt":"2023-01-11T07:26:05","slug":"mercedes-benz-chysta-vlastni-nabijeci-sit","status":"publish","type":"post","link":"https:\/\/www.automakersnews.cz\/index.php\/2023\/01\/11\/mercedes-benz-chysta-vlastni-nabijeci-sit\/","title":{"rendered":"Mercedes-Benz chyst\u00e1 vlastn\u00ed nab\u00edjec\u00ed s\u00ed\u0165"},"content":{"rendered":"<p><strong>Mercedes-Benz ozn\u00e1mil pl\u00e1ny na spu\u0161t\u011bn\u00ed glob\u00e1ln\u00ed s\u00edt\u011b pro vysokov\u00fdkonn\u00e9 nab\u00edjen\u00ed v Severn\u00ed Americe, Evrop\u011b, \u010c\u00edn\u011b a na dal\u0161\u00edch v\u00fdznamn\u00fdch trz\u00edch. V\u00fdstavba s\u00edt\u011b bude zah\u00e1jena letos v USA a Kanad\u011b. Pot\u00e9 budou n\u00e1sledovat dal\u0161\u00ed regiony na cel\u00e9m sv\u011bt\u011b.<\/strong><!--more--><\/p>\n<p>C\u00edlem je vybudovat kompletn\u00ed s\u00ed\u0165 do konce tohoto desetilet\u00ed. V t\u00e9 dob\u011b ji\u017e Mercedes-Benz hodl\u00e1 nab\u00edzet v\u00fdhradn\u011b elektrick\u00e9 modely tam, kde to budou podm\u00ednky dan\u00e9ho trhu umo\u017e\u0148ovat. Vysokov\u00fdkonn\u00e1 nab\u00edjec\u00ed s\u00ed\u0165 Mercedes-Benz v\u00fdznamn\u011b usnadn\u00ed a zp\u0159\u00edjemn\u00ed z\u00e1kazn\u00edk\u016fm nab\u00edjen\u00ed, co\u017e urychl\u00ed vstup do v\u00fdhradn\u011b elektrick\u00e9 budoucnosti a vytvo\u0159\u00ed glob\u00e1ln\u00ed infrastrukturu s potenci\u00e1lem pro vytv\u00e1\u0159en\u00ed hodnot v budoucnosti. Nab\u00edjec\u00ed centra se budou nach\u00e1zet v d\u016fle\u017eit\u00fdch m\u011bstech a metropol\u00edch, v bl\u00edzkosti v\u00fdznamn\u00fdch dopravn\u00edch tepen i ve snadno a komfortn\u011b p\u0159\u00edstupn\u00fdch centrech s obchody a slu\u017ebami v\u010detn\u011b dealerstv\u00ed Mercedes-Benz, kter\u00e1 se rozhodla pro \u00fa\u010dast v tomto projektu.<\/p>\n<p>Spole\u010dnost je p\u0159esv\u011bd\u010dena o tom, \u017ee tento strategick\u00fd krok v\u00fdznamn\u011b roz\u0161\u00ed\u0159\u00ed vyu\u017eitelnost a prakti\u010dnost nov\u00e9 generace jej\u00edch elektromobil\u016f, majitel\u016fm voz\u016f Mercedes-Benz poskytne v\u00fdjime\u010dn\u00e9 z\u00e1\u017eitky a urychl\u00ed elektromobilovou transformaci. Nab\u00edjec\u00ed s\u00ed\u0165 bude zam\u011b\u0159ena p\u0159edev\u0161\u00edm na z\u00e1kazn\u00edky zna\u010dky Mercedes-Benz, kte\u0159\u00ed budou m\u00edt p\u0159ednostn\u00ed p\u0159\u00edstup prost\u0159ednictv\u00edm rezerva\u010dn\u00ed funkce a dal\u0161\u00ed benefity. Krom\u011b toho v\u0161ak bude p\u0159\u00edstupn\u00e1 tak\u00e9 pro \u0159idi\u010de v\u0161ech ostatn\u00edch zna\u010dek s kompatibiln\u00ed technologi\u00ed. Mezi c\u00edle t\u00e9to komplexn\u00ed iniciativy, spole\u010dn\u011b s pokra\u010duj\u00edc\u00ed podporou sd\u00edlen\u00fdch s\u00edt\u00ed, jakou je nap\u0159\u00edklad IONITY, pat\u0159\u00ed tak\u00e9 urychlen\u00ed glob\u00e1ln\u00edho p\u0159echodu na elektromobilitu.<\/p>\n<p><strong>Mercedes-Benz zahajuje v\u00fdstavbu nab\u00edjec\u00ed s\u00edt\u011b v Severn\u00ed Americe<\/strong><\/p>\n<p>Mercedes-Benz na veletrhu CES 2023 v Las Vegas ozn\u00e1mil, \u017ee v leto\u0161n\u00edm roce zah\u00e1j\u00ed proces v\u00fdstavby a zprovozn\u011bn\u00ed sv\u00e9 vysokov\u00fdkonn\u00e9 nab\u00edjec\u00ed s\u00edt\u011b v Severn\u00ed Americe. Mezi spolupracuj\u00edc\u00ed partnery v tomto regionu pat\u0159\u00ed MN8 Energy, jeden z nejv\u011bt\u0161\u00edch majitel\u016f a provozovatel\u016f sol\u00e1rn\u00edch elektr\u00e1ren a energetick\u00fdch \u00falo\u017ei\u0161\u0165 v USA, a ChargePoint, p\u0159edn\u00ed technologick\u00e1 spole\u010dnost zam\u011b\u0159en\u00e1 na s\u00edt\u011b pro nab\u00edjen\u00ed elektromobil\u016f. Do roku 2027 bude s\u00ed\u0165 tvo\u0159it celkem v\u00edce ne\u017e 400 center nap\u0159\u00ed\u010d Severn\u00ed Amerikou. Pl\u00e1ny po\u010d\u00edtaj\u00ed s t\u00edm, \u017ee trvale udr\u017eiteln\u00e9 a spolehliv\u00e9 nab\u00edjen\u00ed pr\u00e9miov\u00e9 \u00farovn\u011b bude nab\u00edzet v\u00edce ne\u017e 2500 vysokov\u00fdkonn\u00fdch nab\u00edje\u010dek.<\/p>\n<p>\u201eMercedes-Benz ji\u017e nab\u00edz\u00ed elektromobily, kter\u00e9 jsou podle na\u0161eho p\u0159esv\u011bd\u010den\u00ed nejlep\u0161\u00edmi vozy sv\u00e9ho druhu na trhu. Elektrickou transformaci v\u0161ak chceme je\u0161t\u011b v\u00edce urychlit, a k tomu mus\u00edme tak\u00e9 zajistit, aby s na\u0161imi elektromobily dr\u017eely krok i mo\u017enosti nab\u00edjen\u00ed. Na\u0161i z\u00e1kazn\u00edci si zaslou\u017e\u00ed nep\u0159ekonateln\u00e9 z\u00e1\u017eitky z nab\u00edjen\u00ed, kter\u00e9 jim usnadn\u00ed vlastnictv\u00ed elektromobilu i cestov\u00e1n\u00ed na dlouh\u00e9 vzd\u00e1lenosti. Nebudeme \u010dekat, a\u017e p\u0159\u00edslu\u0161nou infrastrukturu n\u011bkdo postav\u00ed. Proto spou\u0161t\u00edme projekt glob\u00e1ln\u00ed s\u00edt\u011b pro luxusn\u00ed nab\u00edjen\u00ed, kter\u00e1 se pro na\u0161e z\u00e1kazn\u00edky stane dal\u0161\u00edm p\u00e1dn\u00fdm argumentem ve prosp\u011bch vlastnictv\u00ed elektricky poh\u00e1n\u011bn\u00fdch voz\u016f Mercedes-Benz a pro na\u0161i spole\u010dnost bude aktivem s potenci\u00e1lem vytv\u00e1\u0159et nov\u00e9 hodnoty. M\u00e1me velkou radost, \u017ee za\u010d\u00edn\u00e1me pr\u00e1v\u011b tady, v Severn\u00ed Americe, ve spolupr\u00e1ci se siln\u00fdmi a zku\u0161en\u00fdmi partnery, jak\u00fdmi jsou spole\u010dnosti MN8 Energy a ChargePoint\u201c, \u0159\u00edk\u00e1\u00a0Ola K\u00e4llenius, p\u0159edseda p\u0159edstavenstva spole\u010dnosti Mercedes-Benz Group AG.<\/p>\n<p><img loading=\"lazy\" decoding=\"async\" class=\"alignnone wp-image-13929\" src=\"http:\/\/www.automakersnews.cz\/wp-content\/uploads\/2023\/01\/Mercedes-Benz-nabijeci-sit-1-small-300x169.jpg\" alt=\"\" width=\"556\" height=\"313\" srcset=\"https:\/\/www.automakersnews.cz\/wp-content\/uploads\/2023\/01\/Mercedes-Benz-nabijeci-sit-1-small-300x169.jpg 300w, https:\/\/www.automakersnews.cz\/wp-content\/uploads\/2023\/01\/Mercedes-Benz-nabijeci-sit-1-small-1024x576.jpg 1024w, https:\/\/www.automakersnews.cz\/wp-content\/uploads\/2023\/01\/Mercedes-Benz-nabijeci-sit-1-small-768x432.jpg 768w, https:\/\/www.automakersnews.cz\/wp-content\/uploads\/2023\/01\/Mercedes-Benz-nabijeci-sit-1-small-678x381.jpg 678w, https:\/\/www.automakersnews.cz\/wp-content\/uploads\/2023\/01\/Mercedes-Benz-nabijeci-sit-1-small.jpg 1280w\" sizes=\"auto, (max-width: 556px) 100vw, 556px\" \/><\/p>\n<p><strong>Exkluzivn\u00ed z\u00e1\u017eitky z nab\u00edjen\u00ed ve stylu zna\u010dky Mercedes-Benz<\/strong><\/p>\n<p>Naviga\u010dn\u00ed funkce \u201eMercedes-Benz Electric Intelligence\u201c usnad\u0148uje \u0159idi\u010d\u016fm \u017eivot p\u0159i cestov\u00e1n\u00ed na velk\u00e9 vzd\u00e1lenosti automatickou optimalizac\u00ed pl\u00e1novan\u00e9 trasy, do n\u00ed\u017e s p\u0159edstihem zahrne nejlep\u0161\u00ed nab\u00edjec\u00ed p\u0159\u00edpojky v\u010detn\u011b rezervace voln\u00e9ho m\u00edsta pro nab\u00edjen\u00ed. Syst\u00e9m zn\u00e1 vyu\u017eit\u00ed kapacity p\u0159\u00edslu\u0161n\u00fdch provozoven a z\u00e1kazn\u00edk\u016fm v po\u017eadovan\u00e9 dob\u011b zajist\u00ed okam\u017eit\u00fd p\u0159\u00edstup k rezervovan\u00e9 nab\u00edjec\u00ed p\u0159\u00edpojce. To znamen\u00e1, \u017ee z\u00e1kazn\u00edci zna\u010dky Mercedes-Benz nebudou muset \u010dekat.<\/p>\n<p>Dojem hladk\u00e9ho pr\u016fb\u011bhu nab\u00edjen\u00ed je\u0161t\u011b v\u00edce umocn\u00ed u\u017eivatelsk\u00e1 p\u0159\u00edv\u011btivost a prakti\u010dnost funkce \u201ePlug &amp; Charge\u201c1. Nab\u00edjec\u00ed stanice komunikuje p\u0159\u00edmo s vozidlem prost\u0159ednictv\u00edm nab\u00edjec\u00edho kabelu. Manu\u00e1ln\u00ed ov\u011b\u0159en\u00ed prost\u0159ednictv\u00edm karty, aplikace nebo ovl\u00e1dac\u00edho displeje ve vozidle nen\u00ed nutn\u00e92, ale i nad\u00e1le mo\u017en\u00e9. Z\u00e1kazn\u00edci zna\u010dky Mercedes-Benz mohou tuto funkci vyu\u017e\u00edvat prost\u0159ednictv\u00edm slu\u017eby Mercedes me Charge3 z nab\u00eddky Mercedes me connect. V\u0161ichni ostatn\u00ed z\u00e1kazn\u00edci budou m\u00edt p\u0159\u00edm\u00fd p\u0159\u00edstup k \u0161irok\u00e9 \u0161k\u00e1le platebn\u00edch funkc\u00ed.<\/p>\n<p>V z\u00e1vislosti na regionu a lokalit\u011b budou centra nab\u00edzet 4 a\u017e 12 a nakonec a\u017e 30 vysokov\u00fdkonn\u00fdch nab\u00edje\u010dek (HPC) s nab\u00edjec\u00edm v\u00fdkonem a\u017e 350 kW. Inteligentn\u00ed \u0159\u00edzen\u00ed nab\u00edjec\u00edho v\u00fdkonu umo\u017en\u00ed co nejrychlej\u0161\u00ed nabit\u00ed ka\u017ed\u00e9ho vozidla. T\u00edm se \u010dekac\u00ed doby zkr\u00e1t\u00ed na absolutn\u00ed minimum. Optimalizovan\u00e9 uspo\u0159\u00e1d\u00e1n\u00ed nab\u00edjec\u00ed stanice nab\u00eddne kolem vozidla velkorys\u00fd prostor a umo\u017en\u00ed jeho nab\u00edjen\u00ed z jak\u00e9koli strany. V\u0161ude, kde to bude mo\u017en\u00e9, budou nab\u00edjec\u00ed p\u0159\u00edpojky chr\u00e1n\u011bny p\u0159ed pov\u011btrnostn\u00edmi vlivy.<\/p>\n<p>Um\u00edst\u011bn\u00ed a okol\u00ed nab\u00edjec\u00edch center Mercedes-Benz bude pe\u010dliv\u011b vyb\u00edr\u00e1no s ohledem na rozmanit\u00e9 pot\u0159eby z\u00e1kazn\u00edk\u016f. K nejlep\u0161\u00edm mo\u017en\u00fdm z\u00e1\u017eitk\u016fm z nab\u00edjen\u00ed p\u0159isp\u011bj\u00ed nap\u0159\u00edklad provozovny s ob\u010derstven\u00edm a ve\u0159ejn\u00e9 toalety v bl\u00edzkosti. Nab\u00edjec\u00ed stanice budou vybaveny kamerov\u00fdm syst\u00e9mem a dal\u0161\u00edmi opat\u0159en\u00edmi, kter\u00e1 zajist\u00ed nab\u00edjen\u00ed v bezpe\u010dn\u00e9m prost\u0159ed\u00ed.<\/p>\n<p><strong>Je\u0161t\u011b v\u011bt\u0161\u00ed trval\u00e1 udr\u017eitelnost d\u00edky \u201ezelen\u00e9mu\u201c nab\u00edjen\u00ed<\/strong><\/p>\n<p>Mercedes-Benz usiluje v souladu se svou trvale udr\u017eitelnou obchodn\u00ed strategi\u00ed \u201eAmbition 2039\u201c o to, aby sv\u00fdm z\u00e1kazn\u00edk\u016fm umo\u017e\u0148oval ve sv\u00e9 vlastn\u00ed nab\u00edjec\u00ed s\u00edti nab\u00edjen\u00ed \u201ezelenou\u201c energi\u00ed. To je nejl\u00e9pe zaji\u0161\u0165ov\u00e1no smlouvami o dod\u00e1vk\u00e1ch \u201ezelen\u00e9\u201c elekt\u0159iny nebo pou\u017e\u00edv\u00e1n\u00edm certifik\u00e1t\u016f pro energii z trvale udr\u017eiteln\u00fdch zdroj\u016f od akreditovan\u00fdch dodavatel\u016f. Vybran\u00e1 nab\u00edjec\u00ed centra Mercedes-Benz budou tak\u00e9 vybavena fotovoltaick\u00fdmi syst\u00e9my, kter\u00e9 budou poskytovat elekt\u0159inu nap\u0159\u00edklad pro osv\u011btlen\u00ed a bezpe\u010dnostn\u00ed kamerov\u00fd syst\u00e9m.<\/p>\n<p><strong>C\u00edlen\u00e9 kapit\u00e1lov\u00e9 v\u00fddaje do konce tohoto desetilet\u00ed<\/strong><\/p>\n<p>Celkov\u00e9 investi\u010dn\u00ed n\u00e1klady na severoamerickou s\u00ed\u0165 v nadch\u00e1zej\u00edc\u00edch 6 a\u017e 7 letech m\u00edrn\u011b p\u0159es\u00e1hnou hranici 1 miliardy eur. Pot\u0159ebn\u00fd kapit\u00e1l poskytnou spole\u010dnosti Mercedes a MN8 v pom\u011bru p\u0159ibli\u017en\u011b 50:50.<\/p>\n<p>Uspo\u0159\u00e1d\u00e1n\u00ed samotn\u00fdch stanic bude t\u011b\u017eit z v\u00fdhod vysok\u00e9ho stupn\u011b shodnosti v r\u00e1mci s\u00edt\u011b a z p\u0159ednost\u00ed modul\u00e1rn\u00edho, roz\u0161i\u0159iteln\u00e9ho designu jednotliv\u00fdch are\u00e1l\u016f. Spole\u010dnost Mercedes-Benz je p\u0159esv\u011bd\u010dena o tom, \u017ee se jej\u00ed nab\u00edjec\u00ed s\u00ed\u0165 stane tak\u00e9 v\u00fdznamn\u00fdm aktivem d\u00edky jej\u00edmu glob\u00e1ln\u00edmu pokryt\u00ed a um\u00edst\u011bn\u00ed v nejv\u00fdznamn\u011bj\u0161\u00edch lokalit\u00e1ch. Vznikne tak potenci\u00e1l k vytv\u00e1\u0159en\u00ed dodate\u010dn\u00e9 hodnoty pro akcion\u00e1\u0159e spole\u010dnosti.<\/p>\n<p>Vysokov\u00fdkonn\u00e1 nab\u00edjec\u00ed s\u00ed\u0165 Mercedes-Benz je dal\u0161\u00edm d\u016fle\u017eit\u00fdm krokem vp\u0159ed v realizaci elektrifika\u010dn\u00ed strategie spole\u010dnosti. Ve\u0161ker\u00e9 aktivity spojen\u00e9 s nab\u00edjec\u00edm ekosyst\u00e9mem budou spadat pod spole\u010dnost Mercedes-Benz Mobility.<\/p>\n<p><img loading=\"lazy\" decoding=\"async\" class=\"alignnone wp-image-13931\" src=\"http:\/\/www.automakersnews.cz\/wp-content\/uploads\/2023\/01\/Mercedes-Benz-nabijeci-sit-2-small-300x169.jpg\" alt=\"\" width=\"655\" height=\"369\" srcset=\"https:\/\/www.automakersnews.cz\/wp-content\/uploads\/2023\/01\/Mercedes-Benz-nabijeci-sit-2-small-300x169.jpg 300w, https:\/\/www.automakersnews.cz\/wp-content\/uploads\/2023\/01\/Mercedes-Benz-nabijeci-sit-2-small-1024x576.jpg 1024w, https:\/\/www.automakersnews.cz\/wp-content\/uploads\/2023\/01\/Mercedes-Benz-nabijeci-sit-2-small-768x432.jpg 768w, https:\/\/www.automakersnews.cz\/wp-content\/uploads\/2023\/01\/Mercedes-Benz-nabijeci-sit-2-small-678x381.jpg 678w, https:\/\/www.automakersnews.cz\/wp-content\/uploads\/2023\/01\/Mercedes-Benz-nabijeci-sit-2-small.jpg 1280w\" sizes=\"auto, (max-width: 655px) 100vw, 655px\" \/><\/p>\n","protected":false},"excerpt":{"rendered":"<div class=\"mh-excerpt\"><p>Mercedes-Benz ozn\u00e1mil pl\u00e1ny na spu\u0161t\u011bn\u00ed glob\u00e1ln\u00ed s\u00edt\u011b pro vysokov\u00fdkonn\u00e9 nab\u00edjen\u00ed v Severn\u00ed Americe, Evrop\u011b, \u010c\u00edn\u011b a na dal\u0161\u00edch v\u00fdznamn\u00fdch trz\u00edch. V\u00fdstavba s\u00edt\u011b bude zah\u00e1jena letos <a class=\"mh-excerpt-more\" href=\"https:\/\/www.automakersnews.cz\/index.php\/2023\/01\/11\/mercedes-benz-chysta-vlastni-nabijeci-sit\/\" title=\"Mercedes-Benz chyst\u00e1 vlastn\u00ed nab\u00edjec\u00ed s\u00ed\u0165\">[&#8230;]<\/a><\/p>\n<\/div>","protected":false},"author":4,"featured_media":13930,"comment_status":"open","ping_status":"open","sticky":false,"template":"","format":"standard","meta":{"footnotes":""},"categories":[22],"tags":[],"class_list":["post-13928","post","type-post","status-publish","format-standard","has-post-thumbnail","hentry","category-elektromobily"],"_links":{"self":[{"href":"https:\/\/www.automakersnews.cz\/index.php\/wp-json\/wp\/v2\/posts\/13928","targetHints":{"allow":["GET"]}}],"collection":[{"href":"https:\/\/www.automakersnews.cz\/index.php\/wp-json\/wp\/v2\/posts"}],"about":[{"href":"https:\/\/www.automakersnews.cz\/index.php\/wp-json\/wp\/v2\/types\/post"}],"author":[{"embeddable":true,"href":"https:\/\/www.automakersnews.cz\/index.php\/wp-json\/wp\/v2\/users\/4"}],"replies":[{"embeddable":true,"href":"https:\/\/www.automakersnews.cz\/index.php\/wp-json\/wp\/v2\/comments?post=13928"}],"version-history":[{"count":0,"href":"https:\/\/www.automakersnews.cz\/index.php\/wp-json\/wp\/v2\/posts\/13928\/revisions"}],"wp:featuredmedia":[{"embeddable":true,"href":"https:\/\/www.automakersnews.cz\/index.php\/wp-json\/wp\/v2\/media\/13930"}],"wp:attachment":[{"href":"https:\/\/www.automakersnews.cz\/index.php\/wp-json\/wp\/v2\/media?parent=13928"}],"wp:term":[{"taxonomy":"category","embeddable":true,"href":"https:\/\/www.automakersnews.cz\/index.php\/wp-json\/wp\/v2\/categories?post=13928"},{"taxonomy":"post_tag","embeddable":true,"href":"https:\/\/www.automakersnews.cz\/index.php\/wp-json\/wp\/v2\/tags?post=13928"}],"curies":[{"name":"wp","href":"https:\/\/api.w.org\/{rel}","templated":true}]}}