{"id":14,"date":"2021-09-15T12:41:16","date_gmt":"2021-09-15T12:41:16","guid":{"rendered":"http:\/\/www.automakersnews.cz\/?p=14"},"modified":"2021-09-15T12:41:16","modified_gmt":"2021-09-15T12:41:16","slug":"tatra-vyviji-vodikovy-nakladni-vuz","status":"publish","type":"post","link":"https:\/\/www.automakersnews.cz\/index.php\/2021\/09\/15\/tatra-vyviji-vodikovy-nakladni-vuz\/","title":{"rendered":"Tatra vyv\u00edj\u00ed vod\u00edkov\u00fd n\u00e1kladn\u00ed v\u016fz"},"content":{"rendered":"<p><strong>P\u011bt \u010desk\u00fdch firem se spojilo s kop\u0159ivnickou firmou Tatra a spole\u010dn\u011b vyv\u00edj\u00ed n\u00e1kladn\u00ed automobil na vod\u00edk. Prvn\u00ed kusy by m\u011bly vzniknout do t\u0159\u00ed let, p\u00ed\u0161\u00ed Hospod\u00e1\u0159sk\u00e9 noviny.<\/strong><span id=\"more-143858\"><\/span><!--more--><\/p>\n<p>\u201eJedn\u00e1n\u00ed o projektu jsme zah\u00e1jili loni. V tomto roce se p\u0159ipravila dokumentace a bylo z\u00edsk\u00e1no financov\u00e1n\u00ed. Vkladem Tatry do projektu je v\u00fdvoj a v\u00fdroba prototypov\u00e9ho vozidla, dod\u00e1 podvozek a kabinu a bude zaji\u0161\u0165ovat integraci v\u0161ech komponent,\u201c \u0159\u00edk\u00e1 Andrej \u010c\u00edrtek, mluv\u010d\u00ed automobilky, kterou ovl\u00e1d\u00e1 zbroja\u0159sk\u00e1 skupina Czechoslovak Group a podnikatel Ren\u00e9 Matera.<\/p>\n","protected":false},"excerpt":{"rendered":"<div class=\"mh-excerpt\"><p>P\u011bt \u010desk\u00fdch firem se spojilo s kop\u0159ivnickou firmou Tatra a spole\u010dn\u011b vyv\u00edj\u00ed n\u00e1kladn\u00ed automobil na vod\u00edk. Prvn\u00ed kusy by m\u011bly vzniknout do t\u0159\u00ed let, p\u00ed\u0161\u00ed <a class=\"mh-excerpt-more\" href=\"https:\/\/www.automakersnews.cz\/index.php\/2021\/09\/15\/tatra-vyviji-vodikovy-nakladni-vuz\/\" title=\"Tatra vyv\u00edj\u00ed vod\u00edkov\u00fd n\u00e1kladn\u00ed v\u016fz\">[&#8230;]<\/a><\/p>\n<\/div>","protected":false},"author":1,"featured_media":15,"comment_status":"open","ping_status":"open","sticky":false,"template":"","format":"standard","meta":{"footnotes":""},"categories":[2],"tags":[],"class_list":["post-14","post","type-post","status-publish","format-standard","has-post-thumbnail","hentry","category-news"],"_links":{"self":[{"href":"https:\/\/www.automakersnews.cz\/index.php\/wp-json\/wp\/v2\/posts\/14","targetHints":{"allow":["GET"]}}],"collection":[{"href":"https:\/\/www.automakersnews.cz\/index.php\/wp-json\/wp\/v2\/posts"}],"about":[{"href":"https:\/\/www.automakersnews.cz\/index.php\/wp-json\/wp\/v2\/types\/post"}],"author":[{"embeddable":true,"href":"https:\/\/www.automakersnews.cz\/index.php\/wp-json\/wp\/v2\/users\/1"}],"replies":[{"embeddable":true,"href":"https:\/\/www.automakersnews.cz\/index.php\/wp-json\/wp\/v2\/comments?post=14"}],"version-history":[{"count":0,"href":"https:\/\/www.automakersnews.cz\/index.php\/wp-json\/wp\/v2\/posts\/14\/revisions"}],"wp:featuredmedia":[{"embeddable":true,"href":"https:\/\/www.automakersnews.cz\/index.php\/wp-json\/wp\/v2\/media\/15"}],"wp:attachment":[{"href":"https:\/\/www.automakersnews.cz\/index.php\/wp-json\/wp\/v2\/media?parent=14"}],"wp:term":[{"taxonomy":"category","embeddable":true,"href":"https:\/\/www.automakersnews.cz\/index.php\/wp-json\/wp\/v2\/categories?post=14"},{"taxonomy":"post_tag","embeddable":true,"href":"https:\/\/www.automakersnews.cz\/index.php\/wp-json\/wp\/v2\/tags?post=14"}],"curies":[{"name":"wp","href":"https:\/\/api.w.org\/{rel}","templated":true}]}}