{"id":1400,"date":"2022-11-01T11:15:04","date_gmt":"2022-11-01T11:15:04","guid":{"rendered":"https:\/\/www.automakersnews.cz\/?p=1400"},"modified":"2022-11-01T11:57:15","modified_gmt":"2022-11-01T11:57:15","slug":"letnansky-e-salon-startuje-10-listopadu","status":"publish","type":"post","link":"https:\/\/www.automakersnews.cz\/index.php\/2022\/11\/01\/letnansky-e-salon-startuje-10-listopadu\/","title":{"rendered":"V\u00fdstava e-Salon zapln\u00ed PVA \u010dty\u0159i haly"},"content":{"rendered":"<p><strong><span style=\"color: #3f464c;\"><span style=\"font-family: Roboto, Open Sans, Helvetica, Arial, sans-serif;\"><span style=\"font-size: medium;\">\u010ctvrt\u00fd ro\u010dn\u00edk veletrhu \u010dist\u00e9 mobility\u00a0<\/span><\/span><\/span><span style=\"color: #3f464c;\"><span style=\"font-family: Roboto, Open Sans, Helvetica, Arial, sans-serif;\"><span style=\"font-size: medium;\">e-SALON <\/span><\/span><\/span><span style=\"color: #3f464c;\"><span style=\"font-family: Roboto, Open Sans, Helvetica, Arial, sans-serif;\"><span style=\"font-size: medium;\">prob\u011bhne 10. a\u017e 13. listopadu v PVA<\/span><\/span><\/span><span style=\"color: #3f464c;\">\u00a0<\/span><span style=\"color: #3f464c;\"><span style=\"font-family: Roboto, Open Sans, Helvetica, Arial, sans-serif;\"><span style=\"font-size: medium;\">EXPO<\/span><\/span><\/span><span style=\"color: #3f464c;\">\u00a0<\/span><\/strong><span style=\"color: #3f464c;\"><span style=\"font-family: Roboto, Open Sans, Helvetica, Arial, sans-serif;\"><span style=\"font-size: medium;\"><strong>PRAHA, m\u00e1 b\u00fdt p\u0159ehl\u00eddkou s nejbohat\u0161\u00ed \u00fa\u010dast\u00ed elektromobil\u016f, hybrid\u016f a dal\u0161\u00edch ekologick\u00fdch vozidel a dopravn\u00edch prost\u0159edk\u016f ve sv\u00e9 historii.<\/strong> <\/span><\/span><\/span><!--more--><br \/>\n<span style=\"color: #3f464c;\"><span style=\"font-family: Roboto, Open Sans, Helvetica, Arial, sans-serif;\"><span style=\"font-size: medium;\">\u010cty\u0159i haly let\u0148ansk\u00e9ho v\u00fdstavi\u0161t\u011b PVA<\/span><\/span><\/span><span style=\"color: #3f464c;\">\u00a0<\/span><span style=\"color: #3f464c;\"><span style=\"font-family: Roboto, Open Sans, Helvetica, Arial, sans-serif;\"><span style=\"font-size: medium;\">EXPO<\/span><\/span><\/span><span style=\"color: #3f464c;\">\u00a0<\/span><span style=\"color: #3f464c;\"><span style=\"font-family: Roboto, Open Sans, Helvetica, Arial, sans-serif;\"><span style=\"font-size: medium;\">PRAHA<\/span><\/span><\/span><span style=\"color: #3f464c;\">\u00a0<\/span><span style=\"color: #3f464c;\"><span style=\"font-family: Roboto, Open Sans, Helvetica, Arial, sans-serif;\"><span style=\"font-size: medium;\">nab\u00eddnou vozidla s alternativn\u00edmi pohony, elektromotorky, elektrokola a dal\u0161\u00ed alternativn\u00ed dopravn\u00ed prost\u0159edky, ale tak\u00e9 produkty firem z oblasti <\/span><\/span><\/span><span style=\"color: #3f464c;\"><span style=\"font-family: Roboto, Open Sans, Helvetica, Arial, sans-serif;\"><span style=\"font-size: medium;\">e-<\/span><\/span><\/span><span style=\"color: #3f464c;\"><span style=\"font-family: Roboto, Open Sans, Helvetica, Arial, sans-serif;\"><span style=\"font-size: medium;\">technology. <\/span><\/span><\/span><\/p>\n<p><span style=\"color: #3f464c;\"><span style=\"font-family: Roboto, Open Sans, Helvetica, Arial, sans-serif;\"><span style=\"font-size: medium;\">Jako tradi\u010dn\u011b p\u0159inese i leto\u0161n\u00ed\u00a0<\/span><\/span><\/span><span style=\"color: #3f464c;\"><span style=\"font-family: Roboto, Open Sans, Helvetica, Arial, sans-serif;\"><span style=\"font-size: medium;\">e-SALON<\/span><\/span><\/span><span style=\"color: #3f464c;\">\u00a0<\/span><span style=\"color: #3f464c;\"><span style=\"font-family: Roboto, Open Sans, Helvetica, Arial, sans-serif;\"><span style=\"font-size: medium;\">z\u00e1jemc\u016fm mo\u017enost vyzkou\u0161et si \u0161irok\u00e9 portfolio a\u017e t\u0159\u00ed des\u00edtek voz\u016f v r\u00e1mci testovac\u00edch j\u00edzd. <\/span><\/span><\/span><\/p>\n<p><span style=\"color: #3f464c;\"><span style=\"font-family: Roboto, Open Sans, Helvetica, Arial, sans-serif;\"><span style=\"font-size: medium;\">\u201eN\u00e1v\u0161t\u011bvn\u00edci se m\u016f\u017eou t\u011b\u0161it na to nejlep\u0161\u00ed, co nab\u00edz\u00ed sv\u011bt ekologick\u00fdch voz\u016f. V\u00fdstavn\u00ed premi\u00e9ru bude m\u00edt nap\u0159\u00edklad sportovn\u011b st\u0159i\u017een\u00e1\u00a0KIA<\/span><\/span><\/span><span style=\"color: #3f464c;\">\u00a0<\/span><span style=\"color: #3f464c;\"><span style=\"font-family: Roboto, Open Sans, Helvetica, Arial, sans-serif;\"><span style=\"font-size: medium;\">EV6<\/span><\/span><\/span><span style=\"color: #3f464c;\">\u00a0<\/span><span style=\"color: #3f464c;\"><span style=\"font-family: Roboto, Open Sans, Helvetica, Arial, sans-serif;\"><span style=\"font-size: medium;\">GT vych\u00e1zej\u00edc\u00ed z aktu\u00e1ln\u00edho\u00a0Evropsk\u00e9ho<\/span><\/span><\/span><span style=\"color: #3f464c;\">\u00a0<\/span><span style=\"color: #3f464c;\"><span style=\"font-family: Roboto, Open Sans, Helvetica, Arial, sans-serif;\"><span style=\"font-size: medium;\">auta<\/span><\/span><\/span><span style=\"color: #3f464c;\">\u00a0<\/span><span style=\"color: #3f464c;\"><span style=\"font-family: Roboto, Open Sans, Helvetica, Arial, sans-serif;\"><span style=\"font-size: medium;\">roku<\/span><\/span><\/span><span style=\"color: #3f464c;\">\u00a0<\/span><span style=\"color: #3f464c;\"><span style=\"font-family: Roboto, Open Sans, Helvetica, Arial, sans-serif;\"><span style=\"font-size: medium;\">2022. Hork\u00e9 novinky uk\u00e1\u017ee i\u00a0automobilka<\/span><\/span><\/span><span style=\"color: #3f464c;\">\u00a0<\/span><span style=\"color: #3f464c;\"><span style=\"font-family: Roboto, Open Sans, Helvetica, Arial, sans-serif;\"><span style=\"font-size: medium;\">Volkswagen,\u00a0Opel<\/span><\/span><\/span><span style=\"color: #3f464c;\">\u00a0<\/span><span style=\"color: #3f464c;\"><span style=\"font-family: Roboto, Open Sans, Helvetica, Arial, sans-serif;\"><span style=\"font-size: medium;\">a dal\u0161\u00ed sv\u011btov\u00ed\u00a0v\u00fdrobci,\u201c up\u0159es\u0148uje\u00a0\u0159editelka<\/span><\/span><\/span><span style=\"color: #3f464c;\">\u00a0<\/span><span style=\"color: #3f464c;\"><span style=\"font-family: Roboto, Open Sans, Helvetica, Arial, sans-serif;\"><span style=\"font-size: medium;\">veletrhu\u00a0<\/span><\/span><\/span><span style=\"color: #3f464c;\"><span style=\"font-family: Roboto, Open Sans, Helvetica, Arial, sans-serif;\"><span style=\"font-size: medium;\">e-SALON<\/span><\/span><\/span><span style=\"color: #3f464c;\">\u00a0<\/span><span style=\"color: #3f464c;\"><span style=\"font-family: Roboto, Open Sans, Helvetica, Arial, sans-serif;\"><span style=\"font-size: medium;\">Jana Nos\u00e1lov\u00e1.<\/span><\/span><\/span><\/p>\n<p><strong>\u0160koda Vision 7S<\/strong><\/p>\n<p><span style=\"color: #3f464c;\"><span style=\"font-family: Roboto, Open Sans, Helvetica, Arial, sans-serif;\"><span style=\"font-size: medium;\">Hv\u011bzdn\u00fd v\u016fz p\u0159iveze do\u00a0Let\u0148an<\/span><\/span><\/span><span style=\"color: #3f464c;\">\u00a0<\/span><span style=\"color: #3f464c;\"><span style=\"font-family: Roboto, Open Sans, Helvetica, Arial, sans-serif;\"><span style=\"font-size: medium;\">tak\u00e9 dom\u00e1c\u00ed automobilka\u00a0\u0160koda<\/span><\/span><\/span><span style=\"color: #3f464c;\">\u00a0<\/span><span style=\"color: #3f464c;\"><span style=\"font-family: Roboto, Open Sans, Helvetica, Arial, sans-serif;\"><span style=\"font-size: medium;\">Auto, kter\u00e1 p\u0159edstav\u00ed sedmim\u00edstn\u00e9 SUV\u00a0\u0160koda<\/span><\/span><\/span><span style=\"color: #3f464c;\">\u00a0<\/span><span style=\"color: #3f464c;\"><span style=\"font-family: Roboto, Open Sans, Helvetica, Arial, sans-serif;\"><span style=\"font-size: medium;\">Vision 7S s netradi\u010dn\u00edmi prvky v\u00fdbavy i technick\u00fdmi zaj\u00edmavostmi. Krom\u011b tohoto modelu bude prezentovat i r\u016fzn\u00e9 konfigurace modelu\u00a0Enyaq. Chyb\u011bt nebudou ani novinky od zna\u010dek\u00a0Hyundai,\u00a0Ford,\u00a0Peugeot,\u00a0Opel<\/span><\/span><\/span><span style=\"color: #3f464c;\">\u00a0<\/span><span style=\"color: #3f464c;\"><span style=\"font-family: Roboto, Open Sans, Helvetica, Arial, sans-serif;\"><span style=\"font-size: medium;\">nebo DS a dal\u0161\u00edch. P\u0159edstav\u00ed se i novinky z odv\u011btv\u00ed elektrick\u00fdch motorek a sk\u00fatr\u016f elektrokol. K vid\u011bn\u00ed budou tak\u00e9 nov\u00e9 produkty \u0159ady\u00a0v\u00fdrobc\u016f<\/span><\/span><\/span><span style=\"color: #3f464c;\">\u00a0<\/span><span style=\"color: #3f464c;\"><span style=\"font-family: Roboto, Open Sans, Helvetica, Arial, sans-serif;\"><span style=\"font-size: medium;\">dob\u00edjec\u00edch stanic, dodavatel\u016f energi\u00ed \u010di\u00a0v\u00fdrobc\u016f<\/span><\/span><\/span><span style=\"color: #3f464c;\">\u00a0<\/span><span style=\"color: #3f464c;\"><span style=\"font-family: Roboto, Open Sans, Helvetica, Arial, sans-serif;\"><span style=\"font-size: medium;\">manipula\u010dn\u00ed a komun\u00e1ln\u00ed techniky. <\/span><\/span><\/span><\/p>\n<p><span style=\"color: #3f464c;\"><span style=\"font-family: Roboto, Open Sans, Helvetica, Arial, sans-serif;\"><span style=\"font-size: medium;\">\u201eSou\u010d\u00e1st\u00ed v\u00fdstavy budou i dopl\u0148ky, slu\u017eby, aplikace a legislativa spojen\u00e9 s alternativn\u00edmi pohony vozidel. V pr\u016fb\u011bhu v\u00fdstavy bude mo\u017en\u00e9 nav\u0161t\u00edvit i p\u0159edn\u00e1\u0161ky na zaj\u00edmav\u00e1 t\u00e9mata, kter\u00e1 budou ve v\u0161edn\u00edch dnech ur\u010dena odborn\u00e9 a o v\u00edkendu \u0161irok\u00e9 ve\u0159ejnosti,\u201c dod\u00e1v\u00e1 Jana Nos\u00e1lov\u00e1.<\/span><\/span><\/span><\/p>\n<p><strong><span style=\"color: #3f464c;\"><span style=\"font-family: Roboto, Open Sans, Helvetica, Arial, sans-serif;\"><span style=\"font-size: medium;\">Odborn\u00fd program<\/span><\/span><\/span><\/strong><\/p>\n<p><span style=\"color: #3f464c;\"><span style=\"font-family: Roboto, Open Sans, Helvetica, Arial, sans-serif;\"><span style=\"font-size: medium;\">V\u00fdznamnou sou\u010d\u00e1st\u00ed veletrhu\u00a0<\/span><\/span><\/span><span style=\"color: #3f464c;\"><span style=\"font-family: Roboto, Open Sans, Helvetica, Arial, sans-serif;\"><span style=\"font-size: medium;\">e-SALON<\/span><\/span><\/span><span style=\"color: #3f464c;\">\u00a0<\/span><span style=\"color: #3f464c;\"><span style=\"font-family: Roboto, Open Sans, Helvetica, Arial, sans-serif;\"><span style=\"font-size: medium;\">je ka\u017edoro\u010dn\u011b pro\u00a0odborn\u00edky<\/span><\/span><\/span><span style=\"color: #3f464c;\">\u00a0<\/span><span style=\"color: #3f464c;\"><span style=\"font-family: Roboto, Open Sans, Helvetica, Arial, sans-serif;\"><span style=\"font-size: medium;\">ur\u010den\u00e1 konference \u010cIST\u00c1 MOBILITA. Ta i letos prob\u011bhne prvn\u00ed den veletrhu, ve \u010dtvrtek 10. listopadu. Od p\u00e1tku 11. listopadu budou moci v\u00fdstavi\u0161t\u011b v\u00a0Let\u0148anech<\/span><\/span><\/span><span style=\"color: #3f464c;\">\u00a0<\/span><span style=\"color: #3f464c;\"><span style=\"font-family: Roboto, Open Sans, Helvetica, Arial, sans-serif;\"><span style=\"font-size: medium;\">nav\u0161t\u00edvit tak\u00e9 z\u00e1jemci z \u0159ad \u0161irok\u00e9 ve\u0159ejnosti.<br \/>\n<\/span><\/span><\/span><\/p>\n<h1 class=\"western\"><\/h1>\n","protected":false},"excerpt":{"rendered":"<div class=\"mh-excerpt\"><p>\u010ctvrt\u00fd ro\u010dn\u00edk veletrhu \u010dist\u00e9 mobility\u00a0e-SALON prob\u011bhne 10. a\u017e 13. listopadu v PVA\u00a0EXPO\u00a0PRAHA, m\u00e1 b\u00fdt p\u0159ehl\u00eddkou s nejbohat\u0161\u00ed \u00fa\u010dast\u00ed elektromobil\u016f, hybrid\u016f a dal\u0161\u00edch ekologick\u00fdch vozidel a <a class=\"mh-excerpt-more\" href=\"https:\/\/www.automakersnews.cz\/index.php\/2022\/11\/01\/letnansky-e-salon-startuje-10-listopadu\/\" title=\"V\u00fdstava e-Salon zapln\u00ed PVA \u010dty\u0159i haly\">[&#8230;]<\/a><\/p>\n<\/div>","protected":false},"author":1,"featured_media":406,"comment_status":"open","ping_status":"open","sticky":false,"template":"","format":"standard","meta":{"footnotes":""},"categories":[22,28],"tags":[],"class_list":["post-1400","post","type-post","status-publish","format-standard","has-post-thumbnail","hentry","category-elektromobily","category-vystavy"],"_links":{"self":[{"href":"https:\/\/www.automakersnews.cz\/index.php\/wp-json\/wp\/v2\/posts\/1400","targetHints":{"allow":["GET"]}}],"collection":[{"href":"https:\/\/www.automakersnews.cz\/index.php\/wp-json\/wp\/v2\/posts"}],"about":[{"href":"https:\/\/www.automakersnews.cz\/index.php\/wp-json\/wp\/v2\/types\/post"}],"author":[{"embeddable":true,"href":"https:\/\/www.automakersnews.cz\/index.php\/wp-json\/wp\/v2\/users\/1"}],"replies":[{"embeddable":true,"href":"https:\/\/www.automakersnews.cz\/index.php\/wp-json\/wp\/v2\/comments?post=1400"}],"version-history":[{"count":0,"href":"https:\/\/www.automakersnews.cz\/index.php\/wp-json\/wp\/v2\/posts\/1400\/revisions"}],"wp:featuredmedia":[{"embeddable":true,"href":"https:\/\/www.automakersnews.cz\/index.php\/wp-json\/wp\/v2\/media\/406"}],"wp:attachment":[{"href":"https:\/\/www.automakersnews.cz\/index.php\/wp-json\/wp\/v2\/media?parent=1400"}],"wp:term":[{"taxonomy":"category","embeddable":true,"href":"https:\/\/www.automakersnews.cz\/index.php\/wp-json\/wp\/v2\/categories?post=1400"},{"taxonomy":"post_tag","embeddable":true,"href":"https:\/\/www.automakersnews.cz\/index.php\/wp-json\/wp\/v2\/tags?post=1400"}],"curies":[{"name":"wp","href":"https:\/\/api.w.org\/{rel}","templated":true}]}}