{"id":14084,"date":"2023-01-11T12:29:18","date_gmt":"2023-01-11T12:29:18","guid":{"rendered":"https:\/\/www.automakersnews.cz\/?p=14084"},"modified":"2023-01-12T09:38:23","modified_gmt":"2023-01-12T09:38:23","slug":"sebesta-mel-premieru-id-buzz-v-hauchu","status":"publish","type":"post","link":"https:\/\/www.automakersnews.cz\/index.php\/2023\/01\/11\/sebesta-mel-premieru-id-buzz-v-hauchu\/","title":{"rendered":"\u0160ebesta m\u011bl premi\u00e9ru ID. Buzz v Hauchu"},"content":{"rendered":"<p class=\"v1MsoNormal\"><strong>Pra\u017esk\u00e1 Hauch Gallery hostila 11. ledna n\u00e1rodn\u00ed novin\u00e1\u0159skou premi\u00e9ru voz\u016f ID. Buzz a ID. Buzz Cargo, spojenou s testovac\u00edmi j\u00edzdami. Novinky p\u0159edvedl \u0161\u00e9f divize Volkswagen U\u017eitkov\u00e9 vozy v Porsche \u010cR Jakub \u0160ebesta. <\/strong><br \/>\n<!--more--><\/p>\n<p class=\"xmprfx_MsoNormal\">Volkswagen U\u017eitkov\u00e9 vyr\u00e1b\u00ed Buzze v Hannoveru, na stejn\u00e9 lince jako dal\u0161\u00ed dv\u011b podvozkov\u00e9 platformy Transporteru.<\/p>\n<p class=\"xmprfx_MsoNormal\">Zna\u010dka tak\u00e9 11. lednem ofici\u00e1ln\u011b spustila prodej model\u016f na \u010desk\u00e9m trhu. ID. <em>Buzz<\/em>\u00a0a ID.\u00a0<em>Buzz<\/em> Cargo jsou k dispozici k testovac\u00edm j\u00edzd\u00e1m u \u010desk\u00fdch prodejc\u016f.<\/p>\n<p class=\"xmprfx_MsoNormal\">Ceny osobn\u00ed verze ID. <em>Buzz<\/em>\u00a0Pro za\u010d\u00ednaj\u00ed ji\u017e od 1 593 854 K\u010d v\u010detn\u011b DPH. U\u017eitkovou variantu ID.\u00a0<em>Buzz<\/em> Cargo lze objedn\u00e1vat za ceny od 1 236 741 K\u010d bez DPH.<\/p>\n<p><img loading=\"lazy\" decoding=\"async\" class=\"alignnone size-large wp-image-14087\" src=\"http:\/\/www.automakersnews.cz\/wp-content\/uploads\/2023\/01\/VW-ID-Buzz-TK-Hauch-manazeri-1024x768.jpg\" alt=\"\" width=\"1024\" height=\"768\" srcset=\"https:\/\/www.automakersnews.cz\/wp-content\/uploads\/2023\/01\/VW-ID-Buzz-TK-Hauch-manazeri-1024x768.jpg 1024w, https:\/\/www.automakersnews.cz\/wp-content\/uploads\/2023\/01\/VW-ID-Buzz-TK-Hauch-manazeri-300x225.jpg 300w, https:\/\/www.automakersnews.cz\/wp-content\/uploads\/2023\/01\/VW-ID-Buzz-TK-Hauch-manazeri-768x576.jpg 768w, https:\/\/www.automakersnews.cz\/wp-content\/uploads\/2023\/01\/VW-ID-Buzz-TK-Hauch-manazeri-1536x1152.jpg 1536w, https:\/\/www.automakersnews.cz\/wp-content\/uploads\/2023\/01\/VW-ID-Buzz-TK-Hauch-manazeri-678x509.jpg 678w, https:\/\/www.automakersnews.cz\/wp-content\/uploads\/2023\/01\/VW-ID-Buzz-TK-Hauch-manazeri-326x245.jpg 326w, https:\/\/www.automakersnews.cz\/wp-content\/uploads\/2023\/01\/VW-ID-Buzz-TK-Hauch-manazeri-80x60.jpg 80w, https:\/\/www.automakersnews.cz\/wp-content\/uploads\/2023\/01\/VW-ID-Buzz-TK-Hauch-manazeri.jpg 2048w\" sizes=\"auto, (max-width: 1024px) 100vw, 1024px\" \/><\/p>\n<p class=\"xmprfx_MsoNormal\">\u201eV\u00fdhradn\u011b elektricky poh\u00e1n\u011bn\u00fd ID. Buzz m\u00e1 aktu\u00e1ln\u011b v nab\u00eddce jednu motorizaci 77 kwh a p\u011btim\u00edstnou variantu. Vedle toho je v nab\u00eddce verze cargo a p\u0159ijdou i siln\u011bj\u0161\u00ed i slab\u0161\u00ed motory, stejn\u011b jako obyt\u0148\u00e1k California. Po\u010d\u00edt\u00e1me i se sedmim\u00edstnou verz\u00ed,&#8220; uvedl \u0160ebesta.<\/p>\n<p>&#8222;V\u0161ichni autorizovan\u00ed prodejci zna\u010dky maj\u00ed nyn\u00ed minim\u00e1ln\u011b jeden p\u0159edv\u00e1d\u011bc\u00ed stroj (celkem 45 p\u0159edv\u00e1d\u011bc\u00edch kus\u016f v \u010cR), b\u011bhem podzimn\u00edho p\u0159edprodeje se pro Buzz rozhodlo 130 lid\u00ed, ani\u017e by se svezli,&#8220; pochlubil se \u0161\u00e9f zna\u010dky.<\/p>\n<p>\u0160ebesta m\u00e1 rozjedn\u00e1no n\u011bkolik fleetov\u00fdch obchod\u016f, jm\u00e9na z\u00e1jemc\u016f ale neprozradil.<\/p>\n<p>K nab\u00eddce fleetov\u00e9ho segmentu podle n\u011bj bude pat\u0159it je\u0161t\u011b letos speci\u00e1ln\u00ed jednotka pro z\u00e1chran\u00e1\u0159e (sanitn\u00ed i policejn\u00ed vozy).<\/p>\n<figure id=\"attachment_14090\" aria-describedby=\"caption-attachment-14090\" style=\"width: 1024px\" class=\"wp-caption alignnone\"><img loading=\"lazy\" decoding=\"async\" class=\"size-large wp-image-14090\" src=\"http:\/\/www.automakersnews.cz\/wp-content\/uploads\/2023\/01\/VW-ID-Buzz-tiskovka-novinari-Hauch-1024x768.jpg\" alt=\"\" width=\"1024\" height=\"768\" \/><figcaption id=\"caption-attachment-14090\" class=\"wp-caption-text\">Novin\u00e1\u0159sk\u00e1 premi\u00e9ra Buzze v Galerii Hauch, 11. ledna 2023<\/figcaption><\/figure>\n<p>&nbsp;<\/p>\n","protected":false},"excerpt":{"rendered":"<div class=\"mh-excerpt\"><p>Pra\u017esk\u00e1 Hauch Gallery hostila 11. ledna n\u00e1rodn\u00ed novin\u00e1\u0159skou premi\u00e9ru voz\u016f ID. Buzz a ID. Buzz Cargo, spojenou s testovac\u00edmi j\u00edzdami. Novinky p\u0159edvedl \u0161\u00e9f divize Volkswagen <a class=\"mh-excerpt-more\" href=\"https:\/\/www.automakersnews.cz\/index.php\/2023\/01\/11\/sebesta-mel-premieru-id-buzz-v-hauchu\/\" title=\"\u0160ebesta m\u011bl premi\u00e9ru ID. Buzz v Hauchu\">[&#8230;]<\/a><\/p>\n<\/div>","protected":false},"author":1,"featured_media":14086,"comment_status":"open","ping_status":"open","sticky":false,"template":"","format":"standard","meta":{"footnotes":""},"categories":[22,2,29],"tags":[],"class_list":["post-14084","post","type-post","status-publish","format-standard","has-post-thumbnail","hentry","category-elektromobily","category-news","category-tiskovky"],"_links":{"self":[{"href":"https:\/\/www.automakersnews.cz\/index.php\/wp-json\/wp\/v2\/posts\/14084","targetHints":{"allow":["GET"]}}],"collection":[{"href":"https:\/\/www.automakersnews.cz\/index.php\/wp-json\/wp\/v2\/posts"}],"about":[{"href":"https:\/\/www.automakersnews.cz\/index.php\/wp-json\/wp\/v2\/types\/post"}],"author":[{"embeddable":true,"href":"https:\/\/www.automakersnews.cz\/index.php\/wp-json\/wp\/v2\/users\/1"}],"replies":[{"embeddable":true,"href":"https:\/\/www.automakersnews.cz\/index.php\/wp-json\/wp\/v2\/comments?post=14084"}],"version-history":[{"count":0,"href":"https:\/\/www.automakersnews.cz\/index.php\/wp-json\/wp\/v2\/posts\/14084\/revisions"}],"wp:featuredmedia":[{"embeddable":true,"href":"https:\/\/www.automakersnews.cz\/index.php\/wp-json\/wp\/v2\/media\/14086"}],"wp:attachment":[{"href":"https:\/\/www.automakersnews.cz\/index.php\/wp-json\/wp\/v2\/media?parent=14084"}],"wp:term":[{"taxonomy":"category","embeddable":true,"href":"https:\/\/www.automakersnews.cz\/index.php\/wp-json\/wp\/v2\/categories?post=14084"},{"taxonomy":"post_tag","embeddable":true,"href":"https:\/\/www.automakersnews.cz\/index.php\/wp-json\/wp\/v2\/tags?post=14084"}],"curies":[{"name":"wp","href":"https:\/\/api.w.org\/{rel}","templated":true}]}}