{"id":14553,"date":"2023-01-13T09:25:48","date_gmt":"2023-01-13T09:25:48","guid":{"rendered":"https:\/\/www.automakersnews.cz\/?p=14553"},"modified":"2023-01-13T09:25:48","modified_gmt":"2023-01-13T09:25:48","slug":"scania-ma-640-objednavek-na-elektricke-tahace","status":"publish","type":"post","link":"https:\/\/www.automakersnews.cz\/index.php\/2023\/01\/13\/scania-ma-640-objednavek-na-elektricke-tahace\/","title":{"rendered":"Scania m\u00e1 640 objedn\u00e1vek na elektrick\u00e9 taha\u010de"},"content":{"rendered":"<p><span style=\"color: #000000;\"><span lang=\"cs-CZ\"><b>Scania p\u0159edstavila svou novou generaci region\u00e1ln\u00edch elektrick\u00fdch vozidel v \u010dervnu 2022. Od t\u00e9 doby firma eviduje na 640 objedn\u00e1vek a vid\u00ed i znateln\u00fd p\u0159\u00edklon z\u00e1kazn\u00edk\u016f k bezemisn\u00edm \u0159e\u0161en\u00edm.<\/b><\/span><\/span><!--more--><\/p>\n<p><span style=\"color: #000000;\"><span lang=\"cs-CZ\">Od p\u0159edstaven\u00ed \u010dist\u011b elektrick\u00fdch n\u00e1kladn\u00edch vozidel ur\u010den\u00fdch pro region\u00e1ln\u00ed provoz v\u00a0\u010dervnu lo\u0148sk\u00e9ho roku eviduje Scania rostouc\u00ed z\u00e1jem o tato \u0159e\u0161en\u00ed. \u201eV\u00edme, \u017ee s\u00a0na\u0161i \u0161irokou paletou elektrifikovan\u00fdch vozidel m\u016f\u017eeme nab\u00eddnout udr\u017eiteln\u00e9 a lok\u00e1ln\u011b bezemisn\u00ed \u0159e\u0161en\u00ed pro celou \u0159adu na\u0161ich z\u00e1kazn\u00edk\u016f,\u201c \u0159\u00edk\u00e1 Fredrik Allard, Head of Electrification ve Scanii.<\/span><\/span><\/p>\n<p><span style=\"color: #000000;\"><span lang=\"cs-CZ\">Firma ji\u017e eviduje na 640 objedn\u00e1vek a dal\u0161\u00ed p\u0159ib\u00fdvaj\u00ed. Je tedy patrn\u00e9, \u017ee parametry elektrick\u00e9ho region\u00e1ln\u00edho n\u00e1kladn\u00edho vozidla pokr\u00fdvaj\u00ed pot\u0159eby z\u00e1kazn\u00edk\u016f, kte\u0159\u00ed cht\u011bj\u00ed elektrifikovat sv\u00e9 flotily. Vozidlo m\u00e1 baterie s\u00a0instalovanou kapacitou 624 kWh a na jedno nabit\u00ed zvl\u00e1dne ujet a\u017e 350 kilometr\u016f s\u00a0pln\u00fdm zat\u00ed\u017een\u00edm. Pro elektrick\u00e1 vozidla jako takov\u00e1 a mo\u017enost jejich nasazen\u00ed v\u00a0region\u00e1ln\u00edm provozu to znamen\u00e1 z\u00e1sadn\u00ed zm\u011bnu.<\/span><\/span><\/p>\n<p><span style=\"color: #000000;\">\u201e<span lang=\"cs-CZ\">Mno\u017estv\u00ed objednan\u00fdch elektrick\u00fdch vozidel tohoto segmentu p\u0159ed\u010dilo na\u0161e o\u010dek\u00e1v\u00e1n\u00ed. Jsme v\u00a0kontaktu s\u00a0tak\u0159ka 140 z\u00e1kazn\u00edky, kte\u0159\u00ed za\u010dali vozidla ve sv\u00e9 flotile obm\u011b\u0148ovat za elektrick\u00e1. Nepoch\u00e1zej\u00ed p\u0159itom jen z\u00a0Evropy, ale i z\u00a0Mexika. N\u011bkte\u0159\u00ed si nav\u00edc objednali v\u00edce ne\u017e 40 vozidel,\u201c pokra\u010duje Allard.<\/span><\/span><\/p>\n<p><span style=\"color: #000000;\"><span lang=\"cs-CZ\">Italsk\u00e1 p\u0159epravn\u00ed spole\u010dnost Gruber Logistics objednala tak\u0159ka 30 elektrick\u00fdch n\u00e1kladn\u00edch voz\u016f. \u201eScania provedla d\u016fkladnou anal\u00fdzu na\u0161eho provozu a nab\u00eddla n\u00e1m kompletn\u00ed \u0159e\u0161en\u00ed, v\u010detn\u011b dob\u00edjen\u00ed, kter\u00e9 perfektn\u011b sedlo na\u0161im pot\u0159eb\u00e1m. Tato region\u00e1ln\u00ed elektrick\u00e1 vozidla jsou jen za\u010d\u00e1tkem, jsme ale extr\u00e9mn\u011b nad\u0161en\u00ed z\u00a0toho, \u017ee se spole\u010dn\u011b se Scani\u00ed m\u016f\u017eeme vydat cestou elektrifikace na\u0161\u00ed flotily,\u201c \u0159\u00edk\u00e1 Andrea Condotta, Public Affairs &amp; Innovation Manager v Gruber Logistics.<\/span><\/span><\/p>\n<p><span style=\"color: #000000;\"><span lang=\"cs-CZ\">Uveden\u00ed \u010dist\u011b elektrick\u00e9ho region\u00e1ln\u00edho vozidla p\u0159edstavuje pro Scanii a jej\u00ed partnery z\u00e1sadn\u00ed miln\u00edk, vozidlo nab\u00edz\u00ed vy\u0161\u0161\u00ed dojezd a vylep\u0161en\u00ed doznala i cel\u00e1 \u0159ada dal\u0161\u00edch parametr\u016f. K\u00a0dispozici je jako taha\u010d 4&#215;2 nebo podvozek 6&#215;2*4 pro instalaci n\u00e1stavby. V\u00a0nab\u00eddce budou l\u016f\u017ekov\u00e9 kabiny \u0159ad R a S\u00a0a dv\u011b v\u00fdkonov\u00e9 verze: 40 o v\u00fdkonu 400 kW a 45 se 450 kW. Dob\u00edjec\u00ed v\u00fdkon dosahuje a\u017e 375 kW, co\u017e znamen\u00e1, \u017ee jedna hodina nab\u00edjen\u00ed zv\u00fd\u0161\u00ed dojezd p\u0159ibli\u017en\u011b o 270 a\u017e 300 km. To v\u0161e p\u0159edstavuje p\u0159\u00edle\u017eitost k\u00a0p\u0159echodu na lok\u00e1ln\u011b bezemisn\u00ed, udr\u017eiteln\u00e9 \u0159e\u0161en\u00ed pro velk\u00e9 mno\u017estv\u00ed z\u00e1kazn\u00edk\u016f i cel\u00fd p\u0159epravn\u00ed ekosyst\u00e9m.<\/span><\/span><\/p>\n<p><span style=\"color: #000000;\"><span lang=\"cs-CZ\">V\u00fdroba region\u00e1ln\u00edho \u010dist\u011b elektrick\u00e9ho vozidla za\u010dne ve \u010dtvrt\u00e9m \u010dtvrtlet\u00ed tohoto roku.<\/span><\/span><\/p>\n","protected":false},"excerpt":{"rendered":"<div class=\"mh-excerpt\"><p>Scania p\u0159edstavila svou novou generaci region\u00e1ln\u00edch elektrick\u00fdch vozidel v \u010dervnu 2022. Od t\u00e9 doby firma eviduje na 640 objedn\u00e1vek a vid\u00ed i znateln\u00fd p\u0159\u00edklon z\u00e1kazn\u00edk\u016f <a class=\"mh-excerpt-more\" href=\"https:\/\/www.automakersnews.cz\/index.php\/2023\/01\/13\/scania-ma-640-objednavek-na-elektricke-tahace\/\" title=\"Scania m\u00e1 640 objedn\u00e1vek na elektrick\u00e9 taha\u010de\">[&#8230;]<\/a><\/p>\n<\/div>","protected":false},"author":1,"featured_media":14554,"comment_status":"open","ping_status":"open","sticky":false,"template":"","format":"standard","meta":{"footnotes":""},"categories":[22],"tags":[],"class_list":["post-14553","post","type-post","status-publish","format-standard","has-post-thumbnail","hentry","category-elektromobily"],"_links":{"self":[{"href":"https:\/\/www.automakersnews.cz\/index.php\/wp-json\/wp\/v2\/posts\/14553","targetHints":{"allow":["GET"]}}],"collection":[{"href":"https:\/\/www.automakersnews.cz\/index.php\/wp-json\/wp\/v2\/posts"}],"about":[{"href":"https:\/\/www.automakersnews.cz\/index.php\/wp-json\/wp\/v2\/types\/post"}],"author":[{"embeddable":true,"href":"https:\/\/www.automakersnews.cz\/index.php\/wp-json\/wp\/v2\/users\/1"}],"replies":[{"embeddable":true,"href":"https:\/\/www.automakersnews.cz\/index.php\/wp-json\/wp\/v2\/comments?post=14553"}],"version-history":[{"count":0,"href":"https:\/\/www.automakersnews.cz\/index.php\/wp-json\/wp\/v2\/posts\/14553\/revisions"}],"wp:featuredmedia":[{"embeddable":true,"href":"https:\/\/www.automakersnews.cz\/index.php\/wp-json\/wp\/v2\/media\/14554"}],"wp:attachment":[{"href":"https:\/\/www.automakersnews.cz\/index.php\/wp-json\/wp\/v2\/media?parent=14553"}],"wp:term":[{"taxonomy":"category","embeddable":true,"href":"https:\/\/www.automakersnews.cz\/index.php\/wp-json\/wp\/v2\/categories?post=14553"},{"taxonomy":"post_tag","embeddable":true,"href":"https:\/\/www.automakersnews.cz\/index.php\/wp-json\/wp\/v2\/tags?post=14553"}],"curies":[{"name":"wp","href":"https:\/\/api.w.org\/{rel}","templated":true}]}}