{"id":14781,"date":"2023-01-15T19:53:41","date_gmt":"2023-01-15T19:53:41","guid":{"rendered":"https:\/\/www.automakersnews.cz\/?p=14781"},"modified":"2023-01-15T19:54:02","modified_gmt":"2023-01-15T19:54:02","slug":"suzuki-ukazalo-koncept-evx","status":"publish","type":"post","link":"https:\/\/www.automakersnews.cz\/index.php\/2023\/01\/15\/suzuki-ukazalo-koncept-evx\/","title":{"rendered":"Suzuki uk\u00e1zalo koncept eVX v Dill\u00ed"},"content":{"rendered":"<p><strong>Auto Expo 2023 v indick\u00e9m Dill\u00ed p\u0159edstavilo ve sv\u011btov\u00e9 premi\u00e9\u0159e koncept pln\u011b elektrick\u00e9ho SUV od Suzuki s n\u00e1zvem eVX, kter\u00fd je z\u00e1rove\u0148 prvn\u00edm glob\u00e1ln\u011b strategick\u00fdm elektromobilem zna\u010dky.<\/strong><!--more--><\/p>\n<p>Model eVX je elektrick\u00fd v\u016fz kombinuj\u00edc\u00ed siln\u00e9 DNA 4&#215;4\u00a0od\u00a0Suzuki spolu s\u00a0pokro\u010dil\u00fdmi funkcemi nejnov\u011bj\u0161\u00edch BEV. Jeho uveden\u00ed na\u00a0trh je pl\u00e1nov\u00e1no na\u00a0rok 2025.<\/p>\n<p>Exteri\u00e9r vozu je navr\u017een tak, aby byl okam\u017eit\u011b rozpoznateln\u00fd jako SUV zna\u010dky Suzuki. Krom\u011b toho si klade za\u00a0c\u00edl p\u0159en\u00e9st d\u011bdictv\u00ed zna\u010dky, tj. pohon v\u0161ech kol, do\u00a0nov\u00e9 elektrick\u00e9 \u00e9ry a\u00a0poskytnout tak skute\u010dn\u00fd z\u00e1\u017eitek z\u00a0j\u00edzdy v\u00a0SUV.<\/p>\n<p>Prezident Suzuki na\u00a0tiskov\u00e9 konferenci v\u00a0r\u00e1mci Auto Expo 2023\u00a0\u0159ekl: \u201eJsem pot\u011b\u0161en, \u017ee mohu p\u0159edstavit eVX, n\u00e1\u0161 prvn\u00ed glob\u00e1ln\u00ed strategick\u00fd elektromobil. V\u00a0Suzuki Group je \u0159e\u0161en\u00ed glob\u00e1ln\u00edho oteplov\u00e1n\u00ed prioritou, proto mimo jin\u00e9 podporujeme \u0159adu celosv\u011btov\u00fdch opat\u0159en\u00ed ke sn\u00ed\u017een\u00ed emis\u00ed sklen\u00edkov\u00fdch plyn\u016f. Suzuki hodl\u00e1 i\u00a0nad\u00e1le nab\u00edzet kvalitn\u00ed produkty sv\u00fdm z\u00e1kazn\u00edk\u016fm po\u00a0cel\u00e9m sv\u011bt\u011b s\u00a0t\u00edm, \u017ee je p\u0159izp\u016fsob\u00ed podm\u00ednk\u00e1m, ve\u00a0kter\u00fdch budou vozidla vyu\u017e\u00edv\u00e1na.\u201c<\/p>\n<p><strong>Specifikace:<\/strong><br \/>\nCelkov\u00e1 d\u00e9lka 4\u00a0300\u00a0mm x \u0161\u00ed\u0159ka 1\u00a0800\u00a0mm x v\u00fd\u0161ka 1\u00a0600\u00a0mm<br \/>\nKapacita baterie: 60\u00a0kWh<br \/>\nDojezd: 550\u00a0km (m\u011b\u0159eno v\u00a0upraven\u00e9m indick\u00e9m j\u00edzdn\u00edm cyklu (MIDC))<\/p>\n<p><img loading=\"lazy\" decoding=\"async\" class=\"alignnone wp-image-14783\" src=\"http:\/\/www.automakersnews.cz\/wp-content\/uploads\/2023\/01\/Suzuki-ukazalo-koncept-eVX-3-small-300x170.jpg\" alt=\"\" width=\"1052\" height=\"596\" srcset=\"https:\/\/www.automakersnews.cz\/wp-content\/uploads\/2023\/01\/Suzuki-ukazalo-koncept-eVX-3-small-300x170.jpg 300w, https:\/\/www.automakersnews.cz\/wp-content\/uploads\/2023\/01\/Suzuki-ukazalo-koncept-eVX-3-small-1024x580.jpg 1024w, https:\/\/www.automakersnews.cz\/wp-content\/uploads\/2023\/01\/Suzuki-ukazalo-koncept-eVX-3-small-768x435.jpg 768w, https:\/\/www.automakersnews.cz\/wp-content\/uploads\/2023\/01\/Suzuki-ukazalo-koncept-eVX-3-small-1536x870.jpg 1536w, https:\/\/www.automakersnews.cz\/wp-content\/uploads\/2023\/01\/Suzuki-ukazalo-koncept-eVX-3-small-2048x1161.jpg 2048w\" sizes=\"auto, (max-width: 1052px) 100vw, 1052px\" \/><\/p>\n","protected":false},"excerpt":{"rendered":"<div class=\"mh-excerpt\"><p>Auto Expo 2023 v indick\u00e9m Dill\u00ed p\u0159edstavilo ve sv\u011btov\u00e9 premi\u00e9\u0159e koncept pln\u011b elektrick\u00e9ho SUV od Suzuki s n\u00e1zvem eVX, kter\u00fd je z\u00e1rove\u0148 prvn\u00edm glob\u00e1ln\u011b strategick\u00fdm <a class=\"mh-excerpt-more\" href=\"https:\/\/www.automakersnews.cz\/index.php\/2023\/01\/15\/suzuki-ukazalo-koncept-evx\/\" title=\"Suzuki uk\u00e1zalo koncept eVX v Dill\u00ed\">[&#8230;]<\/a><\/p>\n<\/div>","protected":false},"author":4,"featured_media":14782,"comment_status":"open","ping_status":"open","sticky":false,"template":"","format":"standard","meta":{"footnotes":""},"categories":[2,28],"tags":[],"class_list":["post-14781","post","type-post","status-publish","format-standard","has-post-thumbnail","hentry","category-news","category-vystavy"],"_links":{"self":[{"href":"https:\/\/www.automakersnews.cz\/index.php\/wp-json\/wp\/v2\/posts\/14781","targetHints":{"allow":["GET"]}}],"collection":[{"href":"https:\/\/www.automakersnews.cz\/index.php\/wp-json\/wp\/v2\/posts"}],"about":[{"href":"https:\/\/www.automakersnews.cz\/index.php\/wp-json\/wp\/v2\/types\/post"}],"author":[{"embeddable":true,"href":"https:\/\/www.automakersnews.cz\/index.php\/wp-json\/wp\/v2\/users\/4"}],"replies":[{"embeddable":true,"href":"https:\/\/www.automakersnews.cz\/index.php\/wp-json\/wp\/v2\/comments?post=14781"}],"version-history":[{"count":0,"href":"https:\/\/www.automakersnews.cz\/index.php\/wp-json\/wp\/v2\/posts\/14781\/revisions"}],"wp:featuredmedia":[{"embeddable":true,"href":"https:\/\/www.automakersnews.cz\/index.php\/wp-json\/wp\/v2\/media\/14782"}],"wp:attachment":[{"href":"https:\/\/www.automakersnews.cz\/index.php\/wp-json\/wp\/v2\/media?parent=14781"}],"wp:term":[{"taxonomy":"category","embeddable":true,"href":"https:\/\/www.automakersnews.cz\/index.php\/wp-json\/wp\/v2\/categories?post=14781"},{"taxonomy":"post_tag","embeddable":true,"href":"https:\/\/www.automakersnews.cz\/index.php\/wp-json\/wp\/v2\/tags?post=14781"}],"curies":[{"name":"wp","href":"https:\/\/api.w.org\/{rel}","templated":true}]}}