{"id":14786,"date":"2023-01-17T07:59:09","date_gmt":"2023-01-17T07:59:09","guid":{"rendered":"https:\/\/www.automakersnews.cz\/?p=14786"},"modified":"2023-01-17T07:59:21","modified_gmt":"2023-01-17T07:59:21","slug":"dacia-bere-objednavky-na-spring-extreme","status":"publish","type":"post","link":"https:\/\/www.automakersnews.cz\/index.php\/2023\/01\/17\/dacia-bere-objednavky-na-spring-extreme\/","title":{"rendered":"Dacia bere objedn\u00e1vky na Spring Extreme"},"content":{"rendered":"<p><strong>Objedn\u00e1vky na model Spring Extreme s motorizac\u00ed ELECTRIC 65 byly v \u010cesk\u00e9 republice otev\u0159eny 16. ledna, prvn\u00ed dod\u00e1vky jsou napl\u00e1nov\u00e1ny na l\u00e9to.<\/strong><!--more--><\/p>\n<p><strong>SPRING V NOV\u00c9 V\u00ddBAV\u011a EXTREME<\/strong><\/p>\n<p>Na bruselsk\u00e9m autosalonu p\u0159edstav\u00ed Dacia zcela nov\u00fd v\u00fdbavov\u00fd stupe\u0148 Extreme modelu Spring, kter\u00fd otev\u00edr\u00e1 novou \u00farove\u0148 outdooru model\u016f Dacia. Tento stupe\u0148 v\u00fdbavy nakonec dopln\u00ed dal\u0161\u00ed t\u0159i modely zna\u010dky (Sandero Stepway, Duster a Jogger).<\/p>\n<p>Spring Extreme je nyn\u00ed k dispozici ve zcela nov\u00e9 b\u0159idlicov\u011b modr\u00e9 barv\u011b a s \u0159adou exkluzivn\u00edch designov\u00fdch prvk\u016f:<\/p>\n<p><strong>Exteri\u00e9r:<\/strong><\/p>\n<p>&#8211; M\u011bd\u011bn\u011b lakovan\u00e9 prvky na st\u0159e\u0161n\u00edch li\u0161t\u00e1ch, krytech zrc\u00e1tek, st\u0159edech kol, logu Dacia na dve\u0159\u00edch zavaz.\u00a0 prostoru a pod sv\u011btlomety vp\u0159edu<br \/>\n&#8211; Polep s topografick\u00fdm vzorem na p\u0159edn\u00edch a zadn\u00edch dve\u0159\u00edch, odkaz na charakteristick\u00fd \u0161norchl mezi dve\u0159mi a p\u0159edn\u00edmi blatn\u00edky<br \/>\n&#8211; Chr\u00e1ni\u010de dve\u0159n\u00edch prah\u016f s topografick\u00fdm vzorem<\/p>\n<p><strong>Interi\u00e9r:<\/strong><\/p>\n<p>&#8211; P\u0159edn\u00ed gumov\u00e9 roho\u017ee s topografick\u00fdm vzorem<br \/>\n&#8211; M\u011bd\u011bn\u011b lakovan\u00e9 prvky na v\u00fdpln\u00edch p\u0159edn\u00edch dve\u0159\u00ed, okol\u00ed v\u00fddech\u016f klimatizace, okol\u00ed displeje<br \/>\n&#8211; M\u011bd\u011bn\u00e9 pro\u0161\u00edv\u00e1n\u00ed sedadel<br \/>\n&#8211; Znak Dacia Link na p\u0159edn\u00edch sedadlech<\/p>\n<p>Spring ve v\u00fdbav\u011b Extreme nahrazuje v\u00fdbavu Expression, kterou si vybralo v\u00edce ne\u017e 8 z 10 soukrom\u00fdch z\u00e1kazn\u00edk\u016f.<\/p>\n<p><strong>SPRING EXTREME S NOV\u00ddM MOTOREM<\/strong><\/p>\n<p>S uveden\u00edm v\u00fdbavov\u00e9ho stupn\u011b Spring Extreme p\u0159edstavuje Dacia tak\u00e9 novou motorizaci ELECTRIC 65 (65 k\/48 kW).<br \/>\nTento nov\u00fd motor, kter\u00fd je k dispozici pouze pro Spring Extreme, v kombinaci s nov\u00fdm reduktorem, kter\u00fd sni\u017euje ot\u00e1\u010dky motoru a p\u0159en\u00e1\u0161\u00ed to\u010div\u00fd moment na kola, zaji\u0161\u0165uje lep\u0161\u00ed zrychlen\u00ed a akceleraci pro v\u0161estrann\u011bj\u0161\u00ed vyu\u017eit\u00ed.\u00a0 S touto novou motorizac\u00ed ELECTRIC 65 m\u00e1 Spring Extreme dojezd 220 km ve sm\u00ed\u0161en\u00e9m cyklu WLTP (a 305 km v m\u011bstsk\u00e9m cyklu WLTP).<\/p>\n<p>Motor ELECTRIC 45 (45 k\/33 kW) z\u016fst\u00e1v\u00e1 spojen s u\u017eitkovou verz\u00ed Spring Cargo.<\/p>\n<p><strong>SPRING, OPRAVDOV\u00c9 SUCCESS STORY<\/strong><\/p>\n<p>Spring, kter\u00fd byl uveden na trh pro \u0161irokou ve\u0159ejnost na ja\u0159e 2021, zp\u0159\u00edstupnil elektromobilitu co nejv\u011bt\u0161\u00edmu po\u010dtu lid\u00ed. Jednoduch\u00fd, z\u00e1bavn\u00fd a efektivn\u00ed \u2013 je ide\u00e1ln\u00edm spole\u010dn\u00edkem pro ka\u017edodenn\u00ed cestov\u00e1n\u00ed.<\/p>\n<p>Od jeho uveden\u00ed na trh bylo objedn\u00e1no v\u00edce ne\u017e 100 000 kus\u016f, z nich\u017e t\u0159i \u010dtvrtiny p\u0159ipadaj\u00ed na soukrom\u00e9 z\u00e1kazn\u00edky.<\/p>\n<p>Spring je dokonale dimenzov\u00e1n pro m\u011bstsk\u00e9 pot\u0159eby z\u00e1kazn\u00edk\u016f<\/p>\n<p>&#8211; denn\u011b ujedete 31 km pr\u016fm\u011brnou rychlost\u00ed 26 km\/h.<br \/>\n&#8211; v 75 % p\u0159\u00edpad\u016f se Spring nab\u00edj\u00ed doma v pr\u016fm\u011bru 3,5 hodiny.<\/p>\n<p>Spring nav\u00edc dokonale vyhovuje specifikac\u00edm sd\u00edlen\u00ed automobil\u016f a o\u010dek\u00e1v\u00e1n\u00edm profesion\u00e1l\u016f. Od podzimu 2022 je v n\u011bkolika zem\u00edch tento model k dispozici i v u\u017eitkov\u00e9 verzi Spring Cargo, kter\u00e1 umo\u017e\u0148uje profesion\u00e1l\u016fm, \u0159emesln\u00edk\u016fm a doru\u010dovatel\u016fm neomezen\u00fd p\u0159\u00edstup do center m\u011bst. A\u0165 u\u017e jde o doru\u010dov\u00e1n\u00ed tzv.\u00ab na posledn\u00ed m\u00edli \u00bb, nebo obecn\u011bji o p\u0159epravu n\u00e1klad\u016f, Spring Cargo v sob\u011b spojuje \u00fasporu energie a rozpo\u010dtu, j\u00edzdn\u00ed komfort a bezemisn\u00ed mobilitu.<\/p>\n","protected":false},"excerpt":{"rendered":"<div class=\"mh-excerpt\"><p>Objedn\u00e1vky na model Spring Extreme s motorizac\u00ed ELECTRIC 65 byly v \u010cesk\u00e9 republice otev\u0159eny 16. ledna, prvn\u00ed dod\u00e1vky jsou napl\u00e1nov\u00e1ny na l\u00e9to.<\/p>\n<\/div>","protected":false},"author":4,"featured_media":8402,"comment_status":"open","ping_status":"open","sticky":false,"template":"","format":"standard","meta":{"footnotes":""},"categories":[2],"tags":[],"class_list":["post-14786","post","type-post","status-publish","format-standard","has-post-thumbnail","hentry","category-news"],"_links":{"self":[{"href":"https:\/\/www.automakersnews.cz\/index.php\/wp-json\/wp\/v2\/posts\/14786","targetHints":{"allow":["GET"]}}],"collection":[{"href":"https:\/\/www.automakersnews.cz\/index.php\/wp-json\/wp\/v2\/posts"}],"about":[{"href":"https:\/\/www.automakersnews.cz\/index.php\/wp-json\/wp\/v2\/types\/post"}],"author":[{"embeddable":true,"href":"https:\/\/www.automakersnews.cz\/index.php\/wp-json\/wp\/v2\/users\/4"}],"replies":[{"embeddable":true,"href":"https:\/\/www.automakersnews.cz\/index.php\/wp-json\/wp\/v2\/comments?post=14786"}],"version-history":[{"count":0,"href":"https:\/\/www.automakersnews.cz\/index.php\/wp-json\/wp\/v2\/posts\/14786\/revisions"}],"wp:featuredmedia":[{"embeddable":true,"href":"https:\/\/www.automakersnews.cz\/index.php\/wp-json\/wp\/v2\/media\/8402"}],"wp:attachment":[{"href":"https:\/\/www.automakersnews.cz\/index.php\/wp-json\/wp\/v2\/media?parent=14786"}],"wp:term":[{"taxonomy":"category","embeddable":true,"href":"https:\/\/www.automakersnews.cz\/index.php\/wp-json\/wp\/v2\/categories?post=14786"},{"taxonomy":"post_tag","embeddable":true,"href":"https:\/\/www.automakersnews.cz\/index.php\/wp-json\/wp\/v2\/tags?post=14786"}],"curies":[{"name":"wp","href":"https:\/\/api.w.org\/{rel}","templated":true}]}}