{"id":14790,"date":"2023-01-15T19:52:53","date_gmt":"2023-01-15T19:52:53","guid":{"rendered":"https:\/\/www.automakersnews.cz\/?p=14790"},"modified":"2023-01-15T19:52:53","modified_gmt":"2023-01-15T19:52:53","slug":"cez-letos-provozuje-13-fotovoltaickych-elektraren","status":"publish","type":"post","link":"https:\/\/www.automakersnews.cz\/index.php\/2023\/01\/15\/cez-letos-provozuje-13-fotovoltaickych-elektraren\/","title":{"rendered":"\u010cEZ letos provozuje 13 fotovoltaick\u00fdch elektr\u00e1ren"},"content":{"rendered":"<p><strong>Elektr\u00e1rny v dresu \u010cEZ vyr\u00e1b\u011bj\u00ed bezemisn\u00ed elekt\u0159inu ze slune\u010dn\u00edho z\u00e1\u0159en\u00ed na \u00fazem\u00ed \u0161esti kraj\u016f \u010cesk\u00e9 republiky. Ro\u010dn\u011b dodaj\u00ed v z\u00e1vislosti na p\u0159\u00edrodn\u00edch podm\u00ednk\u00e1ch elekt\u0159inu pokr\u00fdvaj\u00edc\u00ed spot\u0159ebu zhruba 40 tis\u00edc \u010desk\u00fdch dom\u00e1cnost\u00ed. <\/strong><!--more--><\/p>\n<p>Tyto elektr\u00e1rny za posledn\u00edch 10 let vyrobily asi 1,3 milionu MWh ekologick\u00e9 elekt\u0159iny a uspo\u0159ily tak 1,18 mil. tun uhl\u00ed a 1,25 mil. tun CO2, kter\u00e9 by vznikly konven\u010dn\u00ed v\u00fdrobou.<\/p>\n<p>\u010cEZ chce i do budoucna p\u0159isp\u00edvat sv\u00fdm d\u00edlem k posilov\u00e1n\u00ed energetick\u00e9 sob\u011bsta\u010dnosti \u010cesk\u00e9 republiky v\u00fdstavbou nov\u00fdch bezemisn\u00edch elektr\u00e1ren. Do roku 2030 pl\u00e1nuje postavit 6 tis\u00edc MW v\u00fdkonu v obnoviteln\u00fdch zdroj\u00edch, v\u011bt\u0161inou pr\u00e1v\u011b ve fotovoltaik\u00e1ch.<\/p>\n","protected":false},"excerpt":{"rendered":"<div class=\"mh-excerpt\"><p>Elektr\u00e1rny v dresu \u010cEZ vyr\u00e1b\u011bj\u00ed bezemisn\u00ed elekt\u0159inu ze slune\u010dn\u00edho z\u00e1\u0159en\u00ed na \u00fazem\u00ed \u0161esti kraj\u016f \u010cesk\u00e9 republiky. Ro\u010dn\u011b dodaj\u00ed v z\u00e1vislosti na p\u0159\u00edrodn\u00edch podm\u00ednk\u00e1ch elekt\u0159inu pokr\u00fdvaj\u00edc\u00ed <a class=\"mh-excerpt-more\" href=\"https:\/\/www.automakersnews.cz\/index.php\/2023\/01\/15\/cez-letos-provozuje-13-fotovoltaickych-elektraren\/\" title=\"\u010cEZ letos provozuje 13 fotovoltaick\u00fdch elektr\u00e1ren\">[&#8230;]<\/a><\/p>\n<\/div>","protected":false},"author":4,"featured_media":11436,"comment_status":"open","ping_status":"open","sticky":false,"template":"","format":"standard","meta":{"footnotes":""},"categories":[2],"tags":[],"class_list":["post-14790","post","type-post","status-publish","format-standard","has-post-thumbnail","hentry","category-news"],"_links":{"self":[{"href":"https:\/\/www.automakersnews.cz\/index.php\/wp-json\/wp\/v2\/posts\/14790","targetHints":{"allow":["GET"]}}],"collection":[{"href":"https:\/\/www.automakersnews.cz\/index.php\/wp-json\/wp\/v2\/posts"}],"about":[{"href":"https:\/\/www.automakersnews.cz\/index.php\/wp-json\/wp\/v2\/types\/post"}],"author":[{"embeddable":true,"href":"https:\/\/www.automakersnews.cz\/index.php\/wp-json\/wp\/v2\/users\/4"}],"replies":[{"embeddable":true,"href":"https:\/\/www.automakersnews.cz\/index.php\/wp-json\/wp\/v2\/comments?post=14790"}],"version-history":[{"count":0,"href":"https:\/\/www.automakersnews.cz\/index.php\/wp-json\/wp\/v2\/posts\/14790\/revisions"}],"wp:featuredmedia":[{"embeddable":true,"href":"https:\/\/www.automakersnews.cz\/index.php\/wp-json\/wp\/v2\/media\/11436"}],"wp:attachment":[{"href":"https:\/\/www.automakersnews.cz\/index.php\/wp-json\/wp\/v2\/media?parent=14790"}],"wp:term":[{"taxonomy":"category","embeddable":true,"href":"https:\/\/www.automakersnews.cz\/index.php\/wp-json\/wp\/v2\/categories?post=14790"},{"taxonomy":"post_tag","embeddable":true,"href":"https:\/\/www.automakersnews.cz\/index.php\/wp-json\/wp\/v2\/tags?post=14790"}],"curies":[{"name":"wp","href":"https:\/\/api.w.org\/{rel}","templated":true}]}}