{"id":14792,"date":"2023-01-15T19:56:46","date_gmt":"2023-01-15T19:56:46","guid":{"rendered":"https:\/\/www.automakersnews.cz\/?p=14792"},"modified":"2023-01-15T19:56:46","modified_gmt":"2023-01-15T19:56:46","slug":"leaseplan-vyladil-sluzby-pro-uzivatele-lcv","status":"publish","type":"post","link":"https:\/\/www.automakersnews.cz\/index.php\/2023\/01\/15\/leaseplan-vyladil-sluzby-pro-uzivatele-lcv\/","title":{"rendered":"LeasePlan vyladil slu\u017eby pro u\u017eivatele LCV"},"content":{"rendered":"<p><strong>LeasePlan dokon\u010dil n\u011bkolikam\u011bs\u00ed\u010dn\u00ed LCV projekt, jeho\u017e c\u00edlem bylo vyladit ve\u0161ker\u00e9 intern\u00ed procesy firmy i jej\u00edch smluvn\u00edch partner\u016f tak, aby zohlednily specifika provozu lehk\u00fdch u\u017eitkov\u00fdch automobil\u016f. <\/strong><!--more--><\/p>\n<p>Audit t\u011bchto proces\u016f nyn\u00ed potvrdil, \u017ee slu\u017eby, kter\u00e9 LeasePlan poskytuje z\u00e1kazn\u00edk\u016fm prost\u0159ednictv\u00edm sv\u00e9ho full-service operativn\u00edho leasingu, jsou pln\u011b pou\u017eiteln\u00e9 i pro LCV vozidla, konkr\u00e9tn\u011b pro automobily kategorie N1.<\/p>\n<p>&#8222;Uv\u011bdomujeme si, \u017ee existuje rozd\u00edl mezi pou\u017e\u00edv\u00e1n\u00edm osobn\u00edch aut a lehk\u00fdch u\u017eitkov\u00fdch voz\u016f. P\u0159evoz n\u00e1kladu je toti\u017e nezbytnou podm\u00ednkou pro podnik\u00e1n\u00ed. V p\u0159\u00edpad\u011b, \u017ee je tento p\u0159evoz p\u0159eru\u0161en, doch\u00e1z\u00ed na stran\u011b z\u00e1kazn\u00edka k okam\u017eit\u00fdm ztr\u00e1t\u00e1m. V\u0161echny \u00fapravy a zm\u011bny proces\u016f, kter\u00e9 jsme uskute\u010dnili, povedou nejen ke zrychlen\u00ed a zkvalitn\u011bn\u00ed postup\u016f, ale z\u00e1rove\u0148 u\u017eivatel\u016fm dodaj\u00ed jistotu, \u017ee je nikdy nenech\u00e1me ve \u0161tychu,\u201c vysv\u011btluje Jan Petr\u00e1\u0148, mana\u017eer spole\u010dnosti LeasePlan \u010cesk\u00e1 republika pro oblast LCV vozidel.<\/p>\n<p>Tuzemsk\u00e1 pobo\u010dka LeasePlanu m\u00e1 v z\u00e1kaznick\u00e9 flotile \u0161k\u00e1lu u\u017eitkov\u00fdch automobil\u016f. V kategorii N1, tedy u\u017eitkov\u00fdch voz\u016f s hmotnost\u00ed do 3,5 tuny, jsou zastoupeny tradi\u010dn\u00ed vany neboli furgony, ale tak\u00e9 vozidla s n\u00e1stavbami, jako jsou valn\u00edky a skl\u00e1p\u011b\u010de, i podvozky se sk\u0159\u00ed\u0148ov\u00fdmi n\u00e1stavbami s chlazen\u00edm, p\u0159\u00edpadn\u011b hydraulick\u00fdm \u010delem. V\u00fdjimkou nejsou automobily s d\u00edlensk\u00fdmi i jin\u00fdmi vestavbami.<\/p>\n<p>\u201eNa\u0161i odborn\u00edci jsou p\u0159ipraveni poradit s v\u00fdb\u011brem vhodn\u00e9ho podvozku, s volbou n\u00e1stavby nebo vestavby i agreg\u00e1tu. Kdy\u017e je vozidlo s n\u00e1stavbou a agreg\u00e1tem spr\u00e1vn\u011b technicky navr\u017een\u00e9, jsou vytvo\u0159eny ide\u00e1ln\u00ed p\u0159edpoklady pro jeho \u00fasp\u011b\u0161n\u00fd p\u0159eprodej po ukon\u010den\u00ed operativn\u00edho leasingu, co\u017e m\u00e1 p\u0159\u00edzniv\u00fd vliv na v\u00fd\u0161i pravideln\u00fdch m\u011bs\u00ed\u010dn\u00edch spl\u00e1tek,\u201c dod\u00e1v\u00e1 Jan Petr\u00e1\u0148.<\/p>\n<p>Velk\u00fdm probl\u00e9mem automobilov\u00e9ho trhu jsou v sou\u010dasnosti dlouh\u00e9 dodac\u00ed lh\u016fty nov\u00fdch vozidel, plat\u00ed to i pro oblast LCV. LeasePlan proto pr\u016fb\u011b\u017en\u011b p\u0159edobjedn\u00e1v\u00e1 dostate\u010dn\u00e9 mno\u017estv\u00ed u\u017eitkov\u00fdch voz\u016f. D\u00edky tomu se jeho klienti do\u010dkaj\u00ed aut mnohem rychleji, ne\u017e je dnes obvykl\u00e9.<\/p>\n<p>Pro n\u00e1sledn\u00e9 bezprobl\u00e9mov\u00e9 pou\u017e\u00edv\u00e1n\u00ed vozidel je nezbytn\u00e1 spr\u00e1vn\u011b nastaven\u00e1 servisn\u00ed s\u00ed\u0165. Pro oblast podvozk\u016f m\u00e1 LeasePlan nasmlouv\u00e1ny osv\u011bd\u010den\u00e9 partnery, kte\u0159\u00ed disponuj\u00ed odpov\u00eddaj\u00edc\u00ed v\u00fd\u0161kou vrat, dostate\u010dnou kapacitou servisn\u00edch zved\u00e1k\u016f i dostupnost\u00ed n\u00e1hradn\u00edch d\u00edl\u016f.<\/p>\n<p>Dal\u0161\u00edm po\u017eadavkem je kvalita a rychlost proveden\u00ed, LeasePlan p\u0159i v\u00fdb\u011bru opravce p\u0159ihl\u00ed\u017e\u00ed i k mo\u017enosti servisovat mimo obvyklou pracovn\u00ed dobu, aby vozy zbyte\u010dn\u011b nest\u00e1ly v \u010dasech, kdy maj\u00ed sv\u00e9mu u\u017eivateli vyd\u011bl\u00e1vat pen\u00edze. Pro vozidla s n\u00e1stavbou anebo agreg\u00e1tem spole\u010dnost vy\u017eaduje zaji\u0161t\u011bn\u00ed servisn\u00edch prac\u00ed na t\u011bchto komponentech.<\/p>\n<p>LeasePlan vypiloval tak\u00e9 asisten\u010dn\u00ed slu\u017eby pro u\u017eivatele LCV vozidel. U\u017e v z\u00e1kladn\u00ed verzi poskytuje asistenci pro vozidla s n\u00e1stavbami a agreg\u00e1ty. Jako z\u00e1p\u016fj\u010dn\u00ed vozy p\u0159i d\u00e9letrvaj\u00edc\u00edm servisu i po nehod\u011b nab\u00edz\u00ed u\u017eitkov\u00e1 auta ve verzi van \u010di furgon v z\u00e1vislosti na velikosti po\u0161kozen\u00e9ho automobilu.<\/p>\n<p>\u201e\u0158e\u0161en\u00ed m\u00e1me p\u0159ipraven\u00e1 i pro komplikovan\u011bj\u0161\u00ed proveden\u00ed vozidel. Na\u0161e motto LCV is not a car (U\u017eitkov\u00e9 vozidlo nen\u00ed stejn\u00e9 jako osobn\u00ed) bereme v\u00e1\u017en\u011b,\u201c konstatuje Jan Petr\u00e1\u0148.<\/p>\n","protected":false},"excerpt":{"rendered":"<div class=\"mh-excerpt\"><p>LeasePlan dokon\u010dil n\u011bkolikam\u011bs\u00ed\u010dn\u00ed LCV projekt, jeho\u017e c\u00edlem bylo vyladit ve\u0161ker\u00e9 intern\u00ed procesy firmy i jej\u00edch smluvn\u00edch partner\u016f tak, aby zohlednily specifika provozu lehk\u00fdch u\u017eitkov\u00fdch automobil\u016f.<\/p>\n<\/div>","protected":false},"author":4,"featured_media":14824,"comment_status":"open","ping_status":"open","sticky":false,"template":"","format":"standard","meta":{"footnotes":""},"categories":[2],"tags":[],"class_list":["post-14792","post","type-post","status-publish","format-standard","has-post-thumbnail","hentry","category-news"],"_links":{"self":[{"href":"https:\/\/www.automakersnews.cz\/index.php\/wp-json\/wp\/v2\/posts\/14792","targetHints":{"allow":["GET"]}}],"collection":[{"href":"https:\/\/www.automakersnews.cz\/index.php\/wp-json\/wp\/v2\/posts"}],"about":[{"href":"https:\/\/www.automakersnews.cz\/index.php\/wp-json\/wp\/v2\/types\/post"}],"author":[{"embeddable":true,"href":"https:\/\/www.automakersnews.cz\/index.php\/wp-json\/wp\/v2\/users\/4"}],"replies":[{"embeddable":true,"href":"https:\/\/www.automakersnews.cz\/index.php\/wp-json\/wp\/v2\/comments?post=14792"}],"version-history":[{"count":0,"href":"https:\/\/www.automakersnews.cz\/index.php\/wp-json\/wp\/v2\/posts\/14792\/revisions"}],"wp:featuredmedia":[{"embeddable":true,"href":"https:\/\/www.automakersnews.cz\/index.php\/wp-json\/wp\/v2\/media\/14824"}],"wp:attachment":[{"href":"https:\/\/www.automakersnews.cz\/index.php\/wp-json\/wp\/v2\/media?parent=14792"}],"wp:term":[{"taxonomy":"category","embeddable":true,"href":"https:\/\/www.automakersnews.cz\/index.php\/wp-json\/wp\/v2\/categories?post=14792"},{"taxonomy":"post_tag","embeddable":true,"href":"https:\/\/www.automakersnews.cz\/index.php\/wp-json\/wp\/v2\/tags?post=14792"}],"curies":[{"name":"wp","href":"https:\/\/api.w.org\/{rel}","templated":true}]}}