{"id":14872,"date":"2023-01-15T22:34:52","date_gmt":"2023-01-15T22:34:52","guid":{"rendered":"https:\/\/www.automakersnews.cz\/?p=14872"},"modified":"2023-01-15T22:34:52","modified_gmt":"2023-01-15T22:34:52","slug":"zemrel-byvaly-sef-vw-carl-hahn","status":"publish","type":"post","link":"https:\/\/www.automakersnews.cz\/index.php\/2023\/01\/15\/zemrel-byvaly-sef-vw-carl-hahn\/","title":{"rendered":"Zem\u0159el b\u00fdval\u00fd \u0161\u00e9f VW Carl Hahn"},"content":{"rendered":"<div class=\"gutenberg-content large-first-p postContent\" data-readtime=\"1\">\n<p><strong>N\u011bmeck\u00e1 ZDF informovala o \u00famrt\u00ed Carla Horsta Hahna, b\u00fdval\u00e9ho \u0161\u00e9fa Volkswagen Group. Zem\u0159el v sobotu ve v\u011bku 96 let.<\/strong><\/p>\n<p>V \u010dele skupiny st\u00e1l od roku 1982 do 1993. Za dek\u00e1du dok\u00e1zal zv\u00fd\u0161it produkci aut ze dvou milion\u016f na t\u0159i a\u00a0p\u016fl milionu, kdy\u017e z\u00a0\u010dela odch\u00e1zel.<\/p>\n<p>\u010cesko si ho ale bude pamatovat jinak. Rod\u00e1k ze Sask\u00e9 Kamenice m\u011bl \u010desk\u00e9 ko\u0159eny a\u00a0k\u00a0tuzemsk\u00e9mu byznysu m\u011bl bl\u00edzk\u00fd vztah. Pr\u00e1v\u011b za jeho p\u016fsoben\u00ed v\u00a0\u010dele n\u011bmeck\u00e9ho automobilov\u00e9ho giganta se dohodl vstup \u0160kodovky do Volkswagenu.<\/p>\n<p>Smlouvu podepisoval 28. b\u0159ezna 1991 tehdej\u0161\u00ed ministr pr\u016fmyslu Jan Vrba a pr\u00e1v\u011b Hahn. N\u011bmeck\u00fd mana\u017eer pak na p\u0159evzet\u00ed vzpom\u00ednal i v \u017eivotopisu Moje l\u00e9ta s Volkswagenem, kter\u00fd vy\u0161el rovn\u011b\u017e v \u010de\u0161tin\u011b.<\/p>\n<p><strong>Zdroj: ZDF, Forbes<\/strong><!--more--><\/p>\n<\/div>\n","protected":false},"excerpt":{"rendered":"<div class=\"mh-excerpt\"><p>N\u011bmeck\u00e1 ZDF informovala o \u00famrt\u00ed Carla Horsta Hahna, b\u00fdval\u00e9ho \u0161\u00e9fa Volkswagen Group. Zem\u0159el v sobotu ve v\u011bku 96 let. V \u010dele skupiny st\u00e1l od roku <a class=\"mh-excerpt-more\" href=\"https:\/\/www.automakersnews.cz\/index.php\/2023\/01\/15\/zemrel-byvaly-sef-vw-carl-hahn\/\" title=\"Zem\u0159el b\u00fdval\u00fd \u0161\u00e9f VW Carl Hahn\">[&#8230;]<\/a><\/p>\n<\/div>","protected":false},"author":1,"featured_media":14873,"comment_status":"open","ping_status":"open","sticky":false,"template":"","format":"standard","meta":{"footnotes":""},"categories":[3],"tags":[],"class_list":["post-14872","post","type-post","status-publish","format-standard","has-post-thumbnail","hentry","category-personalie"],"_links":{"self":[{"href":"https:\/\/www.automakersnews.cz\/index.php\/wp-json\/wp\/v2\/posts\/14872","targetHints":{"allow":["GET"]}}],"collection":[{"href":"https:\/\/www.automakersnews.cz\/index.php\/wp-json\/wp\/v2\/posts"}],"about":[{"href":"https:\/\/www.automakersnews.cz\/index.php\/wp-json\/wp\/v2\/types\/post"}],"author":[{"embeddable":true,"href":"https:\/\/www.automakersnews.cz\/index.php\/wp-json\/wp\/v2\/users\/1"}],"replies":[{"embeddable":true,"href":"https:\/\/www.automakersnews.cz\/index.php\/wp-json\/wp\/v2\/comments?post=14872"}],"version-history":[{"count":0,"href":"https:\/\/www.automakersnews.cz\/index.php\/wp-json\/wp\/v2\/posts\/14872\/revisions"}],"wp:featuredmedia":[{"embeddable":true,"href":"https:\/\/www.automakersnews.cz\/index.php\/wp-json\/wp\/v2\/media\/14873"}],"wp:attachment":[{"href":"https:\/\/www.automakersnews.cz\/index.php\/wp-json\/wp\/v2\/media?parent=14872"}],"wp:term":[{"taxonomy":"category","embeddable":true,"href":"https:\/\/www.automakersnews.cz\/index.php\/wp-json\/wp\/v2\/categories?post=14872"},{"taxonomy":"post_tag","embeddable":true,"href":"https:\/\/www.automakersnews.cz\/index.php\/wp-json\/wp\/v2\/tags?post=14872"}],"curies":[{"name":"wp","href":"https:\/\/api.w.org\/{rel}","templated":true}]}}