{"id":14932,"date":"2023-01-16T10:14:27","date_gmt":"2023-01-16T10:14:27","guid":{"rendered":"https:\/\/www.automakersnews.cz\/?p=14932"},"modified":"2023-01-16T10:14:27","modified_gmt":"2023-01-16T10:14:27","slug":"usti-testuje-elektrobus-scania-citywide","status":"publish","type":"post","link":"https:\/\/www.automakersnews.cz\/index.php\/2023\/01\/16\/usti-testuje-elektrobus-scania-citywide\/","title":{"rendered":"\u00dast\u00ed testuje elektrobus Scania Citywide"},"content":{"rendered":"<p class=\"western\"><span style=\"font-size: medium;\"><span lang=\"cs-CZ\"><b>Dopravn\u00ed podnik \u00dast\u00ed nad Labem p\u0159evzal 16. ledna 2023 k dvoum\u011bs\u00ed\u010dn\u00edmu testov\u00e1n\u00ed \u010dist\u011b elektrick\u00fd a n\u00edzkopodla\u017en\u00ed autobus Scania Citywide LF. Firma chce z tohoto testov\u00e1n\u00ed z\u00edskat zku\u0161enosti s provozem jednoho z mo\u017en\u00fdch \u0159e\u0161en\u00edch p\u0159i p\u0159echodu na 100% bezemisn\u00ed dopravu.<\/b><\/span><\/span><!--more--><\/p>\n<p class=\"western\"><span style=\"font-size: medium;\"><span lang=\"cs-CZ\"> Elektrick\u00e1 Scania je sou\u010d\u00e1st\u00ed nejnov\u011bj\u0161\u00ed generace autobus\u016f \u0161v\u00e9dsk\u00e9ho v\u00fdrobce a d\u00edky osmi bateri\u00edm s\u00a0celkovou kapacitou 264 kWh nab\u00edz\u00ed dostate\u010dn\u00fd dojezd na jedno nabit\u00ed pro celou \u0159adu m\u011bstsk\u00fdch nebo p\u0159\u00edm\u011bstsk\u00fdch linek.<\/span><\/span><\/p>\n<p class=\"western\"><span style=\"font-size: medium;\"><span lang=\"cs-CZ\">Spole\u010dnost Scania nab\u00eddla dopravn\u00edmu podniku mo\u017enost vozidlo testovat v\u00a0provozu na b\u011b\u017en\u00fdch link\u00e1ch MHD. Autobus bude pr\u016fb\u011b\u017en\u011b nasazov\u00e1n na linky MHD \u010d. 2, 3, 5, 7, 9, 12, 13, 15, 16, 17, 18, 19, 23, 27 a 62 dle aktu\u00e1ln\u00ed denn\u00ed v\u00fdpravy. Pr\u016fm\u011brn\u011b v\u00a0provozu ujede ka\u017ed\u00fd den 138 km.<\/span><\/span><\/p>\n<p class=\"western\"><span style=\"font-size: medium;\"><span lang=\"cs-CZ\">,,<\/span><span lang=\"cs-CZ\"><i>Dle na\u0161eho n\u00e1zoru jsme si autobus zap\u016fj\u010dili v\u00a0ide\u00e1ln\u00ed dob\u011b pro testov\u00e1n\u00ed bateriov\u00e9ho elektrick\u00e9ho vozidla, tedy v\u00a0zim\u011b, co\u017e je pro takov\u00fd v\u016fz nejn\u00e1ro\u010dn\u011bj\u0161\u00ed obdob\u00ed. Cestuj\u00edc\u00edm chceme uk\u00e1zat jednu z\u00a0mo\u017enost\u00ed v\u00fdvoje bezemisn\u00ed m\u011bstsk\u00e9 hromadn\u00e9 dopravy, a z\u00e1rove\u0148 tak z\u00edskat z\u00a0provozu cenn\u00e9 zku\u0161enosti, kter\u00e9 mohou b\u00fdt v\u00a0budoucnu rozhoduj\u00edc\u00ed p\u0159i n\u00e1kupu dal\u0161\u00edch vozidel a budov\u00e1n\u00ed p\u0159\u00edpadn\u00e9 infrastruktury,<\/i><\/span><span lang=\"cs-CZ\">\u201c uvedl Jakub Kol\u00e1\u0159, provozn\u011b technick\u00fd n\u00e1m\u011bstek v\u00fdkonn\u00e9 \u0159editelky dopravn\u00edho podniku.<\/span><\/span><\/p>\n<p class=\"western\">\u201e<span style=\"font-size: medium;\"><span lang=\"cs-CZ\"><i>Jsem r\u00e1d, \u017ee na\u0161e lok\u00e1ln\u011b bezemisn\u00ed vozidlo m\u016f\u017ee p\u0159inejmen\u0161\u00edm po dobu testu p\u0159isp\u011bt ke zlep\u0161en\u00ed ovzdu\u0161\u00ed v\u00a0\u00dast\u00ed nad Labem. V podob\u011b elektrick\u00e9ho n\u00edzkopodla\u017en\u00edho autobusu Scania Citywide LF si mohou z\u00e1stupci dopravn\u00edho podniku, jeho \u0159idi\u010di i cestuj\u00edc\u00ed vyzkou\u0161et to nejlep\u0161\u00ed, co nab\u00edz\u00edme pro m\u011bstsk\u00e9 autobusov\u00e9 linky,\u201c<\/i><\/span><span lang=\"cs-CZ\"> \u0159\u00edk\u00e1 Luk\u00e1\u0161 Martin\u016f, mana\u017eer prodeje autobus\u016f Scania (CZ &amp; SK).<\/span><\/span><\/p>\n<p class=\"western\"><span style=\"font-size: medium;\"><span lang=\"cs-CZ\">Scania Citywide LF je z\u00e1stupcem nejnov\u011bj\u0161\u00ed generace autobus\u016f zna\u010dky. Zvenku se vyzna\u010duje minimalistick\u00fdm modern\u00edm designem a je postavena na zcela nov\u00e9m podvozku. Krom\u011b \u010dist\u011b elektrick\u00e9 verze se nab\u00edz\u00ed s\u00a0celou \u0159adu pohonn\u00fdch \u00fastroj\u00ed. K\u00a0dispozici je tedy i s\u00a0konven\u010dn\u00edmi diesely, plynov\u00fdmi motory a rovn\u011b\u017e v\u00a0hybridn\u00ed podob\u011b. <\/span><\/span><\/p>\n<p class=\"western\"><span style=\"font-size: medium;\"><span lang=\"cs-CZ\">Mezi priority p\u0159i v\u00fdvoji autobusu jako takov\u00e9ho pat\u0159ilo sn\u00ed\u017een\u00ed spot\u0159eby paliva, co nejvy\u0161\u0161\u00ed bezpe\u010dnost pro \u0159idi\u010de i cestuj\u00edc\u00ed a design\u00e9\u0159i si dali z\u00e1le\u017eet rovn\u011b\u017e na interi\u00e9ru vozidla. \u0158idi\u010di tak mohou ocenit pohodlnou ergonomickou seda\u010dku ISRI s\u00a0vyh\u0159\u00edv\u00e1n\u00edm i celkov\u00e9 proveden\u00ed palubn\u00ed desky s\u00a0p\u0159ehledn\u00fdm rozm\u00edst\u011bn\u00edm snadno dostupn\u00fdch ovlada\u010d\u016f.<\/span><\/span><\/p>\n<p class=\"western\"><span style=\"font-size: medium;\"><span lang=\"cs-CZ\">Materi\u00e1ly v\u00a0prostoru pro cestuj\u00edc\u00ed minimalizuj\u00ed hlu\u010dnost a jeho design vytv\u00e1\u0159\u00ed sv\u011btl\u00e9, prostorn\u00e9 a p\u0159\u00edv\u011btiv\u00e9 prost\u0159ed\u00ed pro pasa\u017e\u00e9ry. Pohodu na palub\u011b nav\u00edc zv\u00fd\u0161\u00ed nez\u00e1visl\u00e9 topen\u00ed a klimatizace. <\/span><\/span><\/p>\n<p class=\"western\"><span style=\"font-size: medium;\"><span lang=\"cs-CZ\">Bezpe\u010dnosti prosp\u011bj\u00ed i \u00fa\u010dinn\u00e9 Bi-LED sv\u011btlomety a asisten\u010dn\u00ed syst\u00e9my. Autobusu nechyb\u00ed varov\u00e1n\u00ed p\u0159ed vozidly ve slep\u00e9m \u00fahlu a funkce sn\u00ed\u017een\u00ed rizika st\u0159etu se zraniteln\u00fdmi \u00fa\u010dastn\u00edky silni\u010dn\u00edho provozu. <\/span><\/span><\/p>\n<p class=\"western\"><span style=\"font-size: medium;\"><span lang=\"cs-CZ\">Elektrick\u00e1 verze je vybavena\u00a0celkem osmi bateriemi o souhrnn\u00e9 kapacit\u011b 264 kWh, \u010dty\u0159i jsou um\u00edst\u011bn\u00e9 na st\u0159e\u0161e, \u010dty\u0159i v\u00a0zadn\u00ed \u010d\u00e1sti autobusu. Na jedno nabit\u00ed je v\u00a0z\u00e1vislosti na provozu a vn\u011bj\u0161\u00edch podm\u00ednk\u00e1ch mo\u017en\u00e9 ujet a\u017e 220 kilometr\u016f. Nab\u00edjen\u00ed je mo\u017en\u00e9 pomoc\u00ed dob\u00edjec\u00ed stanice se stejnosm\u011brn\u00fdm proudem o v\u00fdkonu a\u017e 150 kW, p\u0159\u00edpadn\u011b s\u00a0vyu\u017eit\u00edm pantografu o v\u00fdkonu a\u017e 300 kW.<\/span><\/span><\/p>\n<h2 class=\"western\"><span lang=\"cs-CZ\">S\u00a0dob\u00edjen\u00edm pom\u016f\u017ee d\u00e1lkov\u011b \u0159\u00edzen\u00e1 stanice <\/span><\/h2>\n<p class=\"western\"><span style=\"font-size: medium;\"><span lang=\"cs-CZ\">Dopravn\u00ed podnik m\u011bsta \u00dast\u00ed nad Labem bude vozidlo nab\u00edjet v\u00a0are\u00e1lu autobusov\u00e9 vozovny v\u00a0P\u0159edlic\u00edch, a to v\u00a0pr\u016fb\u011bhu dopoledn\u00ed p\u0159est\u00e1vky a v\u00a0no\u010dn\u00edch hodin\u00e1ch. Scania krom\u011b samotn\u00e9ho vozidla dod\u00e1 k\u00a0testov\u00e1n\u00ed i p\u0159enosnou dob\u00edjec\u00ed stanici Kempower T-Series vybavenou syst\u00e9mem \u0159\u00edzen\u00ed dob\u00edjen\u00ed se vzd\u00e1len\u00fdm p\u0159\u00edstupem. <\/span><span lang=\"cs-CZ\"><i>\u201eD\u00edky tomuto syst\u00e9mu je mo\u017en\u00e9 na d\u00e1lku \u0159\u00eddit dob\u00edjen\u00ed, nastavovat \u010dasov\u00e9 programy, nap\u0159\u00edklad z\u00a0d\u016fvodu nab\u00edjen\u00ed v\u00a0n\u00edzk\u00e9m tarifu, sledovat spot\u0159ebu elekt\u0159iny, p\u0159\u00edpadn\u011b nastavit dob\u00edjec\u00ed v\u00fdkon tak, aby nedo\u0161lo k\u00a0p\u0159et\u00ed\u017een\u00ed elektrick\u00e9 s\u00edt\u011b, nebo p\u0159ekro\u010den\u00ed rezervovan\u00e9 kapacity v\u00a0depu. Autobus s\u00a0pln\u011b vybitou bateri\u00ed se na t\u00e9to stanici dobije za p\u011bt hodin,\u201c<\/i><\/span><span lang=\"cs-CZ\"> \u0159\u00edk\u00e1 Marcel Demsk\u00fd, E-mobility Infrastructure Manager Scania CER.<\/span><\/span><\/p>\n<p class=\"western\">\u201e<span style=\"font-size: medium;\"><span lang=\"cs-CZ\"><i>Po p\u0159ed\u00e1n\u00ed vozidla Dopravn\u00edmu podniku m\u011bsta \u00dast\u00ed nad Labem prob\u011bhne rovn\u011b\u017e d\u016fsledn\u00e9 technick\u00e9 \u0161kolen\u00ed \u0159idi\u010d\u016f a dal\u0161\u00edho person\u00e1lu, aby dok\u00e1zali naplno vyu\u017e\u00edt mo\u017enosti tohoto elektrick\u00e9ho autobusu a dob\u00edjec\u00edho syst\u00e9mu,\u201c<\/i><\/span><span lang=\"cs-CZ\"> dopl\u0148uje Luk\u00e1\u0161 Martin\u016f. Cestuj\u00edc\u00ed v\u00a0\u00dast\u00ed nad Labem si budou moci j\u00edzdu \u010dist\u011b elektrick\u00fdm autobusem Scania Citywide LF vyzkou\u0161et a\u017e do 17. b\u0159ezna 2023. Po na\u010dten\u00ed QR k\u00f3du vylepen\u00e9ho ve vozidle budou nav\u00edc v\u0161ichni cestuj\u00edc\u00ed moci ohodnotit svoji zku\u0161enost s\u00a0elektrick\u00fdm autobusem.<\/span><\/span><\/p>\n<p class=\"western\">\u201e<span style=\"font-size: medium;\"><span lang=\"cs-CZ\"><i>C\u00edlem testov\u00e1n\u00ed je zejm\u00e9na ov\u011b\u0159en\u00ed provozn\u011b technick\u00fdch parametr\u016f tohoto druhu pohonu a jeho mo\u017enost\u00ed nab\u00edjen\u00ed. Data, kter\u00e1 z\u00edsk\u00e1me z\u00a0provozu, n\u00e1m ov\u011b\u0159\u00ed vhodnost tohoto pohonu do na\u0161eho prost\u0159ed\u00ed. Z\u00edsk\u00e1me tak\u00e9 p\u0159esnou p\u0159edstavu o n\u00e1kladech na elektrickou energii pot\u0159ebnou pro provoz vozidla, pot\u0159ebu technick\u00e9 infrastruktury a n\u00e1ro\u010dnost p\u0159\u00edpadn\u00e9 \u00fadr\u017eby vozidla. Jeden z\u00a0d\u016fle\u017eit\u00fdch v\u00fdsledk\u016f testov\u00e1n\u00ed autobusu je i komfort pro cestuj\u00edc\u00ed a jejich n\u00e1zor,<\/i><\/span><span lang=\"cs-CZ\">\u201c uvedla Simona Mohacsi, v\u00fdkonn\u00e1 \u0159editelka dopravn\u00edho podniku. Pro dopravn\u00ed podnik mohou bateriov\u00e9 elektrobusy p\u0159edstavovat mo\u017enost dopln\u011bn\u00ed pl\u00e1novan\u00e9 flotily vod\u00edkov\u00fdch autobus\u016f.<\/span><\/span><\/p>\n<h2 class=\"western\"><span lang=\"cs-CZ\">Specifikace testovan\u00e9ho autobusu Scania Citywide LF:<\/span><\/h2>\n<p class=\"western\"><span style=\"font-size: medium;\"><span lang=\"cs-CZ\"><u><b>Pohonn\u00e9 \u00fastroj\u00ed:<\/b><\/u><\/span><span lang=\"cs-CZ\"><b><br \/>\nV\u00fdkon elektromotoru:<\/b><\/span><span lang=\"cs-CZ\"> 250 kW st\u00e1l\u00fd, 300 kW \u0161pi\u010dkov\u00fd<br \/>\n<\/span><span lang=\"cs-CZ\"><b>To\u010div\u00fd moment:<\/b><\/span><span lang=\"cs-CZ\"> 2100 Nm<br \/>\n<\/span><span lang=\"cs-CZ\"><b>P\u0159evodovka: <\/b><\/span><span lang=\"cs-CZ\">2st., pln\u011b automatick\u00e1<br \/>\n<\/span><span lang=\"cs-CZ\"><b>Kapacita baterie:<\/b><\/span><span lang=\"cs-CZ\"> 264 kWh (73 % vyu\u017eiteln\u00fdch)<br \/>\n<\/span><span lang=\"cs-CZ\"><b>Dob\u00edjec\u00ed v\u00fdkon:<\/b><\/span><span lang=\"cs-CZ\"> a\u017e 150 kW DC (kabel s\u00a0konektorem CCS2), a\u017e 300 kW DC (pantograf)<\/span><\/span><\/p>\n<p class=\"western\"><span style=\"font-size: medium;\"><span lang=\"cs-CZ\"><u><b>Rozm\u011bry a kapacita:<br \/>\n<\/b><\/u><\/span><span lang=\"cs-CZ\"><b>D\u00e9lka x \u0161\u00ed\u0159ka x v\u00fd\u0161ka:<\/b><\/span><span lang=\"cs-CZ\"> 12,0 x 2,55 x 3,27 m<br \/>\n<\/span><span lang=\"cs-CZ\"><b>Uspo\u0159\u00e1d\u00e1n\u00ed n\u00e1prav:<\/b><\/span><span lang=\"cs-CZ\"> 4&#215;2<br \/>\n<\/span><span lang=\"cs-CZ\"><b>Uspo\u0159\u00e1d\u00e1n\u00ed dve\u0159\u00ed: <\/b><\/span><span lang=\"cs-CZ\">2-2-2<br \/>\n<\/span><span lang=\"cs-CZ\"><b>Po\u010det m\u00edst k\u00a0sezen\u00ed:<\/b><\/span><span lang=\"cs-CZ\"> 32<br \/>\n<\/span><span lang=\"cs-CZ\"><b>Po\u010det m\u00edst k\u00a0st\u00e1n\u00ed: <\/b><\/span><span lang=\"cs-CZ\">46<br \/>\n<\/span><span lang=\"cs-CZ\"><b>Po\u010det m\u00edst pro voz\u00ed\u010dek: <\/b><\/span><span lang=\"cs-CZ\">1<\/span><\/span><\/p>\n<p class=\"western\" lang=\"cs-CZ\">\n","protected":false},"excerpt":{"rendered":"<div class=\"mh-excerpt\"><p>Dopravn\u00ed podnik \u00dast\u00ed nad Labem p\u0159evzal 16. ledna 2023 k dvoum\u011bs\u00ed\u010dn\u00edmu testov\u00e1n\u00ed \u010dist\u011b elektrick\u00fd a n\u00edzkopodla\u017en\u00ed autobus Scania Citywide LF. Firma chce z tohoto testov\u00e1n\u00ed <a class=\"mh-excerpt-more\" href=\"https:\/\/www.automakersnews.cz\/index.php\/2023\/01\/16\/usti-testuje-elektrobus-scania-citywide\/\" title=\"\u00dast\u00ed testuje elektrobus Scania Citywide\">[&#8230;]<\/a><\/p>\n<\/div>","protected":false},"author":1,"featured_media":14933,"comment_status":"open","ping_status":"open","sticky":false,"template":"","format":"standard","meta":{"footnotes":""},"categories":[22],"tags":[],"class_list":["post-14932","post","type-post","status-publish","format-standard","has-post-thumbnail","hentry","category-elektromobily"],"_links":{"self":[{"href":"https:\/\/www.automakersnews.cz\/index.php\/wp-json\/wp\/v2\/posts\/14932","targetHints":{"allow":["GET"]}}],"collection":[{"href":"https:\/\/www.automakersnews.cz\/index.php\/wp-json\/wp\/v2\/posts"}],"about":[{"href":"https:\/\/www.automakersnews.cz\/index.php\/wp-json\/wp\/v2\/types\/post"}],"author":[{"embeddable":true,"href":"https:\/\/www.automakersnews.cz\/index.php\/wp-json\/wp\/v2\/users\/1"}],"replies":[{"embeddable":true,"href":"https:\/\/www.automakersnews.cz\/index.php\/wp-json\/wp\/v2\/comments?post=14932"}],"version-history":[{"count":0,"href":"https:\/\/www.automakersnews.cz\/index.php\/wp-json\/wp\/v2\/posts\/14932\/revisions"}],"wp:featuredmedia":[{"embeddable":true,"href":"https:\/\/www.automakersnews.cz\/index.php\/wp-json\/wp\/v2\/media\/14933"}],"wp:attachment":[{"href":"https:\/\/www.automakersnews.cz\/index.php\/wp-json\/wp\/v2\/media?parent=14932"}],"wp:term":[{"taxonomy":"category","embeddable":true,"href":"https:\/\/www.automakersnews.cz\/index.php\/wp-json\/wp\/v2\/categories?post=14932"},{"taxonomy":"post_tag","embeddable":true,"href":"https:\/\/www.automakersnews.cz\/index.php\/wp-json\/wp\/v2\/tags?post=14932"}],"curies":[{"name":"wp","href":"https:\/\/api.w.org\/{rel}","templated":true}]}}