{"id":15168,"date":"2023-01-18T08:08:37","date_gmt":"2023-01-18T08:08:37","guid":{"rendered":"https:\/\/www.automakersnews.cz\/?p=15168"},"modified":"2023-01-18T08:08:37","modified_gmt":"2023-01-18T08:08:37","slug":"skoda-group-s-novou-manazerkou","status":"publish","type":"post","link":"https:\/\/www.automakersnews.cz\/index.php\/2023\/01\/18\/skoda-group-s-novou-manazerkou\/","title":{"rendered":"\u0160koda Group s novou mana\u017eerkou"},"content":{"rendered":"<p><strong>Na pozici Chief Financial Officer (CFO) \u0160koda Group se vyhoupla v lednu mana\u017eerka s v\u00edce ne\u017e 25 lety zku\u0161enost\u00ed na vedouc\u00edch pozic\u00edch zejm\u00e9na v oblasti financ\u00ed. <\/strong><!--more--><\/p>\n<p>Ve \u0160koda Group m\u00e1- Libu\u0161e Jure\u010dkov\u00e1 (59), na starosti \u0159\u00edzen\u00ed finan\u010dn\u00edch \u010dinnost\u00ed skupiny a je zodpov\u011bdn\u00e1 za finan\u010dn\u00ed pl\u00e1nov\u00e1n\u00ed a sledov\u00e1n\u00ed finan\u010dn\u00edch tok\u016f a jejich kontrolu.<\/p>\n<p><em>\u201eJsem r\u00e1d, \u017ee mohu p\u0159iv\u00edtat Libu\u0161i Jure\u010dkovou ve \u0160koda Group. Do skupiny p\u0159in\u00e1\u0161\u00ed znalosti z mezin\u00e1rodn\u00edho prost\u0159ed\u00ed, dlouholetou praxi s finan\u010dn\u00edm pl\u00e1nov\u00e1n\u00edm a reportov\u00e1n\u00edm. Jako velmi zku\u0161en\u00e1 mana\u017eerka se silnou orientac\u00ed ve finan\u010dn\u00edch z\u00e1le\u017eitostech v\u00fdznamn\u011b p\u0159isp\u011bje k definov\u00e1n\u00ed budoucnosti skupiny a jej\u00ed \u00fasp\u011b\u0161n\u00e9 transformaci,\u201c<\/em> \u0159\u00edk\u00e1 <strong>Didier Pfleger, CEO \u0160koda Group<\/strong>.<\/p>\n<p>Jure\u010dkov\u00e1 vystudovala ekonomii a finance na Vysok\u00e9 \u0161kole B\u00e1\u0148sk\u00e9 v Ostrav\u011b. Od roku 2004 p\u016fsobila 14 let ve vedouc\u00edch pozic\u00edch v oblasti financ\u00ed ve spole\u010dnosti ABB, a to jak v r\u00e1mci \u010cesk\u00e9 republiky, tak v zahrani\u010d\u00ed.<\/p>\n<p>N\u00e1sledn\u011b str\u00e1vila rok na pozici Group Controller ve spole\u010dnosti Quant Service a pot\u00e9 p\u016fsobila i jako finan\u010dn\u00ed \u0159editelka pro nefiremn\u00ed z\u00e1kazn\u00edky ve Vodafone.<\/p>\n<p>V neposledn\u00ed \u0159ad\u011b zast\u00e1vala \u010dty\u0159i a p\u016fl roku roku pozici Group Chief Financial Officer ve skupin\u011b \u010cEZ v Rumunsku.<\/p>\n<p><strong>\u00a0<\/strong><strong>\u0160koda Group<\/strong><\/p>\n<p>Mezi v\u00fdrobky \u0160koda Group pat\u0159\u00ed p\u0159edev\u0161\u00edm n\u00edzkopodla\u017en\u00ed tramvaje, elektrick\u00e9 lokomotivy, p\u0159\u00edm\u011bstsk\u00e9 vlakov\u00e9 jednotky, soupravy metra, elektrobusy a trolejbusy, ale i \u0159\u00eddic\u00ed a pohonn\u00e9 syst\u00e9my pro dopravn\u00ed syst\u00e9my. \u0160koda Group m\u00e1 v \u010cesk\u00e9 republice n\u011bkolik v\u00fdrobn\u00edch are\u00e1l\u016f a jeden tak\u00e9 ve Finsku. Obchodn\u00ed jednotky m\u00e1 pak skupina tak\u00e9 v N\u011bmecku, Ma\u010farsku a dal\u0161\u00edch zem\u00edch.<\/p>\n<p>Ve\u00a0sv\u00fdch spole\u010dnostech zam\u011bstn\u00e1v\u00e1 p\u0159es \u0161est a p\u016fl tis\u00edc lid\u00ed. Jen d\u00edky vysok\u00fdm investic\u00edm do v\u00fdzkumu a\u00a0v\u00fdvoje m\u016f\u017ee \u0160koda Group p\u0159ich\u00e1zet pravideln\u011b s\u00a0nov\u00fdmi a\u00a0modern\u00edmi produkty, kter\u00e9 si \u00fasp\u011b\u0161n\u011b nach\u00e1zej\u00ed sv\u00e9 m\u00edsto na zahrani\u010dn\u00edch trz\u00edch. Do\u00a0v\u00fdzkumu a v\u00fdvoje investovala v\u00a0roce 2021 celkem 2,08 miliardy\u00a0K\u010d.<\/p>\n","protected":false},"excerpt":{"rendered":"<div class=\"mh-excerpt\"><p>Na pozici Chief Financial Officer (CFO) \u0160koda Group se vyhoupla v lednu mana\u017eerka s v\u00edce ne\u017e 25 lety zku\u0161enost\u00ed na vedouc\u00edch pozic\u00edch zejm\u00e9na v oblasti <a class=\"mh-excerpt-more\" href=\"https:\/\/www.automakersnews.cz\/index.php\/2023\/01\/18\/skoda-group-s-novou-manazerkou\/\" title=\"\u0160koda Group s novou mana\u017eerkou\">[&#8230;]<\/a><\/p>\n<\/div>","protected":false},"author":1,"featured_media":15169,"comment_status":"open","ping_status":"open","sticky":false,"template":"","format":"standard","meta":{"footnotes":""},"categories":[52,24],"tags":[],"class_list":["post-15168","post","type-post","status-publish","format-standard","has-post-thumbnail","hentry","category-kariera","category-management"],"_links":{"self":[{"href":"https:\/\/www.automakersnews.cz\/index.php\/wp-json\/wp\/v2\/posts\/15168","targetHints":{"allow":["GET"]}}],"collection":[{"href":"https:\/\/www.automakersnews.cz\/index.php\/wp-json\/wp\/v2\/posts"}],"about":[{"href":"https:\/\/www.automakersnews.cz\/index.php\/wp-json\/wp\/v2\/types\/post"}],"author":[{"embeddable":true,"href":"https:\/\/www.automakersnews.cz\/index.php\/wp-json\/wp\/v2\/users\/1"}],"replies":[{"embeddable":true,"href":"https:\/\/www.automakersnews.cz\/index.php\/wp-json\/wp\/v2\/comments?post=15168"}],"version-history":[{"count":0,"href":"https:\/\/www.automakersnews.cz\/index.php\/wp-json\/wp\/v2\/posts\/15168\/revisions"}],"wp:featuredmedia":[{"embeddable":true,"href":"https:\/\/www.automakersnews.cz\/index.php\/wp-json\/wp\/v2\/media\/15169"}],"wp:attachment":[{"href":"https:\/\/www.automakersnews.cz\/index.php\/wp-json\/wp\/v2\/media?parent=15168"}],"wp:term":[{"taxonomy":"category","embeddable":true,"href":"https:\/\/www.automakersnews.cz\/index.php\/wp-json\/wp\/v2\/categories?post=15168"},{"taxonomy":"post_tag","embeddable":true,"href":"https:\/\/www.automakersnews.cz\/index.php\/wp-json\/wp\/v2\/tags?post=15168"}],"curies":[{"name":"wp","href":"https:\/\/api.w.org\/{rel}","templated":true}]}}