{"id":15206,"date":"2023-01-18T09:12:26","date_gmt":"2023-01-18T09:12:26","guid":{"rendered":"https:\/\/www.automakersnews.cz\/?p=15206"},"modified":"2023-01-18T10:10:16","modified_gmt":"2023-01-18T10:10:16","slug":"porsche-cr-vybrala-noveho-sefa-divize-vw","status":"publish","type":"post","link":"https:\/\/www.automakersnews.cz\/index.php\/2023\/01\/18\/porsche-cr-vybrala-noveho-sefa-divize-vw\/","title":{"rendered":"Porsche \u010cR vybrala nov\u00e9ho \u0161\u00e9fa divize VW"},"content":{"rendered":"<p><strong>Porsche \u010cR v minul\u00fdch t\u00fddnech hledala n\u00e1hradu za \u0161\u00e9fa divize Patrika Fejtka, kter\u00fd odch\u00e1z\u00ed do \u010c\u00edny. Do fin\u00e1le tendru se dostala p\u011btice kandid\u00e1t\u016f. O situaci jsme hovo\u0159ili s \u0159editelem firmy Janem Hurtem, kter\u00fd v mezidob\u00ed na\u0161el \u0159e\u0161en\u00ed.<\/strong><!--more--><\/p>\n<p>&#8222;Patrik Fejtek loni dostal v r\u00e1mci koncernu nab\u00eddku na pozici v \u010d\u00ednsk\u00e9m Volkswagenu. My jsme vypsali tendr na jeho m\u00edsto, v hled\u00e1\u010dku se ocitly des\u00edtky mana\u017eer\u016f. Mezi lednovou fin\u00e1lovou p\u011btic\u00ed byli uchaze\u010di z na\u0161\u00ed spole\u010dnosti i extern\u00ed z\u00e1jemci, v\u00fdb\u011br je\u0161t\u011b nen\u00ed ukon\u010den&#8220; popsal na\u0161emu port\u00e1lu situaci v pond\u011bl\u00ed 16. ledna \u0159editel firmy Jan Hurt.<\/p>\n<p><strong>Intern\u00ed \u0161katulata hejbejte se<br \/>\n<\/strong><\/p>\n<p>Po dvou dnech u\u017e je ale jasno. Nov\u00fdm vedouc\u00edm zna\u010dky Volkswagen osobn\u00ed vozy spole\u010dnosti Porsche \u010cesk\u00e1 republika bude od 1. b\u0159ezna 2023 Jakub \u0160ebesta, dosavadn\u00ed vedouc\u00ed zna\u010dky Volkswagen U\u017eitkov\u00e9 vozy.<\/p>\n<p>Jeho pozici p\u0159evezme Mirka Cimrov\u00e1, nyn\u00ed vedouc\u00ed programu prodeje prov\u011b\u0159en\u00fdch ojet\u00fdch voz\u016f Das WeltAuto.<\/p>\n<p><strong>Cimrovou nahrad\u00ed u DWA Kade\u010dka<\/strong><\/p>\n<p>Do veden\u00ed t\u00e9to zna\u010dky p\u0159ejde Martin Kade\u010dka, dosavadn\u00ed vedouc\u00ed prodeje osobn\u00edch voz\u016f Volkswagen. A kone\u010dn\u011b jeho roli p\u0159evezme Ji\u0159\u00ed Ritschel, dodate\u010dn\u011b ke sv\u00fdm aktu\u00e1ln\u00edm aktivit\u00e1m vedouc\u00edho produktov\u00e9ho managementu zna\u010dky Volkswagen osobn\u00ed vozy.<\/p>\n<figure id=\"attachment_10169\" aria-describedby=\"caption-attachment-10169\" style=\"width: 1024px\" class=\"wp-caption alignnone\"><img loading=\"lazy\" decoding=\"async\" class=\"size-large wp-image-10169\" src=\"http:\/\/www.automakersnews.cz\/wp-content\/uploads\/2022\/12\/Fejtek-Patrik-Katr-2022-1024x768.jpg\" alt=\"\" width=\"1024\" height=\"768\" \/><figcaption id=\"caption-attachment-10169\" class=\"wp-caption-text\">S Patrikem Fejtkem jsme probrali jeho nov\u00e9 anga\u017em\u00e1 na v\u00e1no\u010dn\u00edm posezen\u00ed v pra\u017esk\u00e9m Katru<\/figcaption><\/figure>\n<p><strong>Fejtek bal\u00ed kufry do \u010c\u00edny<\/strong><\/p>\n<p>Velkou person\u00e1ln\u00ed zm\u011bnu u nejv\u011bt\u0161\u00edho import\u00e9ra osobn\u00edch a u\u017eitkov\u00fdch voz\u016f odstartoval ohl\u00e1\u0161en\u00fd odchod Patrika Fejtka, dosavadn\u00edho vedouc\u00edho zna\u010dky Volkswagen osobn\u00ed vozy, do \u010c\u00edny, kde p\u0159evezme pozici Vice President FBU Sales Audi China. Pr\u00e1v\u011b v\u00a0\u010c\u00edn\u011b ji\u017e Patrik Fejtek p\u0159ed sv\u00fdm n\u00e1vratem do Porsche \u010cesk\u00e1 republika del\u0161\u00ed dobu p\u016fsobil, naposledy na pozici vedouc\u00edho prodeje zna\u010dky \u0160koda.<\/p>\n<p>\u201eD\u011bkuji Patriku Fejtkovi za veden\u00ed zna\u010dky Volkswagen v\u00a0t\u011b\u017ek\u00fdch \u010dasech covidu, \u010dipov\u00e9 krize a nyn\u00ed v\u00e1lky na Ukrajin\u011b,\u201c \u0159\u00edk\u00e1 Jan Hurt, gener\u00e1ln\u00ed \u0159editel Porsche \u010cesk\u00e1 republika.<\/p>\n<p>\u201ePatrik Fejtek spolu se sv\u00fdm t\u00fdmem dok\u00e1zal nejen \u00fasp\u011b\u0161n\u011b zvl\u00e1dnout tyto bezprecedentn\u00ed v\u00fdzvy, ale z\u00e1rove\u0148 v\u00fdznamn\u011b p\u0159isp\u011bt v\u00a0transformaci zna\u010dky Volkswagen na \u010desk\u00e9m trhu sm\u011brem k\u00a0bezemisn\u00ed mobilit\u011b. Jsem z\u00e1rove\u0148 velmi r\u00e1d, \u017ee se n\u00e1m poda\u0159ilo nov\u011b obsadit kl\u00ed\u010dov\u00e9 mana\u017eersk\u00e9 pozice z\u00a0intern\u00edch spolupracovn\u00edk\u016f v\u00a0r\u00e1mci Porsche \u010cesk\u00e1 republika. Sv\u011bd\u010d\u00ed to nejen o profesionalit\u011b a vynikaj\u00edc\u00edch schopnostech na\u0161ich mana\u017eer\u016f, ale tak\u00e9 o d\u016fv\u011b\u0159e mate\u0159sk\u00e9ho holdingu Porsche Salzburg v\u00a0n\u00e1\u0161 t\u00fdm,\u201c dod\u00e1v\u00e1 Jan Hurt.<\/p>\n<p>Jakub \u0160ebesta pracuje v\u00a0Porsche \u010cesk\u00e1 republika ji\u017e v\u00edce ne\u017e deset let, z\u00a0toho posledn\u00edch \u0161est let vedl zna\u010dku Volkswagen U\u017eitkov\u00e9 vozy.<\/p>\n<p>Mirka Cimrov\u00e1 p\u016fsob\u00ed u import\u00e9ra koncernov\u00fdch vozidel od roku 2004. B\u011bhem t\u00e9to doby mj. vedla odd\u011blen\u00ed Business Services a posledn\u00ed dva roky stoj\u00ed v\u00a0\u010dele zna\u010dky Das WeltAuto.<\/p>\n<p>Martin Kade\u010dka od roku 2018 vede v\u00a0Porsche \u010cesk\u00e1 republika prodej osobn\u00edch voz\u016f Volkswagen, p\u0159edt\u00edm p\u016fsobil na obdobn\u00e9 pozici ve spole\u010dnosti Auto Jarov.<\/p>\n<p>Ji\u0159\u00ed Ritschel, nyn\u011bj\u0161\u00ed vedouc\u00ed produktov\u00e9ho managementu, pl\u00e1nov\u00e1n\u00ed a logistiky zna\u010dky Volkswagen osobn\u00ed vozy, p\u016fsob\u00ed s\u00a0krat\u0161\u00ed p\u0159est\u00e1vkou u jin\u00e9 zna\u010dky v Porsche \u010cesk\u00e1 republika od roku 2014, kdy ukon\u010dil vysoko\u0161kolsk\u00e1 studia.<\/p>\n<figure id=\"attachment_15209\" aria-describedby=\"caption-attachment-15209\" style=\"width: 683px\" class=\"wp-caption alignnone\"><img loading=\"lazy\" decoding=\"async\" class=\"size-large wp-image-15209\" src=\"http:\/\/www.automakersnews.cz\/wp-content\/uploads\/2023\/01\/Jiri-Ritschel-683x1024.jpg\" alt=\"\" width=\"683\" height=\"1024\" srcset=\"https:\/\/www.automakersnews.cz\/wp-content\/uploads\/2023\/01\/Jiri-Ritschel-683x1024.jpg 683w, https:\/\/www.automakersnews.cz\/wp-content\/uploads\/2023\/01\/Jiri-Ritschel-200x300.jpg 200w, https:\/\/www.automakersnews.cz\/wp-content\/uploads\/2023\/01\/Jiri-Ritschel-768x1152.jpg 768w, https:\/\/www.automakersnews.cz\/wp-content\/uploads\/2023\/01\/Jiri-Ritschel.jpg 900w\" sizes=\"auto, (max-width: 683px) 100vw, 683px\" \/><figcaption id=\"caption-attachment-15209\" class=\"wp-caption-text\">Ji\u0159\u00ed Ritschel<\/figcaption><\/figure>\n<p>&nbsp;<\/p>\n","protected":false},"excerpt":{"rendered":"<div class=\"mh-excerpt\"><p>Porsche \u010cR v minul\u00fdch t\u00fddnech hledala n\u00e1hradu za \u0161\u00e9fa divize Patrika Fejtka, kter\u00fd odch\u00e1z\u00ed do \u010c\u00edny. Do fin\u00e1le tendru se dostala p\u011btice kandid\u00e1t\u016f. O situaci <a class=\"mh-excerpt-more\" href=\"https:\/\/www.automakersnews.cz\/index.php\/2023\/01\/18\/porsche-cr-vybrala-noveho-sefa-divize-vw\/\" title=\"Porsche \u010cR vybrala nov\u00e9ho \u0161\u00e9fa divize VW\">[&#8230;]<\/a><\/p>\n<\/div>","protected":false},"author":1,"featured_media":8852,"comment_status":"open","ping_status":"open","sticky":false,"template":"","format":"standard","meta":{"footnotes":""},"categories":[37,24],"tags":[],"class_list":["post-15206","post","type-post","status-publish","format-standard","has-post-thumbnail","hentry","category-importeri","category-management"],"_links":{"self":[{"href":"https:\/\/www.automakersnews.cz\/index.php\/wp-json\/wp\/v2\/posts\/15206","targetHints":{"allow":["GET"]}}],"collection":[{"href":"https:\/\/www.automakersnews.cz\/index.php\/wp-json\/wp\/v2\/posts"}],"about":[{"href":"https:\/\/www.automakersnews.cz\/index.php\/wp-json\/wp\/v2\/types\/post"}],"author":[{"embeddable":true,"href":"https:\/\/www.automakersnews.cz\/index.php\/wp-json\/wp\/v2\/users\/1"}],"replies":[{"embeddable":true,"href":"https:\/\/www.automakersnews.cz\/index.php\/wp-json\/wp\/v2\/comments?post=15206"}],"version-history":[{"count":0,"href":"https:\/\/www.automakersnews.cz\/index.php\/wp-json\/wp\/v2\/posts\/15206\/revisions"}],"wp:featuredmedia":[{"embeddable":true,"href":"https:\/\/www.automakersnews.cz\/index.php\/wp-json\/wp\/v2\/media\/8852"}],"wp:attachment":[{"href":"https:\/\/www.automakersnews.cz\/index.php\/wp-json\/wp\/v2\/media?parent=15206"}],"wp:term":[{"taxonomy":"category","embeddable":true,"href":"https:\/\/www.automakersnews.cz\/index.php\/wp-json\/wp\/v2\/categories?post=15206"},{"taxonomy":"post_tag","embeddable":true,"href":"https:\/\/www.automakersnews.cz\/index.php\/wp-json\/wp\/v2\/tags?post=15206"}],"curies":[{"name":"wp","href":"https:\/\/api.w.org\/{rel}","templated":true}]}}